{"id":104062,"date":"2025-05-15T16:31:47","date_gmt":"2025-05-15T14:31:47","guid":{"rendered":"https:\/\/econostrum.info\/suisse\/?p=104062"},"modified":"2025-05-15T16:31:49","modified_gmt":"2025-05-15T14:31:49","slug":"deux-communes-valaisannes-pretes-a-ne-faire-quune","status":"publish","type":"post","link":"https:\/\/econostrum.info\/suisse\/deux-communes-valaisannes-pretes-a-ne-faire-quune\/","title":{"rendered":"Ces deux communes valaisannes pr\u00eates \u00e0 ne faire qu\u2019une"},"content":{"rendered":"\n<p>Les communes valaisannes de Vernayaz et Martigny entament un processus de rapprochement qui pourrait d\u00e9boucher sur une fusion d&rsquo;ici 2029. Une \u00e9tude sera lanc\u00e9e cet \u00e9t\u00e9, avec une votation populaire pr\u00e9vue d\u00e9but 2027 si le projet avance sans obstacle, rapporte <em><a href=\"https:\/\/www.watson.ch\/fr\/suisse\/valais\/334170793-vernayaz-et-martigny-pourraient-fusionner\" target=\"_blank\" rel=\"noopener\">Watson<\/a><\/em>.<\/p>\n\n\n\n<p>Le Conseil communal de Vernayaz pr\u00e9sentera le projet \u00e0 sa population le 2 juin, tandis que Martigny en d\u00e9battra au sein de son Conseil g\u00e9n\u00e9ral d\u00e8s le 27 mai. Cette initiative intervient dans un contexte de r\u00e9flexion sur l\u2019organisation communale en<a href=\"https:\/\/econostrum.info\/suisse\/le-valais-5-meilleures-destinations-2025\/\" data-type=\"post\" data-id=\"4622\"> Valais<\/a>.<\/p>\n\n\n\n<h2 class=\"wp-block-heading\">Un rapprochement soutenu par la population de Vernayaz<\/h2>\n\n\n\n<p>En 2019, un sondage conduit par la HES-SO Valais-Wallis avait r\u00e9v\u00e9l\u00e9 que 67 % des habitants de Vernayaz \u00e9taient plut\u00f4t favorables \u00e0 une fusion, et 87 % l\u2019envisageaient dans un d\u00e9lai de cinq \u00e0 dix ans. Martigny ressortait alors comme le partenaire privil\u00e9gi\u00e9 pour 73 % des sond\u00e9s. La pr\u00e9sidente de Vernayaz, St\u00e9phanie Revaz Martignoni, a rappel\u00e9 que cette enqu\u00eate avait constitu\u00e9 un point de d\u00e9part solide pour engager la r\u00e9flexion.<\/p>\n\n\n\n<p>Une \u00e9tude pr\u00e9liminaire, r\u00e9alis\u00e9e par un bureau sp\u00e9cialis\u00e9, a compar\u00e9 trois options : un regroupement avec les communes de plaine environnantes, celles de la vall\u00e9e du Trient ou Martigny. Cette derni\u00e8re a \u00e9t\u00e9 pl\u00e9biscit\u00e9e par les autorit\u00e9s de Vernayaz. Selon le m\u00e9dia helv\u00e9tique, la commune ne conna\u00eet pas de difficult\u00e9s financi\u00e8res et b\u00e9n\u00e9ficie d\u2019une dotation confortable issue des concessions, ce qui renforce sa capacit\u00e9 \u00e0 envisager une fusion.<\/p>\n\n\n\n<h2 class=\"wp-block-heading\">Une ouverture mesur\u00e9e du c\u00f4t\u00e9 de Martigny<\/h2>\n\n\n\n<p>Martigny, bien qu\u2019elle ne cherche pas activement \u00e0 s\u2019agrandir, ne ferme pas la porte aux projets de fusion. La pr\u00e9sidente de la ville, Anne-Laure Couchepin Vouilloz, a d\u00e9clar\u00e9 \u00e0 watson.ch que la commune reste ouverte aux possibilit\u00e9s de rapprochement, comme ce fut le cas pr\u00e9c\u00e9demment avec Charrat.<\/p>\n\n\n\n<p>Les relations existantes entre les deux communes, notamment dans les domaines de l\u2019\u00e9ducation et de la gestion de l\u2019eau, facilitent ce dialogue. Ce socle de coop\u00e9ration ant\u00e9rieure pourrait ainsi servir de tremplin pour approfondir les liens et \u00e9tudier une future fusion sur des bases d\u00e9j\u00e0 exp\u00e9riment\u00e9es.<\/p>\n\n\n\n<h2 class=\"wp-block-heading\">Un calendrier d\u00e9fini et une volont\u00e9 d\u2019associer la population<\/h2>\n\n\n\n<p>La d\u00e9marche pr\u00e9voit le lancement d\u2019une \u00e9tude de fusion \u00e0 partir de l\u2019\u00e9t\u00e9 2025. Le processus int\u00e9grera les habitants des deux communes, condition essentielle pour les autorit\u00e9s de Vernayaz. St\u00e9phanie Revaz Martignoni a soulign\u00e9 que l\u2019ensemble du Conseil communal soutient la d\u00e9marche, mais ne souhaite pas l\u2019imposer sans une implication citoyenne.<\/p>\n\n\n\n<p>Si le calendrier est respect\u00e9 et que les deux communes votent en faveur du projet d\u00e9but 2027, la fusion pourrait devenir effective le 1er janvier 2029. Elle entra\u00eenerait une modification territoriale des districts de Martigny et de Saint-Maurice, soumise \u00e0 la validation du Grand Conseil valaisan.<\/p>\n","protected":false},"excerpt":{"rendered":"<p>Vernayaz et Martigny lancent une \u00e9tude pour une possible fusion d&rsquo;ici 2029, avec une votation populaire pr\u00e9vue d\u00e9but 2027 dans les deux communes.<\/p>\n","protected":false},"author":37,"featured_media":104075,"comment_status":"open","ping_status":"closed","sticky":false,"template":"","format":"standard","meta":{"footnotes":""},"categories":[1],"tags":[],"class_list":["post-104062","post","type-post","status-publish","format-standard","has-post-thumbnail","hentry","category-economie","generate-columns","tablet-grid-50","mobile-grid-100","grid-parent","grid-33","no-featured-image-padding"],"_links":{"self":[{"href":"https:\/\/econostrum.info\/suisse\/wp-json\/wp\/v2\/posts\/104062","targetHints":{"allow":["GET"]}}],"collection":[{"href":"https:\/\/econostrum.info\/suisse\/wp-json\/wp\/v2\/posts"}],"about":[{"href":"https:\/\/econostrum.info\/suisse\/wp-json\/wp\/v2\/types\/post"}],"author":[{"embeddable":true,"href":"https:\/\/econostrum.info\/suisse\/wp-json\/wp\/v2\/users\/37"}],"replies":[{"embeddable":true,"href":"https:\/\/econostrum.info\/suisse\/wp-json\/wp\/v2\/comments?post=104062"}],"version-history":[{"count":0,"href":"https:\/\/econostrum.info\/suisse\/wp-json\/wp\/v2\/posts\/104062\/revisions"}],"wp:featuredmedia":[{"embeddable":true,"href":"https:\/\/econostrum.info\/suisse\/wp-json\/wp\/v2\/media\/104075"}],"wp:attachment":[{"href":"https:\/\/econostrum.info\/suisse\/wp-json\/wp\/v2\/media?parent=104062"}],"wp:term":[{"taxonomy":"category","embeddable":true,"href":"https:\/\/econostrum.info\/suisse\/wp-json\/wp\/v2\/categories?post=104062"},{"taxonomy":"post_tag","embeddable":true,"href":"https:\/\/econostrum.info\/suisse\/wp-json\/wp\/v2\/tags?post=104062"}],"curies":[{"name":"wp","href":"https:\/\/api.w.org\/{rel}","templated":true}]}}