{"id":103962,"date":"2025-05-12T16:25:51","date_gmt":"2025-05-12T14:25:51","guid":{"rendered":"https:\/\/econostrum.info\/suisse\/?p=103962"},"modified":"2025-05-12T16:25:53","modified_gmt":"2025-05-12T14:25:53","slug":"suisse-gagner-accord-washington-pekin","status":"publish","type":"post","link":"https:\/\/econostrum.info\/suisse\/suisse-gagner-accord-washington-pekin\/","title":{"rendered":"Ce que la Suisse pourrait gagner de l\u2019accord entre Washington et P\u00e9kin"},"content":{"rendered":"\n<p>Les n\u00e9gociations entre les deux plus grandes \u00e9conomies mondiales ont eu lieu dans un contexte de tensions prolong\u00e9es, marqu\u00e9es par l\u2019instauration de tarifs douaniers punitifs par les \u00c9tats-Unis. Ces \u00e9changes, tenus \u00e0 Gen\u00e8ve, interviennent \u00e0 un moment strat\u00e9gique, entre une visite de Xi Jinping \u00e0 Moscou et un d\u00e9placement imminent de Donald Trump en Arabie saoudite.<\/p>\n\n\n\n<p>La Conf\u00e9d\u00e9ration helv\u00e9tique, par son r\u00f4le d\u2019h\u00f4te et les relations personnelles \u00e9tablies entre ses repr\u00e9sentants et les n\u00e9gociateurs am\u00e9ricains, semble bien positionn\u00e9e pour tirer avantage de cette s\u00e9quence diplomatique. Karin Keller-Sutter, actuelle pr\u00e9sidente de la Conf\u00e9d\u00e9ration, a jou\u00e9 un r\u00f4le discret mais central dans l\u2019accueil des d\u00e9l\u00e9gations.<\/p>\n\n\n\n<h2 class=\"wp-block-heading\">Un accord annonc\u00e9 apr\u00e8s une escalade commerciale brutale<\/h2>\n\n\n\n<p>Le secr\u00e9taire am\u00e9ricain au Tr\u00e9sor Scott Bessent a annonc\u00e9 dimanche soir \u00e0 Gen\u00e8ve que des \u00ab <em>progr\u00e8s substantiels<\/em> \u00bb avaient \u00e9t\u00e9 r\u00e9alis\u00e9s avec la Chine. Ces propos, relay\u00e9s par <em><a href=\"https:\/\/www.blick.ch\/fr\/monde\/details-annonces-lundi-comment-la-suisse-va-profiter-du-deal-entre-trump-et-la-chine-id20860179.html\" target=\"_blank\" rel=\"noopener\">Blick<\/a><\/em>, font suite \u00e0 une s\u00e9rie de mesures tarifaires d\u00e9cid\u00e9es par Donald Trump le 2 avril, notamment des droits de douane de 145 % sur les importations chinoises, qui ont presque stopp\u00e9 les \u00e9changes commerciaux entre les deux pays, \u00e9valu\u00e9s \u00e0 600 milliards de dollars par an. <\/p>\n\n\n\n<p>Le Wall Street Journal a soulign\u00e9 que cet accord est survenu plus t\u00f4t que pr\u00e9vu par la majorit\u00e9 des observateurs \u00e9conomiques. La Maison Blanche a rapidement diffus\u00e9 un communiqu\u00e9 confirmant un accord commercial \u00e0 Gen\u00e8ve, juste apr\u00e8s la fin des discussions entre la d\u00e9l\u00e9gation am\u00e9ricaine dirig\u00e9e par Scott Bessent et Jamieson Greer, et la d\u00e9l\u00e9gation chinoise men\u00e9e par le vice-Premier ministre He Lifeng.<\/p>\n\n\n\n<h2 class=\"wp-block-heading\">La Suisse reconnue comme un facilitateur discret mais influent<\/h2>\n\n\n\n<p>Les \u00c9tats-Unis ont exprim\u00e9 leur gratitude \u00e0 la Suisse pour son accueil des pourparlers dans la r\u00e9sidence de l\u2019ambassadeur suisse aupr\u00e8s des Nations unies \u00e0 Gen\u00e8ve. Scott Bessent a remerci\u00e9 la Conf\u00e9d\u00e9ration d\u00e8s la fin des n\u00e9gociations, saluant un cadre qui aurait favoris\u00e9 \u00ab<em> une grande partie de la productivit\u00e9 <\/em>\u00bb. <\/p>\n\n\n\n<p>Cette reconnaissance s\u2019est prolong\u00e9e dans le communiqu\u00e9 officiel de la pr\u00e9sidence am\u00e9ricaine. Karin Keller-Sutter a re\u00e7u les deux d\u00e9l\u00e9gations, en parall\u00e8le des discussions. Elle avait aussi rencontr\u00e9 Scott Bessent \u00e0 Washington le 25 avril, en compagnie de Guy Parmelin. <\/p>\n\n\n\n<p>Cette proximit\u00e9 diplomatique pourrait s\u2019av\u00e9rer b\u00e9n\u00e9fique, d\u2019autant que l\u2019augmentation de 31 % des droits de douane sur les produits suisses annonc\u00e9e par Trump d\u00e9but avril pourrait d\u00e9sormais \u00eatre r\u00e9vis\u00e9e.<\/p>\n\n\n\n<h2 class=\"wp-block-heading\">Une position favorable pour la Suisse face aux rivalit\u00e9s transatlantiques<\/h2>\n\n\n\n<p>La s\u00e9quence diplomatique joue en faveur de la Suisse. Le 8 mai, un accord a \u00e9t\u00e9 trouv\u00e9 entre les \u00c9tats-Unis et le Royaume-Uni, permettant \u00e0 Londres d\u2019\u00e9viter une hausse des tarifs douaniers am\u00e9ricains, notamment sur les automobiles, en \u00e9change d\u2019une ouverture aux produits agricoles am\u00e9ricains. <\/p>\n\n\n\n<p>Cette approche bilat\u00e9rale laisse entrevoir une \u00e9ventuelle initiative similaire avec Berne. Selon un diplomate europ\u00e9en cit\u00e9 par le m\u00e9dia helv\u00e9tique, \u00ab<em> un deal prochain avec la Suisse<\/em> \u00bb pourrait \u00eatre mis en sc\u00e8ne par Trump, dans une logique de pression envers la Commission europ\u00e9enne. <\/p>\n\n\n\n<p>Le nouveau chancelier allemand Friedrich Merz a affirm\u00e9 qu\u2019aucun accord parall\u00e8le ne serait envisag\u00e9 tant qu\u2019une proposition globale ne serait pas pr\u00e9sent\u00e9e \u00e0 Bruxelles. <\/p>\n\n\n\n<p>L\u2019Union europ\u00e9enne a \u00e9galement pr\u00e9vu de riposter aux mesures am\u00e9ricaines par des contre-tarifs si aucun compromis n\u2019est trouv\u00e9. L\u2019UE envisage par ailleurs d\u2019activer une proc\u00e9dure devant l\u2019Organisation mondiale du commerce, dont le si\u00e8ge se trouve \u00e0 Gen\u00e8ve. <\/p>\n\n\n\n<p>La Suisse, avec ses<a href=\"https:\/\/econostrum.info\/suisse\/suisse-envisage-milliards-investissements-en-reponse-trump\/\" data-type=\"post\" data-id=\"102760\"> investissements de 350 milliards de dollars aux \u00c9tats-Unis<\/a>, repr\u00e9sentant environ 400 000 emplois et un exc\u00e9dent commercial annuel de 40 milliards de francs, reste un acteur de poids dans ce jeu diplomatique tendu.<\/p>\n","protected":false},"excerpt":{"rendered":"<p>\u00c0 Gen\u00e8ve, \u00c9tats-Unis et Chine ont annonc\u00e9 une avanc\u00e9e majeure. La Suisse, h\u00f4te des pourparlers, a \u00e9t\u00e9 salu\u00e9e par Washington.<\/p>\n","protected":false},"author":37,"featured_media":103965,"comment_status":"open","ping_status":"closed","sticky":false,"template":"","format":"standard","meta":{"footnotes":""},"categories":[1],"tags":[],"class_list":["post-103962","post","type-post","status-publish","format-standard","has-post-thumbnail","hentry","category-economie","generate-columns","tablet-grid-50","mobile-grid-100","grid-parent","grid-33","no-featured-image-padding"],"_links":{"self":[{"href":"https:\/\/econostrum.info\/suisse\/wp-json\/wp\/v2\/posts\/103962","targetHints":{"allow":["GET"]}}],"collection":[{"href":"https:\/\/econostrum.info\/suisse\/wp-json\/wp\/v2\/posts"}],"about":[{"href":"https:\/\/econostrum.info\/suisse\/wp-json\/wp\/v2\/types\/post"}],"author":[{"embeddable":true,"href":"https:\/\/econostrum.info\/suisse\/wp-json\/wp\/v2\/users\/37"}],"replies":[{"embeddable":true,"href":"https:\/\/econostrum.info\/suisse\/wp-json\/wp\/v2\/comments?post=103962"}],"version-history":[{"count":0,"href":"https:\/\/econostrum.info\/suisse\/wp-json\/wp\/v2\/posts\/103962\/revisions"}],"wp:featuredmedia":[{"embeddable":true,"href":"https:\/\/econostrum.info\/suisse\/wp-json\/wp\/v2\/media\/103965"}],"wp:attachment":[{"href":"https:\/\/econostrum.info\/suisse\/wp-json\/wp\/v2\/media?parent=103962"}],"wp:term":[{"taxonomy":"category","embeddable":true,"href":"https:\/\/econostrum.info\/suisse\/wp-json\/wp\/v2\/categories?post=103962"},{"taxonomy":"post_tag","embeddable":true,"href":"https:\/\/econostrum.info\/suisse\/wp-json\/wp\/v2\/tags?post=103962"}],"curies":[{"name":"wp","href":"https:\/\/api.w.org\/{rel}","templated":true}]}}