{"id":103937,"date":"2025-05-11T15:39:00","date_gmt":"2025-05-11T13:39:00","guid":{"rendered":"https:\/\/econostrum.info\/suisse\/?p=103937"},"modified":"2025-05-11T14:33:12","modified_gmt":"2025-05-11T12:33:12","slug":"petit-pays-alpin-3e-partenaire-commercial-suisse","status":"publish","type":"post","link":"https:\/\/econostrum.info\/suisse\/petit-pays-alpin-3e-partenaire-commercial-suisse\/","title":{"rendered":"Ce petit pays alpin devient le 3e partenaire commercial de la Suisse"},"content":{"rendered":"\n<p>La Slov\u00e9nie, avec sa population modeste de deux millions d&rsquo;habitants et son \u00e9conomie d&rsquo;environ 70 milliards de dollars, \u00e9tait encore un partenaire mineur de la Suisse il y a une dizaine d&rsquo;ann\u00e9es.<\/p>\n\n\n\n<p>Aujourd\u2019hui, les \u00e9changes bilat\u00e9raux entre les deux pays ont franchi le seuil des 44 milliards de francs en 2024, un bond de plus de 60 % par rapport \u00e0 l\u2019ann\u00e9e pr\u00e9c\u00e9dente. Ce d\u00e9veloppement rapide et inattendu est \u00e9troitement li\u00e9 \u00e0 l\u2019industrie pharmaceutique, avec des g\u00e9ants comme Novartis qui jouent un r\u00f4le central dans cette explosion des \u00e9changes commerciaux, rapporte <a href=\"https:\/\/www.blick.ch\/fr\/suisse\/slovenie-le-commerce-suisse-explose-avec-ce-petit-pays-id20854526.html\" target=\"_blank\" rel=\"noopener\"><em>Blick<\/em><\/a>.<\/p>\n\n\n\n<h2 class=\"wp-block-heading\">La Slov\u00e9nie, un g\u00e9ant dans l&rsquo;industrie pharmaceutique<\/h2>\n\n\n\n<p>Le secteur pharmaceutique repr\u00e9sente pr\u00e8s de la totalit\u00e9 des \u00e9changes commerciaux entre la Suisse et la Slov\u00e9nie. En 2024, les exportations suisses vers la Slov\u00e9nie \u00e9taient constitu\u00e9es \u00e0 99 % de produits pharmaceutiques, et les importations en provenance de ce pays \u00e9taient de 97 % de la m\u00eame nature, selon l&rsquo;Office f\u00e9d\u00e9ral des douanes et de la s\u00e9curit\u00e9 des fronti\u00e8res (OFDF). <\/p>\n\n\n\n<p>L\u2019histoire de cette relation commerciale s\u2019est construite autour de l\u2019acquisition par Novartis, en 2002, de la soci\u00e9t\u00e9 slov\u00e8ne Lek pour 1,3 milliard de francs. Depuis,<a href=\"https:\/\/econostrum.info\/suisse\/novartis-acquisition-anthos-therapeutics\/\" data-type=\"post\" data-id=\"101165\"> Novartis<\/a> n\u2019a cess\u00e9 d\u2019investir dans cette filiale, et sa branche de g\u00e9n\u00e9riques, Sandoz, r\u00e9cemment devenue ind\u00e9pendante, a consolid\u00e9 le r\u00f4le de la Slov\u00e9nie dans la production de m\u00e9dicaments g\u00e9n\u00e9riques de renomm\u00e9e mondiale. Cette situation a permis \u00e0 la Slov\u00e9nie de se transformer en un acteur majeur dans ce secteur \u00e0 l\u2019\u00e9chelle internationale.<\/p>\n\n\n\n<h2 class=\"wp-block-heading\">Le r\u00f4le strat\u00e9gique des entreprises suisses<\/h2>\n\n\n\n<p>Les entreprises suisses ont largement contribu\u00e9 \u00e0 cette dynamique, renfor\u00e7ant ainsi la place de la Slov\u00e9nie dans les \u00e9changes commerciaux. En particulier, le logisticien K\u00fchne+Nagel, bas\u00e9 \u00e0 Schindellegi, a ouvert un centre de traitement pharmaceutique pr\u00e8s de l\u2019a\u00e9roport de Ljubljana. <\/p>\n\n\n\n<p>Ce centre facilite les \u00e9changes intra-europ\u00e9ens et internationaux, permettant de r\u00e9exporter les produits fabriqu\u00e9s en Slov\u00e9nie vers d&rsquo;autres march\u00e9s, principalement ceux de l\u2019Union europ\u00e9enne et des \u00c9tats-Unis.<\/p>\n\n\n\n<p>L\u2019infrastructure logistique en Slov\u00e9nie, \u00e0 proximit\u00e9 d\u2019un des principaux hubs europ\u00e9ens, en fait un point n\u00e9vralgique pour la distribution de m\u00e9dicaments. La Slov\u00e9nie devient ainsi une plaque tournante pour le transit de produits pharmaceutiques, renfor\u00e7ant son r\u00f4le strat\u00e9gique pour les entreprises suisses op\u00e9rant \u00e0 l&rsquo;international.<\/p>\n\n\n\n<h2 class=\"wp-block-heading\">Les effets des politiques commerciales internationales<\/h2>\n\n\n\n<p>L\u2019explosion des \u00e9changes entre la Suisse et la Slov\u00e9nie ne s&rsquo;explique pas uniquement par des facteurs internes. Les politiques commerciales mondiales, notamment les droits de douane am\u00e9ricains, ont accentu\u00e9 la tendance. <\/p>\n\n\n\n<p>La politique protectionniste de l\u2019ancien pr\u00e9sident am\u00e9ricain Donald Trump, avec l\u2019imposition de droits de douane sur les produits pharmaceutiques, a pouss\u00e9 les entreprises suisses \u00e0 chercher des alternatives pour maintenir leur comp\u00e9titivit\u00e9.<\/p>\n\n\n\n<p>Dans ce contexte, la Slov\u00e9nie, membre stable de l\u2019Union europ\u00e9enne, repr\u00e9sente une solution strat\u00e9gique pour les g\u00e9ants pharmaceutiques suisses, permettant de contourner les tarifs am\u00e9ricains tout en b\u00e9n\u00e9ficiant des avantages de la libre circulation des biens au sein de l&rsquo;UE. Ce ph\u00e9nom\u00e8ne pourrait encore renforcer la position de la Slov\u00e9nie en tant que partenaire commercial incontournable pour la Suisse.<\/p>\n\n\n\n<p><\/p>\n","protected":false},"excerpt":{"rendered":"<p>La Slov\u00e9nie est devenue le troisi\u00e8me partenaire commercial de la Suisse, principalement gr\u00e2ce \u00e0 l&rsquo;essor du secteur pharmaceutique.<\/p>\n","protected":false},"author":37,"featured_media":103938,"comment_status":"open","ping_status":"closed","sticky":false,"template":"","format":"standard","meta":{"footnotes":""},"categories":[1],"tags":[],"class_list":["post-103937","post","type-post","status-publish","format-standard","has-post-thumbnail","hentry","category-economie","generate-columns","tablet-grid-50","mobile-grid-100","grid-parent","grid-33","no-featured-image-padding"],"_links":{"self":[{"href":"https:\/\/econostrum.info\/suisse\/wp-json\/wp\/v2\/posts\/103937","targetHints":{"allow":["GET"]}}],"collection":[{"href":"https:\/\/econostrum.info\/suisse\/wp-json\/wp\/v2\/posts"}],"about":[{"href":"https:\/\/econostrum.info\/suisse\/wp-json\/wp\/v2\/types\/post"}],"author":[{"embeddable":true,"href":"https:\/\/econostrum.info\/suisse\/wp-json\/wp\/v2\/users\/37"}],"replies":[{"embeddable":true,"href":"https:\/\/econostrum.info\/suisse\/wp-json\/wp\/v2\/comments?post=103937"}],"version-history":[{"count":0,"href":"https:\/\/econostrum.info\/suisse\/wp-json\/wp\/v2\/posts\/103937\/revisions"}],"wp:featuredmedia":[{"embeddable":true,"href":"https:\/\/econostrum.info\/suisse\/wp-json\/wp\/v2\/media\/103938"}],"wp:attachment":[{"href":"https:\/\/econostrum.info\/suisse\/wp-json\/wp\/v2\/media?parent=103937"}],"wp:term":[{"taxonomy":"category","embeddable":true,"href":"https:\/\/econostrum.info\/suisse\/wp-json\/wp\/v2\/categories?post=103937"},{"taxonomy":"post_tag","embeddable":true,"href":"https:\/\/econostrum.info\/suisse\/wp-json\/wp\/v2\/tags?post=103937"}],"curies":[{"name":"wp","href":"https:\/\/api.w.org\/{rel}","templated":true}]}}