{"id":103933,"date":"2025-05-12T13:26:19","date_gmt":"2025-05-12T11:26:19","guid":{"rendered":"https:\/\/econostrum.info\/suisse\/?p=103933"},"modified":"2025-05-12T13:26:21","modified_gmt":"2025-05-12T11:26:21","slug":"etats-unis-attendent-200-milliards-investissements-suisses","status":"publish","type":"post","link":"https:\/\/econostrum.info\/suisse\/etats-unis-attendent-200-milliards-investissements-suisses\/","title":{"rendered":"Les Am\u00e9ricains veulent boucler un accord \u00e9conomique g\u00e9ant avec la Suisse"},"content":{"rendered":"\n<p>Les discussions bilat\u00e9rales entre les deux pays s\u2019acc\u00e9l\u00e8rent, port\u00e9es par une volont\u00e9 commune d\u2019enclencher une nouvelle phase \u00e9conomique. L\u2019enjeu : un engagement des entreprises suisses \u00e0 investir entre 150 et 200 milliards de francs aux \u00c9tats-Unis.<\/p>\n\n\n\n<p>La rencontre \u00e0 Gen\u00e8ve entre les responsables politiques suisses et am\u00e9ricains a pos\u00e9 les fondations d\u2019un rapprochement \u00e9conomique d\u2019ampleur. Le secr\u00e9taire am\u00e9ricain au Tr\u00e9sor, Scott Bessent, se montre press\u00e9 de conclure et attend une r\u00e9ponse concr\u00e8te de la Suisse d\u2019ici quelques jours.<\/p>\n\n\n\n<h2 class=\"wp-block-heading\">Des investissements helv\u00e9tiques attendus \u00e0 hauteur de 200 milliards<\/h2>\n\n\n\n<p>Selon Scott Bessent, secr\u00e9taire am\u00e9ricain au Tr\u00e9sor, les entreprises suisses envisagent de placer entre 150 et 200 milliards de francs aux \u00c9tats-Unis. Selon <em><a href=\"https:\/\/www.blick.ch\/fr\/news\/negociations-a-geneve-les-usa-sattendent-a-des-investissements-suisses-de-150-a-200-milliards-id20856709.html\" target=\"_blank\" rel=\"noopener\">Blick<\/a><\/em>, cette somme repr\u00e9senterait un engagement massif d\u2019acteurs \u00e9conomiques helv\u00e9tiques vers le march\u00e9 am\u00e9ricain. Ces annonces interviennent dans un contexte o\u00f9 Washington souhaite renforcer sa comp\u00e9titivit\u00e9 et attirer des capitaux \u00e9trangers.<\/p>\n\n\n\n<p>Vendredi, la pr\u00e9sidente de la Conf\u00e9d\u00e9ration, Karin Keller-Sutter, avait d\u00e9clar\u00e9 que la Suisse pr\u00e9senterait une d\u00e9claration d\u2019intention \u00ab <em>dans une \u00e0 deux semaines <\/em>\u00bb. Cette perspective est jug\u00e9e trop lointaine par l\u2019administration am\u00e9ricaine. Scott Bessent affirme, que les \u00c9tats-Unis souhaitent que cette \u00e9tape soit franchie \u00ab <em>d\u2019ici la semaine prochaine <\/em>\u00bb, rapporte le m\u00e9dia helv\u00e9tique<\/p>\n\n\n\n<h2 class=\"wp-block-heading\">Une pression temporelle dict\u00e9e par Washington<\/h2>\n\n\n\n<p>Le rythme des discussions est d\u00e9sormais fortement influenc\u00e9 par les exigences am\u00e9ricaines. Lors de sa visite <a href=\"https:\/\/econostrum.info\/suisse\/geneve-premier-canton-suisse-employeur-frontaliers\/\" data-type=\"post\" data-id=\"103857\">\u00e0 Gen\u00e8ve<\/a>, Scott Bessent a exprim\u00e9 le souhait d\u2019aller plus vite que la partie suisse dans les n\u00e9gociations.<\/p>\n\n\n\n<p> Il a rencontr\u00e9 la pr\u00e9sidente de la Conf\u00e9d\u00e9ration ainsi que le conseiller f\u00e9d\u00e9ral Guy Parmelin, avant de commenter publiquement les prochaines \u00e9tapes. La volont\u00e9 affich\u00e9e d\u2019acc\u00e9l\u00e9rer le processus contraste avec le calendrier annonc\u00e9 par les responsables suisses.<\/p>\n\n\n\n<p>La source indique \u00e9galement que la d\u00e9claration d\u2019intention sera remise \u00e0 Jamieson Greer, repr\u00e9sentant am\u00e9ricain au commerce, qui a pris part \u00e0 la r\u00e9union de vendredi. Les autorit\u00e9s am\u00e9ricaines insistent sur la rapidit\u00e9 comme facteur d\u00e9cisif dans la r\u00e9ussite de ce partenariat.<\/p>\n\n\n\n<p>L\u2019int\u00e9r\u00eat pour un rapprochement \u00e9conomique semble partag\u00e9 de part et d\u2019autre de l\u2019Atlantique. Scott Bessent a soulign\u00e9 que \u00ab<em> gr\u00e2ce aux politiques du pr\u00e9sident Donald Trump<\/em> \u00bb, les entreprises suisses montrent un enthousiasme certain \u00e0 investir aux \u00c9tats-Unis.<\/p>\n\n\n\n<p><\/p>\n","protected":false},"excerpt":{"rendered":"<p>Les n\u00e9gociations s\u2019acc\u00e9l\u00e8rent \u00e0 Gen\u00e8ve alors que Washington attend une d\u00e9claration suisse et des investissements massifs.<\/p>\n","protected":false},"author":37,"featured_media":103936,"comment_status":"open","ping_status":"closed","sticky":false,"template":"","format":"standard","meta":{"footnotes":""},"categories":[1],"tags":[],"class_list":["post-103933","post","type-post","status-publish","format-standard","has-post-thumbnail","hentry","category-economie","generate-columns","tablet-grid-50","mobile-grid-100","grid-parent","grid-33","no-featured-image-padding"],"_links":{"self":[{"href":"https:\/\/econostrum.info\/suisse\/wp-json\/wp\/v2\/posts\/103933","targetHints":{"allow":["GET"]}}],"collection":[{"href":"https:\/\/econostrum.info\/suisse\/wp-json\/wp\/v2\/posts"}],"about":[{"href":"https:\/\/econostrum.info\/suisse\/wp-json\/wp\/v2\/types\/post"}],"author":[{"embeddable":true,"href":"https:\/\/econostrum.info\/suisse\/wp-json\/wp\/v2\/users\/37"}],"replies":[{"embeddable":true,"href":"https:\/\/econostrum.info\/suisse\/wp-json\/wp\/v2\/comments?post=103933"}],"version-history":[{"count":0,"href":"https:\/\/econostrum.info\/suisse\/wp-json\/wp\/v2\/posts\/103933\/revisions"}],"wp:featuredmedia":[{"embeddable":true,"href":"https:\/\/econostrum.info\/suisse\/wp-json\/wp\/v2\/media\/103936"}],"wp:attachment":[{"href":"https:\/\/econostrum.info\/suisse\/wp-json\/wp\/v2\/media?parent=103933"}],"wp:term":[{"taxonomy":"category","embeddable":true,"href":"https:\/\/econostrum.info\/suisse\/wp-json\/wp\/v2\/categories?post=103933"},{"taxonomy":"post_tag","embeddable":true,"href":"https:\/\/econostrum.info\/suisse\/wp-json\/wp\/v2\/tags?post=103933"}],"curies":[{"name":"wp","href":"https:\/\/api.w.org\/{rel}","templated":true}]}}