{"id":103775,"date":"2025-05-07T13:44:27","date_gmt":"2025-05-07T11:44:27","guid":{"rendered":"https:\/\/econostrum.info\/suisse\/?p=103775"},"modified":"2025-05-07T13:44:29","modified_gmt":"2025-05-07T11:44:29","slug":"valais-naturalisation-plus-de-400-personnes-27-francais","status":"publish","type":"post","link":"https:\/\/econostrum.info\/suisse\/valais-naturalisation-plus-de-400-personnes-27-francais\/","title":{"rendered":"Le Valais valide la naturalisation de plus de 400 personnes, voici leurs profils"},"content":{"rendered":"\n<p><a href=\"https:\/\/parlement.vs.ch\/app\/fr\/home\" target=\"_blank\" rel=\"noopener\">Le Grand Conseil valaisan<\/a> a valid\u00e9, mardi, la naturalisation de 423 personnes issues de 39 nationalit\u00e9s. Cette d\u00e9marche administrative s\u2019inscrit dans la continuit\u00e9 d\u2019un processus r\u00e9gulier, structur\u00e9 en deux vagues annuelles. Parmi ces nouveaux citoyens, une part importante provient de l\u2019Union europ\u00e9enne, notamment de la France.<\/p>\n\n\n\n<p>En parall\u00e8le \u00e0 ces naturalisations ordinaires, neuf citoyens suisses ont choisi d\u2019ajouter leur commune de r\u00e9sidence \u00e0 leur droit de cit\u00e9, une d\u00e9marche plus symbolique que statutaire. Cet article revient sur la r\u00e9partition des nationalit\u00e9s, la dynamique des naturalisations dans le canton, ainsi que les particularit\u00e9s de cette session.<\/p>\n\n\n\n<h2 class=\"wp-block-heading\">Une naturalisation domin\u00e9e par les ressortissants fran\u00e7ais<\/h2>\n\n\n\n<p>Sur les 423 naturalisations valid\u00e9es, 114 concernent des ressortissants fran\u00e7ais, soit 27 % du total. Les Fran\u00e7ais constituent ainsi la premi\u00e8re nationalit\u00e9 repr\u00e9sent\u00e9e dans cette vague. Ce chiffre est suivi de pr\u00e8s par les Portugais (79), les Italiens (41), les Allemands (39) et les Britanniques (17), qui compl\u00e8tent les cinq premi\u00e8res nationalit\u00e9s.<\/p>\n\n\n\n<p>D\u2019apr\u00e8s <em><a href=\"https:\/\/www.watson.ch\/fr\/suisse\/valais\/322429823-le-valais-valide-plus-de-400-naturalisations-dont-25-de-francais\" target=\"_blank\" rel=\"noopener\">Watson<\/a><\/em>, ces donn\u00e9es illustrent une tendance forte de la pr\u00e9sence fran\u00e7aise en Valais. Une explication possible pourrait r\u00e9sider dans la proximit\u00e9 g\u00e9ographique et culturelle entre le canton et la France, facilitant les d\u00e9marches d\u2019int\u00e9gration pour ces citoyens.<\/p>\n\n\n\n<h2 class=\"wp-block-heading\">Une r\u00e9partition diversifi\u00e9e des origines<\/h2>\n\n\n\n<p>Au total, les naturalis\u00e9s de cette session proviennent de 39 pays. En dehors des membres de <a href=\"https:\/\/econostrum.info\/suisse\/suisse-union-europeenne-baisse-taux-fecondite\/\" data-type=\"post\" data-id=\"101875\">l\u2019Union europ\u00e9enne<\/a>, d\u2019autres nationalit\u00e9s \u00e9mergent dans les chiffres. La Mac\u00e9doine du Nord (14), le Kosovo (13) et la Serbie (11) figurent parmi les pays non membres de l\u2019UE les plus repr\u00e9sent\u00e9s.<\/p>\n\n\n\n<p>Comme l\u2019a rapport\u00e9 <em><a href=\"https:\/\/www.24heures.ch\/valais-naturalisations-de-25-de-ressortissants-francais-790583444735\" target=\"_blank\" rel=\"noopener\">24 heures<\/a><\/em>, ces chiffres t\u00e9moignent d\u2019une diversit\u00e9 croissante au sein des d\u00e9marches de naturalisation dans le canton. Bien que les citoyens de l\u2019UE soient majoritaires, l\u2019\u00e9largissement du profil des demandeurs sugg\u00e8re une volont\u00e9 d\u2019ouverture du territoire \u00e0 diff\u00e9rents horizons.<\/p>\n\n\n\n<p>La c\u00e9r\u00e9monie officielle de naturalisation se tiendra le 26 mai \u00e0 Conthey, conform\u00e9ment aux usages \u00e9tablis. Une seconde s\u00e9rie de naturalisations est pr\u00e9vue d\u2019ici la fin de l\u2019ann\u00e9e.<\/p>\n\n\n\n<h2 class=\"wp-block-heading\">Une tendance soutenue sur plusieurs ann\u00e9es<\/h2>\n\n\n\n<p>Depuis d\u00e9but 2022, le canton du Valais a valid\u00e9 un total de 2749 naturalisations ordinaires en trois ans et demi. Le d\u00e9tail annuel indique 795 cas en 2022, 804 en 2023 et 727 en 2024. Ces chiffres traduisent une relative stabilit\u00e9 des flux de naturalisation, r\u00e9partis sur deux sessions par an.<\/p>\n\n\n\n<p>Les donn\u00e9es disponibles montrent \u00e9galement une baisse en 2025 des cas de Conf\u00e9d\u00e9r\u00e9s, citoyens suisses, ayant ajout\u00e9 leur commune de domicile comme droit de cit\u00e9. Neuf personnes sont concern\u00e9es cette ann\u00e9e, contre 38 \u00e0 46 les ann\u00e9es pr\u00e9c\u00e9dentes. Comme le note<strong> <\/strong>le m\u00e9dia helv\u00e9tique, cette pratique reste marginale et symbolique dans l\u2019ensemble du processus.<\/p>\n","protected":false},"excerpt":{"rendered":"<p>Plus de 400 \u00e9trangers ont obtenu la nationalit\u00e9 suisse en Valais, avec une majorit\u00e9 de ressortissants de pays voisins, notamment de nombreux Fran\u00e7ais.<\/p>\n","protected":false},"author":37,"featured_media":103776,"comment_status":"open","ping_status":"closed","sticky":false,"template":"","format":"standard","meta":{"footnotes":""},"categories":[1],"tags":[],"class_list":["post-103775","post","type-post","status-publish","format-standard","has-post-thumbnail","hentry","category-economie","generate-columns","tablet-grid-50","mobile-grid-100","grid-parent","grid-33","no-featured-image-padding"],"_links":{"self":[{"href":"https:\/\/econostrum.info\/suisse\/wp-json\/wp\/v2\/posts\/103775","targetHints":{"allow":["GET"]}}],"collection":[{"href":"https:\/\/econostrum.info\/suisse\/wp-json\/wp\/v2\/posts"}],"about":[{"href":"https:\/\/econostrum.info\/suisse\/wp-json\/wp\/v2\/types\/post"}],"author":[{"embeddable":true,"href":"https:\/\/econostrum.info\/suisse\/wp-json\/wp\/v2\/users\/37"}],"replies":[{"embeddable":true,"href":"https:\/\/econostrum.info\/suisse\/wp-json\/wp\/v2\/comments?post=103775"}],"version-history":[{"count":0,"href":"https:\/\/econostrum.info\/suisse\/wp-json\/wp\/v2\/posts\/103775\/revisions"}],"wp:featuredmedia":[{"embeddable":true,"href":"https:\/\/econostrum.info\/suisse\/wp-json\/wp\/v2\/media\/103776"}],"wp:attachment":[{"href":"https:\/\/econostrum.info\/suisse\/wp-json\/wp\/v2\/media?parent=103775"}],"wp:term":[{"taxonomy":"category","embeddable":true,"href":"https:\/\/econostrum.info\/suisse\/wp-json\/wp\/v2\/categories?post=103775"},{"taxonomy":"post_tag","embeddable":true,"href":"https:\/\/econostrum.info\/suisse\/wp-json\/wp\/v2\/tags?post=103775"}],"curies":[{"name":"wp","href":"https:\/\/api.w.org\/{rel}","templated":true}]}}