{"id":103771,"date":"2025-05-08T08:27:00","date_gmt":"2025-05-08T06:27:00","guid":{"rendered":"https:\/\/econostrum.info\/suisse\/?p=103771"},"modified":"2025-05-08T00:37:56","modified_gmt":"2025-05-07T22:37:56","slug":"nombre-frontaliers-bondi-20-suisse-geneve-plus-forte-hausse","status":"publish","type":"post","link":"https:\/\/econostrum.info\/suisse\/nombre-frontaliers-bondi-20-suisse-geneve-plus-forte-hausse\/","title":{"rendered":"Le nombre de frontaliers a bondi de 20 % en Suisse"},"content":{"rendered":"\n<p>Gen\u00e8ve attire de plus en plus de travailleurs frontaliers. En cinq ans, leur nombre a connu une hausse marqu\u00e9e, bien sup\u00e9rieure \u00e0 la moyenne nationale suisse. Cette dynamique illustre \u00e0 la fois l\u2019attractivit\u00e9 \u00e9conomique du canton et les pressions croissantes sur ses infrastructures.<\/p>\n\n\n\n<p>\u00c0 l\u2019\u00e9chelle de la Suisse, le nombre de travailleurs frontaliers a progress\u00e9 de 20 % entre le premier trimestre 2020 et le premier trimestre 2025. Cette tendance s\u2019inscrit dans un contexte de croissance continue des besoins en main-d\u2019\u0153uvre, en particulier dans les zones urbaines dynamiques. Gen\u00e8ve, en raison de sa proximit\u00e9 avec la France et de son march\u00e9 de l\u2019emploi, enregistre une \u00e9volution encore plus marqu\u00e9e.<\/p>\n\n\n\n<p>Le canton de Gen\u00e8ve, bord\u00e9 par l\u2019Ain et la Haute-Savoie, est devenu un p\u00f4le majeur pour les frontaliers, dont une grande partie vient de ces deux d\u00e9partements fran\u00e7ais. Cette progression soul\u00e8ve des enjeux li\u00e9s au logement, au transport et \u00e0 la planification territoriale, qui interpellent autant les autorit\u00e9s locales que les collectivit\u00e9s voisines.<\/p>\n\n\n\n<h2 class=\"wp-block-heading\">Une progression marqu\u00e9e \u00e0 Gen\u00e8ve, sup\u00e9rieure \u00e0 la moyenne nationale<\/h2>\n\n\n\n<p>En cinq ans, le nombre de frontaliers travaillant \u00e0 Gen\u00e8ve est pass\u00e9 de 90 283 au premier trimestre 2020 \u00e0 114 680 d\u00e9but 2025. Cela repr\u00e9sente une augmentation de 26,6 %, nettement sup\u00e9rieure \u00e0 la moyenne suisse de 20 %, rapport\u00e9e par la <a href=\"https:\/\/www.bfs.admin.ch\/bfs\/fr\/home.gnpdetail.2025-0481.html\" target=\"_blank\" rel=\"noopener\">statistique des frontaliers (STAF)<\/a> pour le premier trimestre 2025. La hausse est continue depuis 2020, avec un franchissement symbolique des 100 000 travailleurs d\u00e8s le deuxi\u00e8me trimestre 2022.<\/p>\n\n\n\n<p>Alors que la Suisse comptait un peu plus de 338 000 frontaliers d\u00e9but 2020, elle en recense aujourd\u2019hui plus de 406 000. Selon <em><a href=\"https:\/\/www.lemessager.fr\/649334803\/article\/2025-05-07\/geneve-en-cinq-ans-de-combien-augmente-le-nombre-de-frontaliers\" target=\"_blank\" rel=\"noopener\">Le Messager<\/a><\/em>, cette progression est principalement port\u00e9e par les travailleurs fran\u00e7ais, qui repr\u00e9sentent 57,8 % du total, loin devant les Italiens et les Allemands. \u00c0 Gen\u00e8ve, cette domination fran\u00e7aise se traduit concr\u00e8tement par une forte pr\u00e9sence de r\u00e9sidents des d\u00e9partements voisins.<\/p>\n\n\n\n<h2 class=\"wp-block-heading\">La Haute-Savoie et l\u2019Ain, principaux viviers de frontaliers vers Gen\u00e8ve<\/h2>\n\n\n\n<p>La majorit\u00e9 des frontaliers travaillant \u00e0 Gen\u00e8ve r\u00e9sident en Haute-Savoie. Leur nombre est pass\u00e9 de 67 816 \u00e0 84 580 entre 2020 et 2025, soit une progression de 24,7 %, selon les chiffres relay\u00e9s par la source. L\u2019Ain arrive juste derri\u00e8re avec 31 914 travailleurs contre 24 098 cinq ans plus t\u00f4t, ce qui correspond \u00e0 une hausse de 32,4 %.<\/p>\n\n\n\n<p>Ce double apport est renforc\u00e9 par une augmentation plus discr\u00e8te mais notable en provenance de la Savoie, o\u00f9 le nombre de frontaliers exer\u00e7ant \u00e0 Gen\u00e8ve est pass\u00e9 de 1 234 \u00e0 1 705, en croissance de 38 % sur la m\u00eame p\u00e9riode. Ces chiffres traduisent l\u2019\u00e9largissement du bassin de recrutement de Gen\u00e8ve, qui s\u2019\u00e9tend d\u00e9sormais au-del\u00e0 des zones frontali\u00e8res imm\u00e9diates.<\/p>\n\n\n\n<h2 class=\"wp-block-heading\">Une pression croissante sur les infrastructures locales<\/h2>\n\n\n\n<p>Avec pr\u00e8s de 115 000 frontaliers au d\u00e9but de 2025,<a href=\"https:\/\/econostrum.info\/suisse\/geneve-penurie-logements-sans-precedent\/\" data-type=\"post\" data-id=\"103703\"> Gen\u00e8ve<\/a> fait face \u00e0 des enjeux logistiques et sociaux accrus. La densit\u00e9 du trafic routier, les tensions sur le march\u00e9 immobilier et les besoins en services publics sont autant de cons\u00e9quences de cette \u00e9volution. Si la croissance ralentit l\u00e9g\u00e8rement (+1 % sur un an), elle reste soutenue par rapport \u00e0 d\u2019autres r\u00e9gions du pays.<\/p>\n\n\n\n<p><em><a href=\"https:\/\/www.webradio.media\/news\/10775-augmentation-de-20-des-frontaliers-en-suisse-en-cinq-ans\" target=\"_blank\" rel=\"noopener\">Webradio<\/a><\/em> rappelle que plus d\u2019un quart des frontaliers de Suisse exercent \u00e0 Gen\u00e8ve, preuve de son attractivit\u00e9 \u00e9conomique. Mais cette concentration interroge sur la capacit\u00e9 du canton \u00e0 absorber durablement cet afflux. Les politiques publiques doivent d\u00e9sormais s\u2019adapter \u00e0 cette nouvelle r\u00e9alit\u00e9 en int\u00e9grant la dimension transfrontali\u00e8re dans leur planification.<\/p>\n","protected":false},"excerpt":{"rendered":"<p>Gen\u00e8ve enregistre une hausse de 26,6 % du nombre de frontaliers en cinq ans, une croissance qui d\u00e9passe la moyenne nationale et soul\u00e8ve des enjeux locaux.<\/p>\n","protected":false},"author":37,"featured_media":103774,"comment_status":"open","ping_status":"closed","sticky":false,"template":"","format":"standard","meta":{"footnotes":""},"categories":[1],"tags":[],"class_list":["post-103771","post","type-post","status-publish","format-standard","has-post-thumbnail","hentry","category-economie","generate-columns","tablet-grid-50","mobile-grid-100","grid-parent","grid-33","no-featured-image-padding"],"_links":{"self":[{"href":"https:\/\/econostrum.info\/suisse\/wp-json\/wp\/v2\/posts\/103771","targetHints":{"allow":["GET"]}}],"collection":[{"href":"https:\/\/econostrum.info\/suisse\/wp-json\/wp\/v2\/posts"}],"about":[{"href":"https:\/\/econostrum.info\/suisse\/wp-json\/wp\/v2\/types\/post"}],"author":[{"embeddable":true,"href":"https:\/\/econostrum.info\/suisse\/wp-json\/wp\/v2\/users\/37"}],"replies":[{"embeddable":true,"href":"https:\/\/econostrum.info\/suisse\/wp-json\/wp\/v2\/comments?post=103771"}],"version-history":[{"count":0,"href":"https:\/\/econostrum.info\/suisse\/wp-json\/wp\/v2\/posts\/103771\/revisions"}],"wp:featuredmedia":[{"embeddable":true,"href":"https:\/\/econostrum.info\/suisse\/wp-json\/wp\/v2\/media\/103774"}],"wp:attachment":[{"href":"https:\/\/econostrum.info\/suisse\/wp-json\/wp\/v2\/media?parent=103771"}],"wp:term":[{"taxonomy":"category","embeddable":true,"href":"https:\/\/econostrum.info\/suisse\/wp-json\/wp\/v2\/categories?post=103771"},{"taxonomy":"post_tag","embeddable":true,"href":"https:\/\/econostrum.info\/suisse\/wp-json\/wp\/v2\/tags?post=103771"}],"curies":[{"name":"wp","href":"https:\/\/api.w.org\/{rel}","templated":true}]}}