{"id":103727,"date":"2025-05-07T08:10:00","date_gmt":"2025-05-07T06:10:00","guid":{"rendered":"https:\/\/econostrum.info\/suisse\/?p=103727"},"modified":"2025-05-06T19:03:36","modified_gmt":"2025-05-06T17:03:36","slug":"meteo-pluie-bise-samedi-suisse-romande","status":"publish","type":"post","link":"https:\/\/econostrum.info\/suisse\/meteo-pluie-bise-samedi-suisse-romande\/","title":{"rendered":"Entre bise, pluie et nuages : la m\u00e9t\u00e9o joue les trouble-f\u00eates cette semaine en Suisse"},"content":{"rendered":"\n<p>La m\u00e9t\u00e9o printani\u00e8re fait une pause en Suisse romande. Apr\u00e8s une semaine chaude et ensoleill\u00e9e, la r\u00e9gion est d\u00e9sormais plong\u00e9e dans une ambiance grise, froide et humide. Le beau temps ne devrait revenir qu\u2019\u00e0 partir de samedi, selon M\u00e9t\u00e9oSuisse.<\/p>\n\n\n\n<p>Depuis le d\u00e9but de la semaine, les temp\u00e9ratures ont fortement chut\u00e9 et la pluie s\u2019est install\u00e9e sur une grande partie du territoire. Le ciel reste tr\u00e8s nuageux et la bise contribue \u00e0 accentuer la sensation de fra\u00eecheur. Les pr\u00e9visions annoncent une lente am\u00e9lioration, mais le retour \u00e0 des conditions plus cl\u00e9mentes ne se fera pas avant le week-end.<\/p>\n\n\n\n<h2 class=\"wp-block-heading\">Une d\u00e9gradation rapide apr\u00e8s une semaine estivale<\/h2>\n\n\n\n<p>La transition m\u00e9t\u00e9orologique observ\u00e9e depuis le week-end est marqu\u00e9e par un changement brutal. Alors que les jours pr\u00e9c\u00e9dents affichaient un temps estival, les parapluies et les anoraks sont de nouveau de sortie. <\/p>\n\n\n\n<p>Lundi matin, un ciel tr\u00e8s nuageux a recouvert toutes les r\u00e9gions, accompagn\u00e9 de pr\u00e9cipitations, selon la <em><a href=\"https:\/\/www.tdg.ch\/meteo-suisse-il-faudra-attendre-samedi-pour-revoir-le-soleil-766129433842\" target=\"_blank\" rel=\"noopener\">Tribune de Gen\u00e8ve<\/a><\/em>. Ces conditions, bien qu\u2019impressionnantes, ne rel\u00e8vent pas des saints de glace, attendus entre le 11 et le 15 mai. M\u00e9t\u00e9oSuisse rappelle que cette tradition printani\u00e8re n\u2019a pas de fondement r\u00e9current dans les donn\u00e9es m\u00e9t\u00e9orologiques.<\/p>\n\n\n\n<p>Le mauvais temps actuel s\u2019explique par des causes identifi\u00e9es, \u00e0 savoir un vent polaire venu de Scandinavie et une d\u00e9pression au nord de l\u2019Italie qui am\u00e8ne un air humide. La chute des temp\u00e9ratures est li\u00e9e \u00e0 l\u2019absence de soleil, selon le blog de <em><a href=\"https:\/\/www.meteosuisse.admin.ch\/portrait\/meteosuisse-blog\/fr\/2025\/05\/premieres-journees-estivales-avant-une-baisse-de-temperature.html\" target=\"_blank\" rel=\"noopener\">M\u00e9t\u00e9oSuisse<\/a><\/em>, tandis que la bise renforce l\u2019impression de froid.<\/p>\n\n\n\n<h2 class=\"wp-block-heading\">Des conditions grises et fra\u00eeches tout au long de la semaine<\/h2>\n\n\n\n<p>Hier lundi, les pr\u00e9cipitations devaient progressivement s\u2019estomper dans la journ\u00e9e, mais les temp\u00e9ratures sont rest\u00e9es basses, ne d\u00e9passant pas 12 degr\u00e9s en plaine. Le ciel devait rester couvert.<\/p>\n\n\n\n<p>Pour ce mardi, M\u00e9t\u00e9oSuisse pr\u00e9voit un temps g\u00e9n\u00e9ralement sec. Quelques \u00e9claircies pourraient appara\u00eetre dans la r\u00e9gion l\u00e9manique et la vall\u00e9e du Rh\u00f4ne. En revanche, le nord de la Suisse romande restera largement couvert. La bise soufflera toujours sur le Plateau, et les temp\u00e9ratures varieront entre 7 et 13 degr\u00e9s en plaine.<\/p>\n\n\n\n<p>Mercredi s\u2019annonce lui aussi tr\u00e8s nuageux. Quelques rayons de soleil pourraient traverser les nuages dans le nord de l\u2019arc jurassien. Les temp\u00e9ratures oscilleront entre 8 et 12 degr\u00e9s, avec des pointes \u00e0 15 degr\u00e9s en Valais. La bise, toujours pr\u00e9sente, continuera de rafra\u00eechir l\u2019atmosph\u00e8re.<\/p>\n\n\n\n<p>Jeudi, les temp\u00e9ratures devraient l\u00e9g\u00e8rement remonter jusqu\u2019\u00e0 15 degr\u00e9s. Le ciel restera changeant, et la pluie pourrait faire son retour localement, surtout en montagne.<\/p>\n\n\n\n<h2 class=\"wp-block-heading\">Retour progressif des conditions printani\u00e8res d\u00e8s vendredi<\/h2>\n\n\n\n<p>Les pr\u00e9visions pour la fin de semaine restent encore incertaines, mais M\u00e9t\u00e9oSuisse anticipe un retour possible du beau temps d\u00e8s vendredi autour du L\u00e9man. Cette journ\u00e9e pourrait \u00eatre plus chaude, avec des temp\u00e9ratures pouvant atteindre 17 degr\u00e9s. Des averses restent n\u00e9anmoins possibles en seconde partie de journ\u00e9e.<\/p>\n\n\n\n<p>Le week-end de la F\u00eate des m\u00e8res pourrait marquer un retour plus marqu\u00e9 des conditions printani\u00e8res. M\u00e9t\u00e9oSuisse \u00e9voque un probable ensoleillement, sans fournir davantage de d\u00e9tails pour l\u2019instant. La situation reste \u00e0 suivre au fil des prochaines actualisations des pr\u00e9visions.<\/p>\n","protected":false},"excerpt":{"rendered":"<p>Apr\u00e8s une semaine chaude, la Suisse romande conna\u00eet pluie, nuages et froid. Ce temps maussade persiste avant un retour possible du soleil en fin de semaine.<\/p>\n","protected":false},"author":37,"featured_media":103729,"comment_status":"open","ping_status":"closed","sticky":false,"template":"","format":"standard","meta":{"footnotes":""},"categories":[19],"tags":[],"class_list":["post-103727","post","type-post","status-publish","format-standard","has-post-thumbnail","hentry","category-meteo","generate-columns","tablet-grid-50","mobile-grid-100","grid-parent","grid-33","no-featured-image-padding"],"_links":{"self":[{"href":"https:\/\/econostrum.info\/suisse\/wp-json\/wp\/v2\/posts\/103727","targetHints":{"allow":["GET"]}}],"collection":[{"href":"https:\/\/econostrum.info\/suisse\/wp-json\/wp\/v2\/posts"}],"about":[{"href":"https:\/\/econostrum.info\/suisse\/wp-json\/wp\/v2\/types\/post"}],"author":[{"embeddable":true,"href":"https:\/\/econostrum.info\/suisse\/wp-json\/wp\/v2\/users\/37"}],"replies":[{"embeddable":true,"href":"https:\/\/econostrum.info\/suisse\/wp-json\/wp\/v2\/comments?post=103727"}],"version-history":[{"count":0,"href":"https:\/\/econostrum.info\/suisse\/wp-json\/wp\/v2\/posts\/103727\/revisions"}],"wp:featuredmedia":[{"embeddable":true,"href":"https:\/\/econostrum.info\/suisse\/wp-json\/wp\/v2\/media\/103729"}],"wp:attachment":[{"href":"https:\/\/econostrum.info\/suisse\/wp-json\/wp\/v2\/media?parent=103727"}],"wp:term":[{"taxonomy":"category","embeddable":true,"href":"https:\/\/econostrum.info\/suisse\/wp-json\/wp\/v2\/categories?post=103727"},{"taxonomy":"post_tag","embeddable":true,"href":"https:\/\/econostrum.info\/suisse\/wp-json\/wp\/v2\/tags?post=103727"}],"curies":[{"name":"wp","href":"https:\/\/api.w.org\/{rel}","templated":true}]}}