{"id":103640,"date":"2025-05-02T17:10:00","date_gmt":"2025-05-02T15:10:00","guid":{"rendered":"https:\/\/econostrum.info\/suisse\/?p=103640"},"modified":"2025-05-02T16:39:06","modified_gmt":"2025-05-02T14:39:06","slug":"meteo-vague-chaleur-installe-suisse-vendredi","status":"publish","type":"post","link":"https:\/\/econostrum.info\/suisse\/meteo-vague-chaleur-installe-suisse-vendredi\/","title":{"rendered":"M\u00e9t\u00e9o : Une vague de chaleur s\u2019installe sur la Suisse ce vendredi"},"content":{"rendered":"\n<p>Ce vendredi, la Suisse est confront\u00e9e \u00e0 un \u00e9pisode de chaleur exceptionnel pour la saison, avec des temp\u00e9ratures qui fr\u00f4lent les 30\u00b0C dans plusieurs cantons. Ce pic est provoqu\u00e9 par une combinaison de ph\u00e9nom\u00e8nes atmosph\u00e9riques, parmi lesquels un flux d\u2019air chaud venu du continent africain. Un retour \u00e0 la fra\u00eecheur est attendu d\u00e8s le week-end.<\/p>\n\n\n\n<p>Alors que le mois de mai d\u00e9bute \u00e0 peine, les temp\u00e9ratures relev\u00e9es ce vendredi rappellent davantage un mois de juillet. Cette mont\u00e9e brutale du mercure s\u2019inscrit dans un contexte climatique qui tend vers une fr\u00e9quence accrue de ces ph\u00e9nom\u00e8nes. Pour les experts, il ne s\u2019agit plus d\u2019une anomalie isol\u00e9e, mais bien d\u2019une tendance qui s\u2019installe durablement sur le territoire.<\/p>\n\n\n\n<h2 class=\"wp-block-heading\">Des temp\u00e9ratures dignes de l\u2019\u00e9t\u00e9<\/h2>\n\n\n\n<p>Ce vendredi, les thermom\u00e8tres ont atteint des niveaux particuli\u00e8rement \u00e9lev\u00e9s sur l\u2019ensemble du pays. \u00c0 Gen\u00e8ve, on mesure jusqu\u2019\u00e0 28\u00b0C, tandis que d\u2019autres villes comme Yverdon et Bienne affichent 27\u00b0C. \u00c0 Lausanne et Fribourg, la barre des 25\u00b0C est franchie. Dans le Valais central, les pr\u00e9visions \u00e9voquent m\u00eame un pic \u00e0 29\u00b0C, explique le pr\u00e9visionniste Didier Ulrich de M\u00e9t\u00e9oSuisse, rapporte <a href=\"https:\/\/www.watson.ch\/fr\/suisse\/meteo\/722649516-meteo-une-vague-de-chaleur-frappera-la-suisse-vendredi\" target=\"_blank\" rel=\"noopener\"><em>Watson<\/em><\/a>.<\/p>\n\n\n\n<p>Selon ce dernier, cette chaleur est le fruit d\u2019une situation m\u00e9t\u00e9orologique combinant un anticyclone install\u00e9 en d\u00e9but de semaine et un courant d\u2019air chaud remontant du sud-ouest.<\/p>\n\n\n\n<p>Ce vent chaud, originaire d\u2019Afrique du Nord, est pass\u00e9 par la p\u00e9ninsule ib\u00e9rique avant de gagner la Suisse ce jeudi. Toujours selon les propos relay\u00e9s par le m\u00eame m\u00e9dia, cette vague de chaleur, bien que marqu\u00e9e, devient de moins en moins rare.<\/p>\n\n\n\n<h2 class=\"wp-block-heading\">Le r\u00e9chauffement climatique rend ces \u00e9pisodes plus fr\u00e9quents<\/h2>\n\n\n\n<p>Cette journ\u00e9e particuli\u00e8rement chaude ne constitue pas un \u00e9v\u00e9nement isol\u00e9 dans le temps. L\u2019\u00e9volution des temp\u00e9ratures en Suisse sur les derni\u00e8res d\u00e9cennies r\u00e9v\u00e8le une tendance nette \u00e0 la hausse. <\/p>\n\n\n\n<p>Le m\u00e9dia helv\u00e9tique rappelle, en s\u2019appuyant sur les donn\u00e9es de l\u2019Organisation m\u00e9t\u00e9orologique mondiale, que les dix derni\u00e8res ann\u00e9es ont \u00e9t\u00e9 les plus chaudes jamais enregistr\u00e9es au niveau mondial. L\u2019ann\u00e9e 2024, en particulier, arrive en t\u00eate des relev\u00e9s.<\/p>\n\n\n\n<p>En Suisse, cette \u00e9volution est \u00e9galement bien visible : la temp\u00e9rature moyenne a augment\u00e9 de 2\u00b0C par rapport \u00e0 l\u2019\u00e8re pr\u00e9industrielle. Cette \u00e9l\u00e9vation rend les records de chaleur plus fr\u00e9quents que ceux de froid. Le pr\u00e9visionniste Didier Ulrich explique que ce type de vague aurait \u00e9t\u00e9 consid\u00e9r\u00e9 comme exceptionnel il y a cinquante ans. Aujourd\u2019hui, elle s\u2019inscrit dans une r\u00e9alit\u00e9 de plus en plus famili\u00e8re, indique la source.<\/p>\n\n\n\n<h2 class=\"wp-block-heading\">Un changement rapide de temps d\u00e8s samedi<\/h2>\n\n\n\n<p>Cette chaleur intense ne sera que de courte dur\u00e9e. <a href=\"https:\/\/econostrum.info\/suisse\/meteo-vague-de-froid-suisse-samedi\/\" data-type=\"post\" data-id=\"103562\">D\u00e8s samedi<\/a>, les pr\u00e9visionnistes annoncent un changement radical des conditions m\u00e9t\u00e9orologiques. Le m\u00eame m\u00e9dia indique qu\u2019une perturbation en provenance du nord s\u2019appr\u00eate \u00e0 balayer le pays.<\/p>\n\n\n\n<p>\u00c0 Gen\u00e8ve, on passera de 28\u00b0C ce vendredi \u00e0 seulement 16\u00b0C lundi, soit une baisse de 12\u00b0C en trois jours. La situation sera comparable dans l\u2019ensemble du pays, avec des baisses g\u00e9n\u00e9ralis\u00e9es accompagn\u00e9es de nuages et d\u2019averses d\u00e8s dimanche.<\/p>\n\n\n\n<p><\/p>\n","protected":false},"excerpt":{"rendered":"<p>La Suisse conna\u00eet ce vendredi une chaleur exceptionnelle pour mai, avec jusqu\u2019\u00e0 30\u00b0C, due \u00e0 un flux d\u2019air chaud d\u2019Afrique. Retour du frais attendu samedi.<\/p>\n","protected":false},"author":17,"featured_media":103641,"comment_status":"open","ping_status":"closed","sticky":false,"template":"","format":"standard","meta":{"footnotes":""},"categories":[19],"tags":[],"class_list":["post-103640","post","type-post","status-publish","format-standard","has-post-thumbnail","hentry","category-meteo","generate-columns","tablet-grid-50","mobile-grid-100","grid-parent","grid-33","no-featured-image-padding"],"_links":{"self":[{"href":"https:\/\/econostrum.info\/suisse\/wp-json\/wp\/v2\/posts\/103640","targetHints":{"allow":["GET"]}}],"collection":[{"href":"https:\/\/econostrum.info\/suisse\/wp-json\/wp\/v2\/posts"}],"about":[{"href":"https:\/\/econostrum.info\/suisse\/wp-json\/wp\/v2\/types\/post"}],"author":[{"embeddable":true,"href":"https:\/\/econostrum.info\/suisse\/wp-json\/wp\/v2\/users\/17"}],"replies":[{"embeddable":true,"href":"https:\/\/econostrum.info\/suisse\/wp-json\/wp\/v2\/comments?post=103640"}],"version-history":[{"count":0,"href":"https:\/\/econostrum.info\/suisse\/wp-json\/wp\/v2\/posts\/103640\/revisions"}],"wp:featuredmedia":[{"embeddable":true,"href":"https:\/\/econostrum.info\/suisse\/wp-json\/wp\/v2\/media\/103641"}],"wp:attachment":[{"href":"https:\/\/econostrum.info\/suisse\/wp-json\/wp\/v2\/media?parent=103640"}],"wp:term":[{"taxonomy":"category","embeddable":true,"href":"https:\/\/econostrum.info\/suisse\/wp-json\/wp\/v2\/categories?post=103640"},{"taxonomy":"post_tag","embeddable":true,"href":"https:\/\/econostrum.info\/suisse\/wp-json\/wp\/v2\/tags?post=103640"}],"curies":[{"name":"wp","href":"https:\/\/api.w.org\/{rel}","templated":true}]}}