{"id":103623,"date":"2025-05-03T14:09:00","date_gmt":"2025-05-03T12:09:00","guid":{"rendered":"https:\/\/econostrum.info\/suisse\/?p=103623"},"modified":"2025-05-03T01:58:56","modified_gmt":"2025-05-02T23:58:56","slug":"initiative-boussole-taxe-immigres-financer-infrastructures-suisses","status":"publish","type":"post","link":"https:\/\/econostrum.info\/suisse\/initiative-boussole-taxe-immigres-financer-infrastructures-suisses\/","title":{"rendered":"L&rsquo;initiative Boussole propose une taxe sur les immigr\u00e9s pour financer les infrastructures suisses"},"content":{"rendered":"\n<p>L&rsquo;alliance Boussole \/ Europe entend soumettre une initiative avant l&rsquo;\u00e9t\u00e9 pour rendre obligatoire un r\u00e9f\u00e9rendum, avec une majorit\u00e9 cantonale, sur les nouveaux accords entre la Suisse et l&rsquo;Union europ\u00e9enne. Ce projet met en cause l&rsquo;int\u00e9gration institutionnelle avec l&rsquo;UE et entend r\u00e9examiner la libre circulation des personnes, qu&rsquo;elle consid\u00e8re mal adapt\u00e9e aux besoins du march\u00e9 suisse.<\/p>\n\n\n\n<p>En Suisse, le d\u00e9bat autour des accords bilat\u00e9raux avec l&rsquo;UE s&rsquo;intensifie. L&rsquo;initiative Boussole \/ Europe, qui a d\u00e9j\u00e0 recueilli 80 000 signatures, plaide pour une r\u00e9forme en profondeur des relations entre les deux parties.<\/p>\n\n\n\n<p>Le comit\u00e9 de cette initiative met particuli\u00e8rement en lumi\u00e8re les tensions sur l&rsquo;int\u00e9gration europ\u00e9enne et l&rsquo;impact des politiques europ\u00e9ennes sur la souverainet\u00e9 suisse. L&rsquo;id\u00e9e d&rsquo;un r\u00e9f\u00e9rendum obligatoire chaque fois qu\u2019un nouvel accord avec l&rsquo;UE est propos\u00e9 prend de plus en plus de consistance, rapporte <em><a href=\"https:\/\/www.watson.ch\/fr\/suisse\/union-europeenne\/157037156-l-initiative-boussole-denonce-les-bilaterales-iii-suisse-ue\" target=\"_blank\" rel=\"noopener\">Watson<\/a><\/em>.<\/p>\n\n\n\n<h2 class=\"wp-block-heading\">Un r\u00e9f\u00e9rendum obligatoire pour les accords avec l&rsquo;UE<\/h2>\n\n\n\n<p><a href=\"https:\/\/econostrum.info\/suisse\/initiative-boussole-referendum-accords-ue-suisse\/\" data-type=\"post\" data-id=\"103582\">L&rsquo;initiative Boussole<\/a> \/ Europe exige que les nouveaux accords conclus avec l&rsquo;Union europ\u00e9enne soient soumis \u00e0 un r\u00e9f\u00e9rendum obligatoire. Selon Philip Erzinger, directeur g\u00e9n\u00e9ral de l&rsquo;organisation, l&rsquo;int\u00e9gration institutionnelle, qui inclut l&rsquo;adoption dynamique des lois et l&rsquo;interpr\u00e9tation contraignante des d\u00e9cisions de la Cour de justice de l&rsquo;UE, repr\u00e9sente une \u00ab<em> ing\u00e9rence majeure<\/em> \u00bb dans les processus politiques suisses.<\/p>\n\n\n\n<p>L&rsquo;initiative, soutenue par des figures influentes comme Philip Erzinger, consid\u00e8re que l&rsquo;accord-cadre actuel avec l&rsquo;UE porte atteinte \u00e0 l&rsquo;autonomie politique de la Suisse. Le comit\u00e9 insiste donc sur la n\u00e9cessit\u00e9 de soumettre toute nouvelle entente \u00e0 un r\u00e9f\u00e9rendum populaire, valid\u00e9 \u00e0 la fois par le peuple et les cantons.<\/p>\n\n\n\n<p>Si le r\u00e9f\u00e9rendum aboutit \u00e0 un soutien populaire et cantonal pour ces nouveaux accords, l&rsquo;initiative de Boussole \/ Europe se retire, soulignant ainsi sa volont\u00e9 d&rsquo;agir uniquement si la volont\u00e9 d\u00e9mocratique est respect\u00e9e. Ce processus vise \u00e0 renforcer la d\u00e9mocratie directe et \u00e0 limiter ce que l&rsquo;initiative per\u00e7oit comme des pressions ext\u00e9rieures de l&rsquo;UE sur les institutions suisses.<\/p>\n\n\n\n<h2 class=\"wp-block-heading\">La libre circulation des personnes, un syst\u00e8me \u00e0 revoir<\/h2>\n\n\n\n<p>En plus de son initiative sur les r\u00e9f\u00e9rendums, l&rsquo;alliance Boussole \/ Europe pr\u00e9pare un projet plus ambitieux : revoir la libre circulation des personnes entre la Suisse et l&rsquo;Union europ\u00e9enne. Bien que le comit\u00e9 soutienne toujours ce principe fondamental, il estime qu&rsquo;un mod\u00e8le alternatif devrait \u00eatre explor\u00e9, plus adapt\u00e9 au march\u00e9 suisse.<\/p>\n\n\n\n<p>Alfred Gantner, cofondateur du comit\u00e9 et entrepreneur, a expliqu\u00e9 que chaque ann\u00e9e, 80 000 immigrants en provenance de l&rsquo;UE arrivent en Suisse, ce qui repr\u00e9sente une pression consid\u00e9rable sur les infrastructures et les finances publiques. Dans ce contexte, l&rsquo;initiative propose un m\u00e9canisme de march\u00e9 qui permettrait aux immigrants de participer au financement des co\u00fbts g\u00e9n\u00e9r\u00e9s par leur arriv\u00e9e.<\/p>\n\n\n\n<p>Ce mod\u00e8le alternatif serait centr\u00e9 sur un syst\u00e8me plus flexible et plus efficace pour r\u00e9pondre aux besoins sp\u00e9cifiques du pays, tout en veillant \u00e0 ce que les immigr\u00e9s contribuent \u00e0 l&rsquo;\u00e9conomie locale. Selon Alfred Gantner, \u00ab <em>cette immigration devrait \u00e9galement participer au financement des infrastructures<\/em> \u00bb, un changement qui viserait \u00e0 all\u00e9ger la pression sur les finances publiques et \u00e0 mieux adapter l&rsquo;immigration aux besoins du march\u00e9 suisse.<\/p>\n\n\n\n<h2 class=\"wp-block-heading\">Une nouvelle approche des relations entre la Suisse et l&rsquo;UE<\/h2>\n\n\n\n<p>L&rsquo;initiative Boussole \/ Europe s&rsquo;attaque ainsi \u00e0 l&rsquo;un des principes fondamentaux de la relation entre la Suisse et l&rsquo;UE : la libre circulation des personnes. Ce sujet est particuli\u00e8rement sensible, car il est per\u00e7u par les partisans de l&rsquo;initiative comme une menace pour la souverainet\u00e9 suisse. Les d\u00e9fenseurs de l&rsquo;initiative estiment que la Suisse se trouve sous l&rsquo;influence de l&rsquo;UE et que certaines de ses politiques ne sont plus compatibles avec les int\u00e9r\u00eats du pays. Selon l&rsquo;organisation, l&rsquo;UE ne fermera pas ses fronti\u00e8res \u00e0 ses travailleurs qualifi\u00e9s, mais elle devrait prendre en compte les sp\u00e9cificit\u00e9s du march\u00e9 suisse.<\/p>\n\n\n\n<p>Dans les mois \u00e0 venir, Boussole \/ Europe pr\u00e9voit de travailler avec un professeur d&rsquo;universit\u00e9 pour d\u00e9velopper ce nouveau mod\u00e8le de libre circulation, plus align\u00e9 avec les besoins \u00e9conomiques et les capacit\u00e9s d&rsquo;accueil du pays. Le mouvement cherche \u00e0 proposer une alternative qui r\u00e9\u00e9quilibre les relations avec l&rsquo;UE et qui respecte davantage la volont\u00e9 populaire et cantonale.<\/p>\n","protected":false},"excerpt":{"rendered":"<p>L&rsquo;initiative Boussole \/ Europe propose un r\u00e9f\u00e9rendum obligatoire pour les accords avec l&rsquo;UE et repense la libre circulation des personnes en Suisse.<\/p>\n","protected":false},"author":37,"featured_media":103630,"comment_status":"open","ping_status":"closed","sticky":false,"template":"","format":"standard","meta":{"footnotes":""},"categories":[1],"tags":[],"class_list":["post-103623","post","type-post","status-publish","format-standard","has-post-thumbnail","hentry","category-economie","generate-columns","tablet-grid-50","mobile-grid-100","grid-parent","grid-33","no-featured-image-padding"],"_links":{"self":[{"href":"https:\/\/econostrum.info\/suisse\/wp-json\/wp\/v2\/posts\/103623","targetHints":{"allow":["GET"]}}],"collection":[{"href":"https:\/\/econostrum.info\/suisse\/wp-json\/wp\/v2\/posts"}],"about":[{"href":"https:\/\/econostrum.info\/suisse\/wp-json\/wp\/v2\/types\/post"}],"author":[{"embeddable":true,"href":"https:\/\/econostrum.info\/suisse\/wp-json\/wp\/v2\/users\/37"}],"replies":[{"embeddable":true,"href":"https:\/\/econostrum.info\/suisse\/wp-json\/wp\/v2\/comments?post=103623"}],"version-history":[{"count":0,"href":"https:\/\/econostrum.info\/suisse\/wp-json\/wp\/v2\/posts\/103623\/revisions"}],"wp:featuredmedia":[{"embeddable":true,"href":"https:\/\/econostrum.info\/suisse\/wp-json\/wp\/v2\/media\/103630"}],"wp:attachment":[{"href":"https:\/\/econostrum.info\/suisse\/wp-json\/wp\/v2\/media?parent=103623"}],"wp:term":[{"taxonomy":"category","embeddable":true,"href":"https:\/\/econostrum.info\/suisse\/wp-json\/wp\/v2\/categories?post=103623"},{"taxonomy":"post_tag","embeddable":true,"href":"https:\/\/econostrum.info\/suisse\/wp-json\/wp\/v2\/tags?post=103623"}],"curies":[{"name":"wp","href":"https:\/\/api.w.org\/{rel}","templated":true}]}}