{"id":103586,"date":"2025-05-02T10:13:00","date_gmt":"2025-05-02T08:13:00","guid":{"rendered":"https:\/\/econostrum.info\/suisse\/?p=103586"},"modified":"2025-05-02T01:25:09","modified_gmt":"2025-05-01T23:25:09","slug":"rentabilite-swiss-effondree-premier-trimestre","status":"publish","type":"post","link":"https:\/\/econostrum.info\/suisse\/rentabilite-swiss-effondree-premier-trimestre\/","title":{"rendered":"La rentabilit\u00e9 de la compagnie a\u00e9rienne Swiss s&rsquo;est effondr\u00e9e au premier trimestre"},"content":{"rendered":"\n<p>Au cours des trois premiers mois de l&rsquo;ann\u00e9e, Swiss a vu son b\u00e9n\u00e9fice d\u2019exploitation fondre \u00e0 3 millions de francs suisses, contre 31 millions de francs \u00e0 la m\u00eame p\u00e9riode en 2024. Ce d\u00e9clin marquant s\u2019explique principalement par un effet de calendrier.<\/p>\n\n\n\n<p>Cette ann\u00e9e, le pont de P\u00e2ques est tomb\u00e9 en avril, contrairement \u00e0 l\u2019an pass\u00e9 o\u00f9 il avait eu lieu en mars. Cette diff\u00e9rence a retard\u00e9 une partie de la demande de voyages, qui a \u00e9t\u00e9 report\u00e9e au deuxi\u00e8me trimestre de l\u2019ann\u00e9e.<\/p>\n\n\n\n<p>Dennis Weber, directeur financier de la compagnie, a expliqu\u00e9 que cette situation a conduit \u00e0 une baisse du volume de passagers et, de ce fait, \u00e0 des recettes moins importantes durant cette p\u00e9riode, rapporte <em><a href=\"https:\/\/www.watson.ch\/fr\/economie\/swiss\/114243295-voici-pourquoi-la-rentabilite-de-swiss-s-est-effondree\" target=\"_blank\" rel=\"noopener\">Watson<\/a><\/em>.<\/p>\n\n\n\n<p>En outre, la compagnie a connu une augmentation de ses co\u00fbts, en particulier ceux li\u00e9s aux salaires et aux recrutements. Les d\u00e9penses de personnel ont ainsi d\u00e9pass\u00e9 celles de 2024, ce qui a contribu\u00e9 \u00e0 la diminution de la rentabilit\u00e9. Swiss a \u00e9galement \u00e9t\u00e9 confront\u00e9e \u00e0 une hausse des redevances, notamment celles concernant la navigation a\u00e9rienne, qui ont augment\u00e9 de fa\u00e7on disproportionn\u00e9e par rapport \u00e0 la croissance de ses capacit\u00e9s.<\/p>\n\n\n\n<h2 class=\"wp-block-heading\">Des signes de reprise attendus<\/h2>\n\n\n\n<p>Malgr\u00e9 ces r\u00e9sultats d\u00e9cevants, <a href=\"https:\/\/econostrum.info\/suisse\/hausse-inquietante-incidents-bord-avions-swiss\/\" data-type=\"post\" data-id=\"101257\">Swiss <\/a>garde une vision positive pour le reste de l&rsquo;ann\u00e9e. Le chiffre d\u2019affaires de la compagnie a progress\u00e9 de 2 %, atteignant 1,22 milliard de francs suisses, en partie gr\u00e2ce \u00e0 la hausse du nombre de vols effectu\u00e9s, qui a cr\u00fb de 3 % avec un total de 32 000 rotations. Le nombre de passagers, quant \u00e0 lui, est rest\u00e9 stable \u00e0 3,7 millions.<\/p>\n\n\n\n<p>Swiss pr\u00e9voit d\u2019ailleurs un net redressement de ses r\u00e9sultats pour le deuxi\u00e8me trimestre. En effet, l&rsquo;impact du d\u00e9calage des voyages li\u00e9 au pont de P\u00e2ques se r\u00e9percutera favorablement sur le volume de passagers et les recettes du prochain trimestre, comme l&rsquo;a pr\u00e9cis\u00e9 le directeur financier de l&rsquo;entreprise.<\/p>\n\n\n\n<p>En outre, la compagnie a b\u00e9n\u00e9fici\u00e9 d\u2019une forte activit\u00e9 de fret et d\u2019une baisse des prix du carburant, ce qui a eu un effet positif sur ses r\u00e9sultats. Ces \u00e9l\u00e9ments devraient, selon Swiss, compenser en grande partie la baisse de rentabilit\u00e9 observ\u00e9e en d\u00e9but d\u2019ann\u00e9e et permettre un retour \u00e0 des performances plus solides dans les mois \u00e0 venir. <\/p>\n\n\n\n<p>Les perspectives d&rsquo;am\u00e9lioration sont d&rsquo;autant plus convaincantes que la situation devrait \u00e9voluer favorablement pour l&rsquo;entreprise dans le courant du deuxi\u00e8me trimestre.<\/p>\n\n\n\n<h2 class=\"wp-block-heading\">Des incertitudes externes<\/h2>\n\n\n\n<p>Malgr\u00e9 les perspectives plus optimistes pour le deuxi\u00e8me trimestre, Swiss reste confront\u00e9e \u00e0 des incertitudes li\u00e9es \u00e0 des facteurs ext\u00e9rieurs. Le conflit commercial avec les \u00c9tats-Unis pourrait avoir des r\u00e9percussions sur la demande, bien que la compagnie se montre confiante quant \u00e0 la poursuite du d\u00e9veloppement de ses activit\u00e9s aux \u00c9tats-Unis. <\/p>\n\n\n\n<p>Dennis Weber a soulign\u00e9 qu\u2019il \u00e9tait encore trop t\u00f4t pour \u00e9valuer pleinement les cons\u00e9quences \u00e9conomiques de ce conflit, mais il a indiqu\u00e9 que les r\u00e9servations actuelles laissaient pr\u00e9sager une continuation de la dynamique positive sur ce march\u00e9.<\/p>\n\n\n\n<p><\/p>\n","protected":false},"excerpt":{"rendered":"<p>Swiss a vu son b\u00e9n\u00e9fice d&rsquo;exploitation chuter au premier trimestre, principalement \u00e0 cause d&rsquo;un effet de calendrier et de co\u00fbts en hausse.<\/p>\n","protected":false},"author":37,"featured_media":103587,"comment_status":"open","ping_status":"closed","sticky":false,"template":"","format":"standard","meta":{"footnotes":""},"categories":[30],"tags":[],"class_list":["post-103586","post","type-post","status-publish","format-standard","has-post-thumbnail","hentry","category-mobilite","generate-columns","tablet-grid-50","mobile-grid-100","grid-parent","grid-33","no-featured-image-padding"],"_links":{"self":[{"href":"https:\/\/econostrum.info\/suisse\/wp-json\/wp\/v2\/posts\/103586","targetHints":{"allow":["GET"]}}],"collection":[{"href":"https:\/\/econostrum.info\/suisse\/wp-json\/wp\/v2\/posts"}],"about":[{"href":"https:\/\/econostrum.info\/suisse\/wp-json\/wp\/v2\/types\/post"}],"author":[{"embeddable":true,"href":"https:\/\/econostrum.info\/suisse\/wp-json\/wp\/v2\/users\/37"}],"replies":[{"embeddable":true,"href":"https:\/\/econostrum.info\/suisse\/wp-json\/wp\/v2\/comments?post=103586"}],"version-history":[{"count":0,"href":"https:\/\/econostrum.info\/suisse\/wp-json\/wp\/v2\/posts\/103586\/revisions"}],"wp:featuredmedia":[{"embeddable":true,"href":"https:\/\/econostrum.info\/suisse\/wp-json\/wp\/v2\/media\/103587"}],"wp:attachment":[{"href":"https:\/\/econostrum.info\/suisse\/wp-json\/wp\/v2\/media?parent=103586"}],"wp:term":[{"taxonomy":"category","embeddable":true,"href":"https:\/\/econostrum.info\/suisse\/wp-json\/wp\/v2\/categories?post=103586"},{"taxonomy":"post_tag","embeddable":true,"href":"https:\/\/econostrum.info\/suisse\/wp-json\/wp\/v2\/tags?post=103586"}],"curies":[{"name":"wp","href":"https:\/\/api.w.org\/{rel}","templated":true}]}}