{"id":103558,"date":"2025-05-01T07:25:00","date_gmt":"2025-05-01T05:25:00","guid":{"rendered":"https:\/\/econostrum.info\/suisse\/?p=103558"},"modified":"2025-05-01T01:30:56","modified_gmt":"2025-04-30T23:30:56","slug":"meteo-suisse-premier-jour-ete-jeudi","status":"publish","type":"post","link":"https:\/\/econostrum.info\/suisse\/meteo-suisse-premier-jour-ete-jeudi\/","title":{"rendered":"M\u00e9t\u00e9o : La Suisse se pr\u00e9pare pour son premier jour d&rsquo;\u00e9t\u00e9 ce jeudi"},"content":{"rendered":"\n<p>Les Suisses vont enfin pouvoir profiter des premi\u00e8res journ\u00e9es estivales de l&rsquo;ann\u00e9e. \u00c0 partir de ce jeudi, les temp\u00e9ratures devraient d\u00e9passer les 25 degr\u00e9s dans certaines r\u00e9gions du pays, marquant ainsi l\u2019arriv\u00e9e du beau temps tant attendu. Si la semaine avait commenc\u00e9 sous un ciel nuageux et humide, les jours \u00e0 venir seront beaucoup plus ensoleill\u00e9s.<\/p>\n\n\n\n<p>Le d\u00e9but de la semaine a \u00e9t\u00e9 marqu\u00e9 par des averses localis\u00e9es et des temp\u00e9ratures relativement fra\u00eeches, mais cela va changer. \u00c0 partir du 1er mai, la Suisse vivra une transition climatique vers un \u00e9t\u00e9 pr\u00e9coce, avec une hausse notable des temp\u00e9ratures. Ce ph\u00e9nom\u00e8ne est rendu possible gr\u00e2ce \u00e0 une configuration m\u00e9t\u00e9o favorable, mais aussi \u00e0 des risques orageux qui pourraient perturber temporairement le ciel.<\/p>\n\n\n\n<h2 class=\"wp-block-heading\">Une m\u00e9t\u00e9o d\u2019\u00e9t\u00e9 d\u00e8s jeudi<\/h2>\n\n\n\n<p>\u00c0 partir de jeudi, les temp\u00e9ratures en Suisse devraient d\u00e9passer les 25 degr\u00e9s dans certaines r\u00e9gions comme Gen\u00e8ve et Sion, annonce <a href=\"https:\/\/www.meteosuisse.admin.ch\/portrait\/meteosuisse-blog\/fr\/2025\/04\/ensoleille-chaud-et-instable.html\" target=\"_blank\" rel=\"noopener\"><em>Meteosuisse<\/em><\/a>. Ce premier jour d&rsquo;\u00e9t\u00e9 sera synonyme de chaleur et de soleil, apr\u00e8s plusieurs jours marqu\u00e9s par des nuages et des averses. <\/p>\n\n\n\n<p>Les conditions m\u00e9t\u00e9o devraient \u00eatre id\u00e9ales pour sortir les tenues estivales et profiter d\u2019un temps agr\u00e9able en plein air. L&rsquo;ensoleillement devrait \u00eatre maximal, avec des conditions propices \u00e0 la baignade et aux activit\u00e9s ext\u00e9rieures. La journ\u00e9e s\u2019annonce donc comme un vrai cadeau de printemps avant la transition vers l\u2019\u00e9t\u00e9.<\/p>\n\n\n\n<p>Selon <em>Meteosuisse<\/em>, la pr\u00e9vision du temps pour le 1er mai annonce des temp\u00e9ratures en hausse, ce qui est la d\u00e9finition m\u00eame d\u2019une journ\u00e9e d&rsquo;\u00e9t\u00e9. Les conditions seront \u00e9galement favorables pour de nombreuses activit\u00e9s en ext\u00e9rieur, notamment dans les villes de Gen\u00e8ve et de Sion, o\u00f9 les temp\u00e9ratures pourraient atteindre un seuil estival pour cette p\u00e9riode de l\u2019ann\u00e9e.<\/p>\n\n\n\n<h2 class=\"wp-block-heading\">Le risque d&rsquo;averses orageuses en fin de semaine<\/h2>\n\n\n\n<p>Si la journ\u00e9e de jeudi sera ensoleill\u00e9e, la semaine pourrait conna\u00eetre quelques perturbations. Les experts de <em>Meteosuisse<\/em> ont mis en garde contre un risque d\u2019averses locales. <\/p>\n\n\n\n<p>Les diff\u00e9rences de temp\u00e9rature, combin\u00e9es \u00e0 l&rsquo;humidit\u00e9 pr\u00e9sente dans l\u2019air, pourraient provoquer des instabilit\u00e9s susceptibles de mener \u00e0 des orages dans certaines r\u00e9gions, notamment sur le Jura et les Pr\u00e9alpes.<\/p>\n\n\n\n<p>Bien que ces orages soient mod\u00e9r\u00e9s, ils pourraient \u00eatre accompagn\u00e9s de petites gr\u00eales et d\u2019intenses averses. Cela reste un risque \u00e0 surveiller, bien que celui-ci tende \u00e0 diminuer en fin de semaine.<\/p>\n\n\n\n<p>Les experts pr\u00e9cisent que, bien que ces ph\u00e9nom\u00e8nes soient possibles, le danger reste limit\u00e9 et les conditions seront beaucoup plus favorables jeudi et vendredi, avec peu de chances de pr\u00e9cipitations importantes. <\/p>\n\n\n\n<p>Cependant, une vigilance accrue sera de mise pour les zones montagneuses, o\u00f9 des averses plus violentes pourraient survenir, affectant ponctuellement les activit\u00e9s en ext\u00e9rieur.<\/p>\n\n\n\n<h2 class=\"wp-block-heading\">La m\u00e9t\u00e9o du week-end : encore incertaine<\/h2>\n\n\n\n<p>Si la fin de semaine s\u2019annonce globalement plus calme apr\u00e8s les orages potentiels, la m\u00e9t\u00e9o pour le week-end demeure incertaine. <em>Meteosuisse<\/em> indique qu\u2019il est trop t\u00f4t pour pr\u00e9dire avec pr\u00e9cision les conditions pour samedi et dimanche. <\/p>\n\n\n\n<p>Toutefois, selon les derni\u00e8res tendances, il est probable que les journ\u00e9es restent globalement ensoleill\u00e9es, bien que des passages nuageux soient \u00e0 pr\u00e9voir dans certaines r\u00e9gions.<\/p>\n\n\n\n<p>Le temps incertain du week-end pourrait \u00eatre une cons\u00e9quence des conditions climatiques instables qui affecteront une partie de <a href=\"https:\/\/econostrum.info\/suisse\/menages-suisses-renforce-patrimoine-2024\/\" data-type=\"post\" data-id=\"103523\">la Suisse<\/a> en milieu de semaine. Bien que la situation s\u2019am\u00e9liore jeudi et vendredi, les Suisses devront se tenir pr\u00eats \u00e0 des changements de temps, particuli\u00e8rement en montagne et dans les zones o\u00f9 les averses orageuses sont les plus probables.<\/p>\n\n\n\n<p><\/p>\n","protected":false},"excerpt":{"rendered":"<p>La Suisse conna\u00eetra son premier jour d&rsquo;\u00e9t\u00e9 ce jeudi avec des temp\u00e9ratures d\u00e9passant 25\u00b0C, avant des risques d&rsquo;averses orageuses en fin de semaine.<\/p>\n","protected":false},"author":37,"featured_media":103560,"comment_status":"open","ping_status":"closed","sticky":false,"template":"","format":"standard","meta":{"footnotes":""},"categories":[19],"tags":[],"class_list":["post-103558","post","type-post","status-publish","format-standard","has-post-thumbnail","hentry","category-meteo","generate-columns","tablet-grid-50","mobile-grid-100","grid-parent","grid-33","no-featured-image-padding"],"_links":{"self":[{"href":"https:\/\/econostrum.info\/suisse\/wp-json\/wp\/v2\/posts\/103558","targetHints":{"allow":["GET"]}}],"collection":[{"href":"https:\/\/econostrum.info\/suisse\/wp-json\/wp\/v2\/posts"}],"about":[{"href":"https:\/\/econostrum.info\/suisse\/wp-json\/wp\/v2\/types\/post"}],"author":[{"embeddable":true,"href":"https:\/\/econostrum.info\/suisse\/wp-json\/wp\/v2\/users\/37"}],"replies":[{"embeddable":true,"href":"https:\/\/econostrum.info\/suisse\/wp-json\/wp\/v2\/comments?post=103558"}],"version-history":[{"count":0,"href":"https:\/\/econostrum.info\/suisse\/wp-json\/wp\/v2\/posts\/103558\/revisions"}],"wp:featuredmedia":[{"embeddable":true,"href":"https:\/\/econostrum.info\/suisse\/wp-json\/wp\/v2\/media\/103560"}],"wp:attachment":[{"href":"https:\/\/econostrum.info\/suisse\/wp-json\/wp\/v2\/media?parent=103558"}],"wp:term":[{"taxonomy":"category","embeddable":true,"href":"https:\/\/econostrum.info\/suisse\/wp-json\/wp\/v2\/categories?post=103558"},{"taxonomy":"post_tag","embeddable":true,"href":"https:\/\/econostrum.info\/suisse\/wp-json\/wp\/v2\/tags?post=103558"}],"curies":[{"name":"wp","href":"https:\/\/api.w.org\/{rel}","templated":true}]}}