{"id":103554,"date":"2025-05-01T17:12:00","date_gmt":"2025-05-01T15:12:00","guid":{"rendered":"https:\/\/econostrum.info\/suisse\/?p=103554"},"modified":"2025-05-01T15:20:02","modified_gmt":"2025-05-01T13:20:02","slug":"90-000-immigres-quittent-chaque-annee-suisse","status":"publish","type":"post","link":"https:\/\/econostrum.info\/suisse\/90-000-immigres-quittent-chaque-annee-suisse\/","title":{"rendered":"Qui sont ces 90 000 immigr\u00e9s qui quittent chaque ann\u00e9e la Suisse ?"},"content":{"rendered":"\n<p>La Suisse, un pays \u00e0 forte attractivit\u00e9, est le premier au monde en termes de proportion d&rsquo;immigr\u00e9s dans sa population, avec 31 % en 2024, selon les donn\u00e9es des Nations Unies.<\/p>\n\n\n\n<p>Cependant, la r\u00e9alit\u00e9 de cette immigration est bien plus nuanc\u00e9e : si une grande partie des immigr\u00e9s choisissent la Suisse pour ses atouts ind\u00e9niables, un nombre important d\u2019entre eux repartent, souvent dans un d\u00e9lai relativement court.<\/p>\n\n\n\n<p>L\u2019Office f\u00e9d\u00e9ral de la statistique (OFS) met en \u00e9vidence que, entre 2013 et 2022, une moyenne de 155 000 personnes ont immigr\u00e9 chaque ann\u00e9e en Suisse, tandis que 90 000 en sont parties. <\/p>\n\n\n\n<p>Cela repr\u00e9sente environ 60 % des immigr\u00e9s qui d\u00e9cident de repartir, un chiffre sup\u00e9rieur \u00e0 la moyenne europ\u00e9enne, qui est de 34 % selon des donn\u00e9es d\u2019Eurostat relay\u00e9es par <a href=\"https:\/\/www.swissinfo.ch\/fre\/affaires-etrangeres\/beaucoup-de-gens-immigrent-en-suisse-beaucoup-en-repartent-aussi\/89195434\" target=\"_blank\" rel=\"noopener\"><em>Swissinfo<\/em><\/a>. <\/p>\n\n\n\n<h2 class=\"wp-block-heading\">Les ressortissants europ\u00e9ens, principaux acteurs de l\u2019\u00e9migration<\/h2>\n\n\n\n<p>Une part importante des \u00e9migr\u00e9s en Suisse provient de l\u2019Union europ\u00e9enne, gr\u00e2ce \u00e0 la libre circulation des personnes. Les citoyens de pays comme l\u2019Allemagne, la France, l\u2019Italie et le Portugal, qui sont attir\u00e9s par les opportunit\u00e9s professionnelles et la qualit\u00e9 de vie en Suisse, repr\u00e9sentent la majorit\u00e9 des d\u00e9parts. <\/p>\n\n\n\n<p>En 2023, les trois quarts des ressortissants allemands, fran\u00e7ais et italiens partis de Suisse sont retourn\u00e9s dans leur pays d\u2019origine, selon l\u2019OFS. Les Portugais ont \u00e9t\u00e9 encore plus nombreux \u00e0 repartir, avec pr\u00e8s de 87 % d\u2019entre eux rentrant chez eux.<\/p>\n\n\n\n<p>Cette mobilit\u00e9 est largement motiv\u00e9e par des facteurs professionnels et familiaux. Pour beaucoup de ressortissants europ\u00e9ens, la Suisse repr\u00e9sente une \u00e9tape dans leur parcours professionnel ou acad\u00e9mique, mais ils n\u2019envisagent pas de s\u2019y installer de mani\u00e8re d\u00e9finitive. <\/p>\n\n\n\n<p>Le manque d&rsquo;ancrage, notamment li\u00e9 \u00e0 l&rsquo;absence d&rsquo;int\u00e9gration durable dans la soci\u00e9t\u00e9 suisse, joue un r\u00f4le d\u00e9terminant dans cette d\u00e9cision de retour.<\/p>\n\n\n\n<h2 class=\"wp-block-heading\">Les raisons de d\u00e9part : des freins \u00e0 l\u2019int\u00e9gration et un retour \u00e0 la retraite<\/h2>\n\n\n\n<p>Les raisons de l\u2019\u00e9migration sont multiples et souvent li\u00e9es \u00e0 des obstacles rencontr\u00e9s pendant la p\u00e9riode d\u2019<a href=\"https:\/\/econostrum.info\/suisse\/suisse-taxe-nouveaux-arrivants-limiter-immigration\/\" data-type=\"post\" data-id=\"102085\">immigration<\/a>. La difficult\u00e9 d\u2019int\u00e9gration, notamment \u00e0 cause de la langue, ainsi que la non-reconnaissance des qualifications professionnelles, sont des facteurs r\u00e9guli\u00e8rement cit\u00e9s. Ces \u00e9l\u00e9ments peuvent rendre l\u2019insertion sur le march\u00e9 du travail plus complexe, menant \u00e0 une insatisfaction et, dans certains cas, \u00e0 un d\u00e9part anticip\u00e9.<\/p>\n\n\n\n<p>La retraite \u00e0 l\u2019\u00e9tranger est \u00e9galement un motif r\u00e9current de d\u00e9part. Selon <em>Swissinfo<\/em>, de nombreux immigr\u00e9s, en particulier lorsqu&rsquo;ils atteignent l&rsquo;\u00e2ge de la retraite, choisissent de retourner dans leur pays d&rsquo;origine pour profiter de conditions de vie plus favorables ou pour \u00eatre plus proches de leur famille. Le d\u00e9part \u00e0 la retraite est un ph\u00e9nom\u00e8ne particuli\u00e8rement visible chez les immigr\u00e9s des pays europ\u00e9ens voisins, comme l\u2019Allemagne, la France et l\u2019Italie.<\/p>\n\n\n\n<p>Enfin, les politiques migratoires, en particulier la dur\u00e9e limit\u00e9e des permis de s\u00e9jour, influencent \u00e9galement les d\u00e9cisions des immigr\u00e9s. L&rsquo;OFS pr\u00e9cise que la dur\u00e9e de s\u00e9jour des immigrants est souvent fix\u00e9e en fonction de leurs projets professionnels, ce qui peut engendrer un manque de stabilit\u00e9 et un sentiment de pr\u00e9carit\u00e9 pour ceux qui souhaitent s&rsquo;\u00e9tablir durablement en Suisse.<\/p>\n","protected":false},"excerpt":{"rendered":"<p>Chaque ann\u00e9e, la Suisse accueille environ 150 000 immigr\u00e9s, mais 90 000 repartent rapidement, soulevant des questions sur les raisons de cette mobilit\u00e9 et les obstacles rencontr\u00e9s.<\/p>\n","protected":false},"author":37,"featured_media":103557,"comment_status":"open","ping_status":"closed","sticky":false,"template":"","format":"standard","meta":{"footnotes":""},"categories":[30],"tags":[],"class_list":["post-103554","post","type-post","status-publish","format-standard","has-post-thumbnail","hentry","category-mobilite","generate-columns","tablet-grid-50","mobile-grid-100","grid-parent","grid-33","no-featured-image-padding"],"_links":{"self":[{"href":"https:\/\/econostrum.info\/suisse\/wp-json\/wp\/v2\/posts\/103554","targetHints":{"allow":["GET"]}}],"collection":[{"href":"https:\/\/econostrum.info\/suisse\/wp-json\/wp\/v2\/posts"}],"about":[{"href":"https:\/\/econostrum.info\/suisse\/wp-json\/wp\/v2\/types\/post"}],"author":[{"embeddable":true,"href":"https:\/\/econostrum.info\/suisse\/wp-json\/wp\/v2\/users\/37"}],"replies":[{"embeddable":true,"href":"https:\/\/econostrum.info\/suisse\/wp-json\/wp\/v2\/comments?post=103554"}],"version-history":[{"count":0,"href":"https:\/\/econostrum.info\/suisse\/wp-json\/wp\/v2\/posts\/103554\/revisions"}],"wp:featuredmedia":[{"embeddable":true,"href":"https:\/\/econostrum.info\/suisse\/wp-json\/wp\/v2\/media\/103557"}],"wp:attachment":[{"href":"https:\/\/econostrum.info\/suisse\/wp-json\/wp\/v2\/media?parent=103554"}],"wp:term":[{"taxonomy":"category","embeddable":true,"href":"https:\/\/econostrum.info\/suisse\/wp-json\/wp\/v2\/categories?post=103554"},{"taxonomy":"post_tag","embeddable":true,"href":"https:\/\/econostrum.info\/suisse\/wp-json\/wp\/v2\/tags?post=103554"}],"curies":[{"name":"wp","href":"https:\/\/api.w.org\/{rel}","templated":true}]}}