{"id":103549,"date":"2025-05-01T14:52:00","date_gmt":"2025-05-01T12:52:00","guid":{"rendered":"https:\/\/econostrum.info\/suisse\/?p=103549"},"modified":"2025-05-01T13:02:17","modified_gmt":"2025-05-01T11:02:17","slug":"routes-suisses-conductrices-80-dangereuses","status":"publish","type":"post","link":"https:\/\/econostrum.info\/suisse\/routes-suisses-conductrices-80-dangereuses\/","title":{"rendered":"Voici le profil des conducteurs les plus dangereux de Suisse"},"content":{"rendered":"\n<p>Une<a href=\"https:\/\/www.bfs.admin.ch\/bfs\/fr\/home.gnpdetail.2025-0328.html\" target=\"_blank\" rel=\"noopener\"> \u00e9tude r\u00e9cente de l&rsquo;Office f\u00e9d\u00e9ral de la statistique (OFS)<\/a> r\u00e9v\u00e8le que les conductrices de 80 ans et plus repr\u00e9sentent le groupe le plus \u00e0 risque en mati\u00e8re d\u2019accidents de la route en Suisse. Leurs taux d&rsquo;accidents, rapport\u00e9s aux kilom\u00e8tres parcourus, surpassent ceux des autres tranches d\u2019\u00e2ge, y compris les hommes du m\u00eame \u00e2ge.<\/p>\n\n\n\n<p>Les r\u00e9sultats de cette \u00e9tude, qui prend en compte non seulement le nombre d&rsquo;accidents mais aussi la distance parcourue, soulignent un ph\u00e9nom\u00e8ne pr\u00e9occupant pour la s\u00e9curit\u00e9 routi\u00e8re en Suisse. <\/p>\n\n\n\n<p>En d\u00e9pit de leur conduite moins fr\u00e9quente et de leurs trajets souvent courts, les seniors, et en particulier les femmes de plus de 80 ans, se r\u00e9v\u00e8lent plus expos\u00e9s aux risques d&rsquo;accidents graves, rapporte <a href=\"https:\/\/www.20min.ch\/fr\/story\/securite-routiere-les-conducteurs-les-plus-dangereux-sont-des-femmes-de-80-ans-103332870\" target=\"_blank\" rel=\"noopener\"><em>20 Minutes<\/em><\/a>.<\/p>\n\n\n\n<h2 class=\"wp-block-heading\">Une statistique frappante : les femmes \u00e2g\u00e9es de 80 ans<\/h2>\n\n\n\n<p>L&rsquo;\u00e9tude men\u00e9e par l&rsquo;Office f\u00e9d\u00e9ral de la statistique (OFS) indique que les femmes de 80 ans et plus affichent un taux d&rsquo;accidents particuli\u00e8rement \u00e9lev\u00e9, sup\u00e9rieur \u00e0 celui des hommes du m\u00eame \u00e2ge. <\/p>\n\n\n\n<p>Selon l&rsquo;OFS, les conductrices octog\u00e9naires enregistrent environ 0,9 accident par million de kilom\u00e8tres parcourus, contre seulement 0,6 pour les hommes de cette tranche d&rsquo;\u00e2ge. Ce constat a \u00e9t\u00e9 \u00e9tabli apr\u00e8s avoir pris en compte une variable importante : le nombre de kilom\u00e8tres parcourus. En effet, bien que <a href=\"https:\/\/econostrum.info\/suisse\/seniors-suisses-renforcent-presence-marche-emploi\/\" data-type=\"post\" data-id=\"103433\">les seniors <\/a>conduisent moins fr\u00e9quemment, leur taux d&rsquo;accidents, lorsqu&rsquo;on le rapporte \u00e0 leur faible kilom\u00e9trage, devient plus important.<\/p>\n\n\n\n<p>Le Bureau de pr\u00e9vention des accidents (BPA) explique que ces r\u00e9sultats peuvent \u00eatre attribu\u00e9s \u00e0 plusieurs facteurs. Les seniors circulent principalement sur des trajets courts, souvent en ville ou sur des routes plus difficiles, o\u00f9 les risques sont accrus.<\/p>\n\n\n\n<p>La fragilit\u00e9 physique des conducteurs \u00e2g\u00e9s, ainsi que des probl\u00e8mes de sant\u00e9 li\u00e9s \u00e0 l\u2019\u00e2ge, contribuent \u00e9galement \u00e0 cette situation. Les femmes, en particulier, sont moins exp\u00e9riment\u00e9es au volant en raison de leur conduite moins fr\u00e9quente, ce qui les rend plus vuln\u00e9rables face aux impr\u00e9vus.<\/p>\n\n\n\n<h2 class=\"wp-block-heading\">La vuln\u00e9rabilit\u00e9 des seniors face aux accidents graves<\/h2>\n\n\n\n<p>Les conducteurs \u00e2g\u00e9s ne sont pas seulement plus nombreux \u00e0 \u00eatre impliqu\u00e9s dans des accidents, mais ils sont \u00e9galement plus expos\u00e9s aux blessures graves. Ce ph\u00e9nom\u00e8ne est particuli\u00e8rement frappant dans le cas des seniors, pour qui un accident peut avoir des cons\u00e9quences bien plus graves que pour les jeunes conducteurs. L\u00e0 o\u00f9 un jeune pourrait se relever avec une blessure l\u00e9g\u00e8re, un senior risquerait de souffrir de blessures graves, en raison de sa fragilit\u00e9 accrue.<\/p>\n\n\n\n<p>Cette diff\u00e9rence de gravit\u00e9 des blessures entre jeunes et seniors souligne l&rsquo;importance de la pr\u00e9vention et de la s\u00e9curit\u00e9 routi\u00e8re pour les conducteurs \u00e2g\u00e9s. Alors que les jeunes conducteurs (18-24 ans) sont responsables du plus grand nombre d&rsquo;accidents graves en chiffres absolus, ce sont les seniors qui, en proportion, pr\u00e9sentent un taux de blessures fatales ou s\u00e9rieuses nettement plus \u00e9lev\u00e9. Il devient donc crucial de r\u00e9fl\u00e9chir \u00e0 des solutions sp\u00e9cifiques pour prot\u00e9ger cette tranche d\u2019\u00e2ge, tout en \u00e9quilibrant leur ind\u00e9pendance et leur s\u00e9curit\u00e9.<\/p>\n\n\n\n<h2 class=\"wp-block-heading\">Des solutions envisageables pour la s\u00e9curit\u00e9 des conducteurs \u00e2g\u00e9s<\/h2>\n\n\n\n<p>Face \u00e0 cette probl\u00e9matique, de nombreuses questions \u00e9mergent : doit-on envisager des restrictions plus strictes pour les conducteurs \u00e2g\u00e9s, comme un retrait syst\u00e9matique du permis \u00e0 80 ans ? <\/p>\n\n\n\n<p>Le Bureau de pr\u00e9vention des accidents (BPA) rejette cette solution, pr\u00e9f\u00e9rant encourager des mesures moins contraignantes. Christoph Leibundgut, porte-parole du BPA, insiste sur le fait que chacun doit pouvoir conduire tant que cela reste s\u00fbr, sugg\u00e9rant plut\u00f4t des solutions telles que la formation continue ou des tests d&rsquo;auto\u00e9valuation en ligne de s\u00e9curit\u00e9 routi\u00e8re.<\/p>\n\n\n\n<p>Actuellement, en Suisse, toutes les personnes de plus de 75 ans doivent passer un examen m\u00e9dical tous les deux ans pour conserver leur permis. Ces examens permettent d\u2019\u00e9valuer leur aptitude \u00e0 conduire et d\u2019assurer une certaine s\u00e9curit\u00e9 sur la route. <\/p>\n\n\n\n<p>Toutefois, certains estiment qu\u2019une \u00e9valuation plus pouss\u00e9e pourrait \u00eatre n\u00e9cessaire, notamment pour les conducteurs les plus \u00e2g\u00e9s. Des tests r\u00e9guliers et une sensibilisation accrue \u00e0 la s\u00e9curit\u00e9 routi\u00e8re seraient des pistes \u00e0 explorer pour r\u00e9duire les risques tout en respectant la libert\u00e9 des conducteurs seniors.<\/p>\n","protected":false},"excerpt":{"rendered":"<p>Les femmes de 80 ans et plus provoquent le plus d&rsquo;accidents de la route en Suisse, avec un taux \u00e9lev\u00e9 par kilom\u00e8tre parcouru, selon une \u00e9tude de l&rsquo;OFS.<\/p>\n","protected":false},"author":37,"featured_media":103552,"comment_status":"open","ping_status":"closed","sticky":false,"template":"","format":"standard","meta":{"footnotes":""},"categories":[30],"tags":[],"class_list":["post-103549","post","type-post","status-publish","format-standard","has-post-thumbnail","hentry","category-mobilite","generate-columns","tablet-grid-50","mobile-grid-100","grid-parent","grid-33","no-featured-image-padding"],"_links":{"self":[{"href":"https:\/\/econostrum.info\/suisse\/wp-json\/wp\/v2\/posts\/103549","targetHints":{"allow":["GET"]}}],"collection":[{"href":"https:\/\/econostrum.info\/suisse\/wp-json\/wp\/v2\/posts"}],"about":[{"href":"https:\/\/econostrum.info\/suisse\/wp-json\/wp\/v2\/types\/post"}],"author":[{"embeddable":true,"href":"https:\/\/econostrum.info\/suisse\/wp-json\/wp\/v2\/users\/37"}],"replies":[{"embeddable":true,"href":"https:\/\/econostrum.info\/suisse\/wp-json\/wp\/v2\/comments?post=103549"}],"version-history":[{"count":0,"href":"https:\/\/econostrum.info\/suisse\/wp-json\/wp\/v2\/posts\/103549\/revisions"}],"wp:featuredmedia":[{"embeddable":true,"href":"https:\/\/econostrum.info\/suisse\/wp-json\/wp\/v2\/media\/103552"}],"wp:attachment":[{"href":"https:\/\/econostrum.info\/suisse\/wp-json\/wp\/v2\/media?parent=103549"}],"wp:term":[{"taxonomy":"category","embeddable":true,"href":"https:\/\/econostrum.info\/suisse\/wp-json\/wp\/v2\/categories?post=103549"},{"taxonomy":"post_tag","embeddable":true,"href":"https:\/\/econostrum.info\/suisse\/wp-json\/wp\/v2\/tags?post=103549"}],"curies":[{"name":"wp","href":"https:\/\/api.w.org\/{rel}","templated":true}]}}