{"id":103532,"date":"2025-04-30T17:29:00","date_gmt":"2025-04-30T15:29:00","guid":{"rendered":"https:\/\/econostrum.info\/suisse\/?p=103532"},"modified":"2025-04-30T16:44:38","modified_gmt":"2025-04-30T14:44:38","slug":"ce-qui-va-changer-suisse-mai","status":"publish","type":"post","link":"https:\/\/econostrum.info\/suisse\/ce-qui-va-changer-suisse-mai\/","title":{"rendered":"Voici tout ce qui va changer en Suisse en mai"},"content":{"rendered":"\n<p>\u00c0 partir de mai 2025, plusieurs modifications l\u00e9gales, \u00e9conomiques et technologiques affecteront directement la vie quotidienne des Suisses. Que ce soit dans les secteurs du transport, de la bourse, des voyages ou des technologies, ces nouvelles r\u00e8gles et mesures auront un impact notable sur les citoyens et les entreprises. Voici un tour d&rsquo;horizon des principales mesures \u00e0 attendre dans les prochains jours.<\/p>\n\n\n\n<p>Les changements annonc\u00e9s pour le mois de mai affectent plusieurs domaines cruciaux : le transport de marchandises, les \u00e9changes boursiers, la r\u00e9glementation des voyages en Tha\u00eflande, l\u2019\u00e9volution des services num\u00e9riques, ainsi que les transports touristiques en Suisse. <\/p>\n\n\n\n<p>Le Conseil f\u00e9d\u00e9ral a introduit ces ajustements pour renforcer la r\u00e9gulation et r\u00e9pondre aux besoins croissants du march\u00e9. Ces r\u00e9formes touchent des secteurs vari\u00e9s, allant des exigences pour les entreprises de transport \u00e0 l\u2019adaptation des r\u00e8gles technologiques internationales.<\/p>\n\n\n\n<h2 class=\"wp-block-heading\">De nouvelles r\u00e8gles pour le transport de marchandises<\/h2>\n\n\n\n<p>Le secteur du transport de marchandises verra l\u2019introduction de nouvelles r\u00e8gles d\u00e8s le 1er mai 2025. Ces modifications l\u00e9gislatives concernent principalement les entreprises de transport \u00e9trang\u00e8res op\u00e9rant en Suisse. <\/p>\n\n\n\n<p>Le but est d\u2019emp\u00eacher la cr\u00e9ation de soci\u00e9t\u00e9s fictives dans le pays, utilis\u00e9es pour contourner l&rsquo;interdiction de cabotage, qui interdit aux entreprises \u00e9trang\u00e8res de transporter des marchandises sur le sol suisse sans y avoir d\u2019\u00e9tablissement. Le Conseil f\u00e9d\u00e9ral a pr\u00e9cis\u00e9 que les entreprises devront d\u00e9sormais prouver la r\u00e9alit\u00e9 de leur si\u00e8ge en Suisse pour \u00e9viter ce type de fraude. <\/p>\n\n\n\n<p>En parall\u00e8le, de nouvelles exigences financi\u00e8res s\u2019appliqueront aux entreprises de transport. Des montants minimaux seront d\u00e9sormais requis, en fonction du poids des v\u00e9hicules utilis\u00e9s, notamment pour ceux de moins de 3,5 tonnes mais de plus de 2,5 tonnes, qui devront obtenir une licence pour effectuer des transports transfrontaliers de marchandises. Cette mesure vise particuli\u00e8rement les petites entreprises, pr\u00e9cise <a href=\"https:\/\/www.blick.ch\/fr\/suisse\/whatsapp-tha-lande-voici-ce-qui-va-changer-en-suisse-en-mai-id20819996.html\" target=\"_blank\" rel=\"noopener\"><em>Blick<\/em><\/a>.<\/p>\n\n\n\n<h2 class=\"wp-block-heading\">R\u00e9servation obligatoire pour les v\u00e9los dans les cars postaux<\/h2>\n\n\n\n<p>Entre mai et octobre 2025, les voyageurs souhaitant transporter un v\u00e9lo sur les lignes touristiques de CarPostal devront obligatoirement r\u00e9server une place pour leur v\u00e9lo. Cette mesure concernera plusieurs r\u00e9gions, notamment le Valais, les Grisons, la Suisse centrale, l&rsquo;Oberland bernois et une partie de la Suisse romande et orientale.<\/p>\n\n\n\n<p>CarPostal a justifi\u00e9 cette d\u00e9cision en raison de l\u2019afflux important de cyclistes pendant la saison estivale, afin d&rsquo;\u00e9viter les mauvaises surprises li\u00e9es \u00e0 la saturation des places disponibles. La r\u00e9servation co\u00fbtera deux francs suppl\u00e9mentaires, en plus du tarif de transport du v\u00e9lo ou de l\u2019abonnement sp\u00e9cifique. Le Tessin sera exempt\u00e9 de cette obligation, du moins dans un premier temps<\/p>\n\n\n\n<h2 class=\"wp-block-heading\">R\u00e9vision de la protection boursi\u00e8re : l&rsquo;UE sort de la liste<\/h2>\n\n\n\n<p>Le 1er mai 2025, la Suisse proc\u00e9dera \u00e0 un changement majeur concernant ses relations boursi\u00e8res avec l&rsquo;Union Europ\u00e9enne. Le Conseil f\u00e9d\u00e9ral a d\u00e9cid\u00e9 de retirer l\u2019UE de la liste de protection boursi\u00e8re suisse. Cette mesure avait \u00e9t\u00e9 instaur\u00e9e en 2019 en r\u00e9action \u00e0 la non-renouvellement de l\u2019accord d\u2019\u00e9quivalence boursi\u00e8re par l&rsquo;UE, dans le but de prot\u00e9ger la place boursi\u00e8re helv\u00e9tique. <\/p>\n\n\n\n<p>Toutefois, les r\u00e9centes r\u00e9visions l\u00e9gislatives europ\u00e9ennes ont rendu cette protection obsol\u00e8te. En 2024, l&rsquo;UE a mis \u00e0 jour ses bases juridiques, ce qui a permis de lever les restrictions impos\u00e9es aux soci\u00e9t\u00e9s europ\u00e9ennes n\u00e9gociant des titres suisses. <\/p>\n\n\n\n<p>Ainsi, cette d\u00e9cision du Conseil f\u00e9d\u00e9ral marque une \u00e9tape importante dans la normalisation des relations \u00e9conomiques entre la Suisse et l&rsquo;UE, une \u00e9volution qui pourrait faciliter les \u00e9changes financiers et boursiers entre les deux entit\u00e9s.<\/p>\n\n\n\n<h2 class=\"wp-block-heading\">Carte d&rsquo;entr\u00e9e num\u00e9rique pour la Tha\u00eflande<\/h2>\n\n\n\n<p>\u00c0 partir du 1er mai 2025, <a href=\"https:\/\/econostrum.info\/suisse\/thailande-destinations-retraites-suisses\/\" data-type=\"post\" data-id=\"3120\">la Tha\u00eflande<\/a> mettra en place une carte d\u2019entr\u00e9e num\u00e9rique obligatoire pour tous les visiteurs \u00e9trangers. Auparavant, une carte d\u2019entr\u00e9e en papier \u00e9tait exig\u00e9e, mais celle-ci sera d\u00e9sormais remplac\u00e9e par une version num\u00e9rique. <\/p>\n\n\n\n<p>Cette mesure concerne particuli\u00e8rement les Suisses, qui devront d\u00e9sormais remplir cette formalit\u00e9 via une plateforme en ligne avant de se rendre dans le pays. Cette \u00e9volution vise \u00e0 simplifier les d\u00e9marches administratives pour les voyageurs et \u00e0 am\u00e9liorer l\u2019efficacit\u00e9 des contr\u00f4les \u00e0 l\u2019entr\u00e9e sur le territoire tha\u00eflandais.<\/p>\n\n\n\n<h2 class=\"wp-block-heading\">WhatsApp met fin au support des anciens iPhones<\/h2>\n\n\n\n<p>Dans le domaine technologique, un autre changement majeur affectera les utilisateurs d&rsquo;anciens mod\u00e8les d&rsquo;iPhone. \u00c0 partir du 5 mai 2025, WhatsApp cessera de prendre en charge les appareils fonctionnant sous iOS 15.1 et versions ant\u00e9rieures.<\/p>\n\n\n\n<p>Cette d\u00e9cision concerne des mod\u00e8les d&rsquo;iPhones comme l\u2019iPhone 5s et l\u2019iPhone 6, qui ne seront plus compatibles avec l\u2019application de messagerie. WhatsApp justifie cette mesure par la n\u00e9cessit\u00e9 d\u2019assurer une meilleure exp\u00e9rience utilisateur et de renforcer la s\u00e9curit\u00e9 des donn\u00e9es personnelles.<\/p>\n\n\n\n<p>Selon l\u2019entreprise, les appareils plus anciens ne disposent plus des mises \u00e0 jour n\u00e9cessaires pour garantir une performance optimale du service de messagerie. Cette mise \u00e0 jour s\u2019inscrit dans un processus plus large visant \u00e0 exclure progressivement les syst\u00e8mes et appareils obsol\u00e8tes, dans le but de maintenir la qualit\u00e9 et la s\u00e9curit\u00e9 des services fournis aux utilisateurs.<\/p>\n","protected":false},"excerpt":{"rendered":"<p>Le mois de mai marque un tournant pour la Suisse avec l&rsquo;introduction de r\u00e9formes touchant le transport, la bourse, les voyages et les technologies. Voici les principales nouveaut\u00e9s.<\/p>\n","protected":false},"author":37,"featured_media":103534,"comment_status":"open","ping_status":"closed","sticky":false,"template":"","format":"standard","meta":{"footnotes":""},"categories":[1],"tags":[],"class_list":["post-103532","post","type-post","status-publish","format-standard","has-post-thumbnail","hentry","category-economie","generate-columns","tablet-grid-50","mobile-grid-100","grid-parent","grid-33","no-featured-image-padding"],"_links":{"self":[{"href":"https:\/\/econostrum.info\/suisse\/wp-json\/wp\/v2\/posts\/103532","targetHints":{"allow":["GET"]}}],"collection":[{"href":"https:\/\/econostrum.info\/suisse\/wp-json\/wp\/v2\/posts"}],"about":[{"href":"https:\/\/econostrum.info\/suisse\/wp-json\/wp\/v2\/types\/post"}],"author":[{"embeddable":true,"href":"https:\/\/econostrum.info\/suisse\/wp-json\/wp\/v2\/users\/37"}],"replies":[{"embeddable":true,"href":"https:\/\/econostrum.info\/suisse\/wp-json\/wp\/v2\/comments?post=103532"}],"version-history":[{"count":0,"href":"https:\/\/econostrum.info\/suisse\/wp-json\/wp\/v2\/posts\/103532\/revisions"}],"wp:featuredmedia":[{"embeddable":true,"href":"https:\/\/econostrum.info\/suisse\/wp-json\/wp\/v2\/media\/103534"}],"wp:attachment":[{"href":"https:\/\/econostrum.info\/suisse\/wp-json\/wp\/v2\/media?parent=103532"}],"wp:term":[{"taxonomy":"category","embeddable":true,"href":"https:\/\/econostrum.info\/suisse\/wp-json\/wp\/v2\/categories?post=103532"},{"taxonomy":"post_tag","embeddable":true,"href":"https:\/\/econostrum.info\/suisse\/wp-json\/wp\/v2\/tags?post=103532"}],"curies":[{"name":"wp","href":"https:\/\/api.w.org\/{rel}","templated":true}]}}