{"id":103442,"date":"2025-04-27T14:03:25","date_gmt":"2025-04-27T12:03:25","guid":{"rendered":"https:\/\/econostrum.info\/suisse\/?p=103442"},"modified":"2025-04-27T14:03:29","modified_gmt":"2025-04-27T12:03:29","slug":"temps-ete-suisse-canicule-orages-imprevus","status":"publish","type":"post","link":"https:\/\/econostrum.info\/suisse\/temps-ete-suisse-canicule-orages-imprevus\/","title":{"rendered":"Orages, s\u00e9cheresse, canicule : \u00e0 quoi faut-il s&rsquo;attendre pour l&rsquo;\u00e9t\u00e9 2025 en Suisse ?"},"content":{"rendered":"\n<p>Les pr\u00e9visions m\u00e9t\u00e9orologiques pour l&rsquo;\u00e9t\u00e9 2025, d\u2019apr\u00e8s les mod\u00e8les saisonniers, indiquent des temp\u00e9ratures anormalement \u00e9lev\u00e9es, avec des chances de surpasser les moyennes historiques de 70 \u00e0 80 %. Apr\u00e8s un printemps caract\u00e9ris\u00e9 par des conditions plut\u00f4t s\u00e8ches et un d\u00e9but de saison marqu\u00e9 par des temp\u00e9ratures relativement douces, ces chiffres laissent pr\u00e9sager une canicule en approche. <\/p>\n\n\n\n<p>Ce type de climat est g\u00e9n\u00e9ralement synonyme de journ\u00e9es ensoleill\u00e9es, mais la pr\u00e9sence d&rsquo;orages pourrait venir nuancer ces pr\u00e9visions. Mikha\u00ebl Schwander, m\u00e9t\u00e9orologue de l&rsquo;office suisse de la m\u00e9t\u00e9orologie, souligne que les temp\u00e9ratures plus \u00e9lev\u00e9es sont souvent associ\u00e9es \u00e0 un temps sec, mais ce n\u2019est pas toujours syst\u00e9matique. <\/p>\n\n\n\n<p>Selon ses analyses, les conditions de l\u2019\u00e9t\u00e9 d\u00e9pendent fortement des pr\u00e9cipitations pr\u00e9c\u00e9dentes et des conditions atmosph\u00e9riques locales, comme il l\u2019a expliqu\u00e9 lors d&rsquo;une interview sur<em> La Matinale de la <a href=\"https:\/\/www.rts.ch\/info\/environnement\/2025\/article\/ete-2025-en-suisse-temperatures-elevees-et-risque-d-orages-prevus-28862226.html\" target=\"_blank\" rel=\"noopener\">RTS<\/a><\/em>.<\/p>\n\n\n\n<h2 class=\"wp-block-heading\">L&rsquo;impact des orages et de la convection<\/h2>\n\n\n\n<p>Les orages, souvent dus \u00e0 des ph\u00e9nom\u00e8nes de convection atmosph\u00e9rique, joueront un r\u00f4le cl\u00e9 <a href=\"https:\/\/econostrum.info\/suisse\/cff-perturbations-trajets-vers-italie-ete\/\" data-type=\"post\" data-id=\"103349\">cet \u00e9t\u00e9<\/a>. Ces orages peuvent contribuer \u00e0 mod\u00e9rer l&rsquo;impact de la chaleur en apportant des averses locales et en favorisant l&rsquo;\u00e9vapotranspiration.<\/p>\n\n\n\n<p>Ce ph\u00e9nom\u00e8ne, qui correspond \u00e0 la quantit\u00e9 d&rsquo;eau \u00e9vapor\u00e9e par les sols et les v\u00e9g\u00e9taux, pourrait limiter les risques de s\u00e9cheresse. Mikha\u00ebl Schwander explique que si les sols et la v\u00e9g\u00e9tation sont suffisamment humides, la formation d&rsquo;averses et d&rsquo;orages serait plus probable. <\/p>\n\n\n\n<p>En revanche, si le printemps est particuli\u00e8rement sec et que les conditions m\u00e9t\u00e9orologiques estivales favorisent des anticyclones, la probabilit\u00e9 d\u2019orages diminue, entra\u00eenant une s\u00e9cheresse plus marqu\u00e9e. Ces \u00e9l\u00e9ments ont \u00e9t\u00e9 partag\u00e9s par M\u00e9t\u00e9oSuisse dans ses pr\u00e9visions pour les mois \u00e0 venir.<\/p>\n\n\n\n<h2 class=\"wp-block-heading\">Une saison estivale marqu\u00e9e par l&rsquo;incertitude<\/h2>\n\n\n\n<p>Les pr\u00e9visions \u00e0 long terme pour l\u2019\u00e9t\u00e9 2025, bien que relativement optimistes en termes de chaleur, restent teint\u00e9es d&rsquo;incertitude. En effet, la quantit\u00e9 de pluie au printemps aura un impact consid\u00e9rable sur la v\u00e9g\u00e9tation et la capacit\u00e9 des sols \u00e0 retenir l&rsquo;humidit\u00e9, influen\u00e7ant ainsi l&rsquo;intensit\u00e9 et la fr\u00e9quence des orages. <\/p>\n\n\n\n<p>Les experts de l&rsquo;agence m\u00e9t\u00e9orologique suisse pr\u00e9cisent qu&rsquo;il est encore trop t\u00f4t pour \u00e9tablir un pronostic totalement fiable concernant la r\u00e9partition exacte des temp\u00e9ratures et des pr\u00e9cipitations. <\/p>\n\n\n\n<p>Les variations locales de l&rsquo;humidit\u00e9 et de la temp\u00e9rature, comme celles observ\u00e9es l&rsquo;ann\u00e9e derni\u00e8re, pourraient avoir un effet d\u00e9terminant sur le climat de l&rsquo;\u00e9t\u00e9. Ces consid\u00e9rations sont reprises par Mikha\u00ebl Schwander dans ses analyses pour le m\u00e9dia helv\u00e9tique.<\/p>\n\n\n\n<p><\/p>\n","protected":false},"excerpt":{"rendered":"<p>L&rsquo;\u00e9t\u00e9 2025 en Suisse sera chaud, avec des temp\u00e9ratures \u00e9lev\u00e9es, mais des orages pourraient r\u00e9duire le risque de s\u00e9cheresse, d&rsquo;apr\u00e8s M\u00e9t\u00e9oSuisse.<\/p>\n","protected":false},"author":17,"featured_media":103444,"comment_status":"open","ping_status":"closed","sticky":false,"template":"","format":"standard","meta":{"footnotes":""},"categories":[19],"tags":[],"class_list":["post-103442","post","type-post","status-publish","format-standard","has-post-thumbnail","hentry","category-meteo","generate-columns","tablet-grid-50","mobile-grid-100","grid-parent","grid-33","no-featured-image-padding"],"_links":{"self":[{"href":"https:\/\/econostrum.info\/suisse\/wp-json\/wp\/v2\/posts\/103442","targetHints":{"allow":["GET"]}}],"collection":[{"href":"https:\/\/econostrum.info\/suisse\/wp-json\/wp\/v2\/posts"}],"about":[{"href":"https:\/\/econostrum.info\/suisse\/wp-json\/wp\/v2\/types\/post"}],"author":[{"embeddable":true,"href":"https:\/\/econostrum.info\/suisse\/wp-json\/wp\/v2\/users\/17"}],"replies":[{"embeddable":true,"href":"https:\/\/econostrum.info\/suisse\/wp-json\/wp\/v2\/comments?post=103442"}],"version-history":[{"count":0,"href":"https:\/\/econostrum.info\/suisse\/wp-json\/wp\/v2\/posts\/103442\/revisions"}],"wp:featuredmedia":[{"embeddable":true,"href":"https:\/\/econostrum.info\/suisse\/wp-json\/wp\/v2\/media\/103444"}],"wp:attachment":[{"href":"https:\/\/econostrum.info\/suisse\/wp-json\/wp\/v2\/media?parent=103442"}],"wp:term":[{"taxonomy":"category","embeddable":true,"href":"https:\/\/econostrum.info\/suisse\/wp-json\/wp\/v2\/categories?post=103442"},{"taxonomy":"post_tag","embeddable":true,"href":"https:\/\/econostrum.info\/suisse\/wp-json\/wp\/v2\/tags?post=103442"}],"curies":[{"name":"wp","href":"https:\/\/api.w.org\/{rel}","templated":true}]}}