{"id":103228,"date":"2025-04-20T17:25:00","date_gmt":"2025-04-20T15:25:00","guid":{"rendered":"https:\/\/econostrum.info\/suisse\/?p=103228"},"modified":"2025-04-20T17:17:12","modified_gmt":"2025-04-20T15:17:12","slug":"industrie-suisse-arrivee-massive-produits-chinois","status":"publish","type":"post","link":"https:\/\/econostrum.info\/suisse\/industrie-suisse-arrivee-massive-produits-chinois\/","title":{"rendered":"L\u2019industrie suisse sur le qui-vive face \u00e0 l\u2019arriv\u00e9e massive de produits chinois"},"content":{"rendered":"\n<p>La pression monte dans les rangs de l\u2019industrie helv\u00e9tique. La multiplication des produits chinois \u00e0 bas prix, redirig\u00e9s vers l\u2019Europe \u00e0 la suite de tensions commerciales, soul\u00e8ve de vives inqui\u00e9tudes \u00e9conomiques et sociales en Suisse.<\/p>\n\n\n\n<p>Les textiles et biens \u00e9lectroniques venus de Chine, propos\u00e9s \u00e0 des tarifs d\u00e9fiant toute concurrence, risquent de bouleverser l\u2019\u00e9quilibre d\u2019un march\u00e9 suisse d\u00e9j\u00e0 sous tension. Les professionnels r\u00e9clament une r\u00e9gulation stricte pour \u00e9viter une d\u00e9stabilisation durable.<\/p>\n\n\n\n<h2 class=\"wp-block-heading\">Une guerre commerciale \u00e0 l\u2019origine d\u2019un flux de marchandises redirig\u00e9<\/h2>\n\n\n\n<p>L\u2019instauration par les \u00c9tats-Unis d\u2019une taxe douani\u00e8re de 125 % sur les textiles chinois a ouvert la voie \u00e0 un red\u00e9ploiement des exportations de P\u00e9kin vers les march\u00e9s europ\u00e9ens. <\/p>\n\n\n\n<p>Ce d\u00e9tournement de flux commerciaux inqui\u00e8te les acteurs suisses, notamment dans le secteur du textile. <a href=\"https:\/\/www.rts.ch\/info\/economie\/2025\/article\/inquietudes-en-suisse-face-a-l-afflux-de-produits-chinois-bon-marche-28859118.html\" target=\"_blank\" rel=\"noopener\">La Radio T\u00e9l\u00e9vision Suisse (RTS) <\/a>rapporte que ces nouvelles conditions pourraient engendrer un afflux massif de marchandises en provenance de Chine sur le territoire helv\u00e9tique.<\/p>\n\n\n\n<p>Parmi les professionnels concern\u00e9s, Michael Ingram, fondateur de la marque de sport Revario, fabriquant \u00e0 Marly dans le canton de Fribourg, voit malgr\u00e9 tout une opportunit\u00e9 dans cette situation. Il mise sur une consommation plus locale, fond\u00e9e sur la qualit\u00e9 des mat\u00e9riaux et la durabilit\u00e9 des produits. <\/p>\n\n\n\n<p>Toutefois, cet optimisme reste minoritaire face \u00e0 l\u2019ampleur des volumes en jeu. En 2024, les exportations chinoises de textile et d\u2019habillement ont d\u00e9pass\u00e9 250 milliards de francs, selon les chiffres relay\u00e9s par la <em>RTS<\/em>.<\/p>\n\n\n\n<h2 class=\"wp-block-heading\">Le commerce de d\u00e9tail romand en d\u00e9s\u00e9quilibre face aux g\u00e9ants num\u00e9riques<\/h2>\n\n\n\n<p>Les plateformes chinoises comme Shein et Temu connaissent une forte progression en Suisse. Leurs offres, tr\u00e8s bon march\u00e9, attirent une client\u00e8le toujours plus large. Pour Sven Lusti, repr\u00e9sentant romand de la Swiss Retail Federation, la concurrence est in\u00e9gale. <\/p>\n\n\n\n<p>Il souligne que le commerce helv\u00e9tique ne peut rivaliser ni sur les prix ni sur les volumes. Il appelle \u00e0 une r\u00e9glementation plus stricte, align\u00e9e sur les normes suisses, afin d\u2019instaurer des conditions de march\u00e9 \u00e9quitables.<\/p>\n\n\n\n<p>Toujours selon le m\u00e9dia helv\u00e9tique, m\u00eame sans \u00ab <em>peur de la comp\u00e9tition<\/em> \u00bb, les professionnels du secteur souhaitent que les acteurs chinois se conforment aux m\u00eames exigences de qualit\u00e9 et de s\u00e9curit\u00e9 que les entreprises suisses.<\/p>\n\n\n\n<p>Ces pr\u00e9occupations sont d\u2019autant plus vives que les pratiques de dumping tarifaire affaiblissent les marges locales, mena\u00e7ant la p\u00e9rennit\u00e9 de nombreux commerces ind\u00e9pendants.<\/p>\n\n\n\n<h2 class=\"wp-block-heading\">Des implications plus larges sur l\u2019\u00e9conomie et la s\u00e9curit\u00e9 des consommateurs<\/h2>\n\n\n\n<p>L\u2019inqui\u00e9tude d\u00e9passe le cadre du textile. Le march\u00e9 helv\u00e9tique pourrait \u00eatre inond\u00e9 de produits \u00e9lectroniques, machines industrielles ou substances chimiques \u00e0 bas prix, aux cons\u00e9quences multiples. <\/p>\n\n\n\n<p>Si les autorit\u00e9s suisses restent en partie prot\u00e9g\u00e9es en raison d\u2019un positionnement sur les produits \u00e0 forte valeur ajout\u00e9e, certains segments de march\u00e9 restent vuln\u00e9rables.<\/p>\n\n\n\n<p>En parall\u00e8le, des plaintes ont \u00e9t\u00e9 d\u00e9pos\u00e9es contre les plateformes comme <a href=\"https:\/\/econostrum.info\/suisse\/suisse-et-temu-signent-accord-ce-qui-va-changer\/\" data-type=\"post\" data-id=\"103199\">Temu<\/a> et Shein pour non-conformit\u00e9 de certains jouets aux normes de s\u00e9curit\u00e9. La source indique que ces recours visent \u00e0 alerter sur des produits qui pourraient pr\u00e9senter des risques pour les consommateurs.<\/p>\n\n\n\n<p>La question du respect des normes environnementales et sanitaires est \u00e9galement au c\u0153ur des pr\u00e9occupations, renfor\u00e7ant l\u2019appel des professionnels \u00e0 une r\u00e9gulation renforc\u00e9e des importations.<\/p>\n","protected":false},"excerpt":{"rendered":"<p>L\u2019arriv\u00e9e de produits chinois bon march\u00e9 en Suisse suit la redirection des exportations apr\u00e8s les taxes douani\u00e8res impos\u00e9es par les \u00c9tats-Unis.<\/p>\n","protected":false},"author":37,"featured_media":103233,"comment_status":"open","ping_status":"closed","sticky":false,"template":"","format":"standard","meta":{"footnotes":""},"categories":[1],"tags":[],"class_list":["post-103228","post","type-post","status-publish","format-standard","has-post-thumbnail","hentry","category-economie","generate-columns","tablet-grid-50","mobile-grid-100","grid-parent","grid-33","no-featured-image-padding"],"_links":{"self":[{"href":"https:\/\/econostrum.info\/suisse\/wp-json\/wp\/v2\/posts\/103228","targetHints":{"allow":["GET"]}}],"collection":[{"href":"https:\/\/econostrum.info\/suisse\/wp-json\/wp\/v2\/posts"}],"about":[{"href":"https:\/\/econostrum.info\/suisse\/wp-json\/wp\/v2\/types\/post"}],"author":[{"embeddable":true,"href":"https:\/\/econostrum.info\/suisse\/wp-json\/wp\/v2\/users\/37"}],"replies":[{"embeddable":true,"href":"https:\/\/econostrum.info\/suisse\/wp-json\/wp\/v2\/comments?post=103228"}],"version-history":[{"count":0,"href":"https:\/\/econostrum.info\/suisse\/wp-json\/wp\/v2\/posts\/103228\/revisions"}],"wp:featuredmedia":[{"embeddable":true,"href":"https:\/\/econostrum.info\/suisse\/wp-json\/wp\/v2\/media\/103233"}],"wp:attachment":[{"href":"https:\/\/econostrum.info\/suisse\/wp-json\/wp\/v2\/media?parent=103228"}],"wp:term":[{"taxonomy":"category","embeddable":true,"href":"https:\/\/econostrum.info\/suisse\/wp-json\/wp\/v2\/categories?post=103228"},{"taxonomy":"post_tag","embeddable":true,"href":"https:\/\/econostrum.info\/suisse\/wp-json\/wp\/v2\/tags?post=103228"}],"curies":[{"name":"wp","href":"https:\/\/api.w.org\/{rel}","templated":true}]}}