{"id":103220,"date":"2025-04-20T16:05:00","date_gmt":"2025-04-20T14:05:00","guid":{"rendered":"https:\/\/econostrum.info\/suisse\/?p=103220"},"modified":"2025-04-20T15:57:48","modified_gmt":"2025-04-20T13:57:48","slug":"suisse-solutions-loger-travailleurs-saisonniers","status":"publish","type":"post","link":"https:\/\/econostrum.info\/suisse\/suisse-solutions-loger-travailleurs-saisonniers\/","title":{"rendered":"La Suisse en qu\u00eate de solutions pour loger ses travailleurs saisonniers face \u00e0 la p\u00e9nurie"},"content":{"rendered":"\n<p>Lors d\u2019une rencontre nationale tenue la semaine derni\u00e8re, diff\u00e9rents acteurs concern\u00e9s se sont r\u00e9unis pour d\u00e9battre des moyens de faire face \u00e0 cette crise. Cette concertation intervient alors que les vacances de P\u00e2ques battent leur plein, p\u00e9riode durant laquelle les besoins en main-d&rsquo;\u0153uvre saisonni\u00e8re sont particuli\u00e8rement \u00e9lev\u00e9s.<\/p>\n\n\n\n<p>L\u2019enjeu est d\u2019autant plus critique que, d\u00e9sormais, un poste non pourvu faute de logement ne trouve plus facilement preneur. Le fonctionnement habituel du remplacement spontan\u00e9 des saisonniers n\u2019est plus garanti. Les effets directs sur le tourisme et les prestations offertes dans les stations se font d\u00e9j\u00e0 sentir.<\/p>\n\n\n\n<h2 class=\"wp-block-heading\">Une crise accentu\u00e9e par le poids des r\u00e9sidences secondaires<\/h2>\n\n\n\n<p>L\u2019augmentation des <a href=\"https:\/\/econostrum.info\/suisse\/residences-secondaires-sept-nouvelles-communes-suisses-privees-construction\/\" data-type=\"post\" data-id=\"102586\">r\u00e9sidences secondaires<\/a> figure parmi les principales causes de la p\u00e9nurie actuelle. La Lex Weber, entr\u00e9e en vigueur en 2012, vise \u00e0 en limiter la construction, mais elle ne s\u2019applique pas aux b\u00e2timents ant\u00e9rieurs. R\u00e9sultat : de nombreuses r\u00e9sidences principales sont converties en r\u00e9sidences secondaires, attir\u00e9es par les \u00e9carts de prix entre les deux march\u00e9s.<\/p>\n\n\n\n<p>Le directeur de l\u2019Office f\u00e9d\u00e9ral du logement, Martin Tschirren, a expliqu\u00e9 cette semaine dans <em><a href=\"https:\/\/www.rts.ch\/info\/suisse\/2025\/article\/penurie-de-logements-pour-saisonniers-en-suisse-des-solutions-a-l-etude-28855309.html\" target=\"_blank\" rel=\"noopener\">La Matinale de la RTS <\/a><\/em>que cette transformation progressive aggrave les difficult\u00e9s d\u2019acc\u00e8s au logement pour les personnes qui vivent et travaillent dans les stations. La pression immobili\u00e8re r\u00e9duit consid\u00e9rablement l\u2019offre accessible aux saisonniers, alors que la demande reste \u00e9lev\u00e9e.<\/p>\n\n\n\n<h2 class=\"wp-block-heading\">Le r\u00f4le central des communes dans la mise en \u0153uvre de solutions<\/h2>\n\n\n\n<p>Pour Christophe Clivaz, conseiller national Vert valaisan et professeur sp\u00e9cialis\u00e9 en tourisme, les communes doivent s\u2019engager dans une politique active du logement. Il souligne que cela ne signifie pas qu\u2019elles doivent investir directement, mais plut\u00f4t qu\u2019elles doivent accompagner les porteurs de projets, les aider et les inciter \u00e0 d\u00e9velopper des solutions adapt\u00e9es.<\/p>\n\n\n\n<p>Clivaz affirme que les communes ne peuvent plus simplement s\u2019en remettre aux m\u00e9canismes du march\u00e9. Une implication plus structur\u00e9e est d\u00e9sormais n\u00e9cessaire pour favoriser des projets qui r\u00e9pondent aux besoins des travailleurs saisonniers, tout en maintenant l\u2019\u00e9quilibre \u00e9conomique et social des stations touristiques.<\/p>\n\n\n\n<h2 class=\"wp-block-heading\">Une initiative locale concr\u00e8te \u00e0 Grimentz-Zinal<\/h2>\n\n\n\n<p>\u00c0 Grimentz-Zinal, une solution a d\u00e9j\u00e0 \u00e9t\u00e9 mise en place par l\u2019entreprise qui g\u00e8re les remont\u00e9es m\u00e9caniques. Celle-ci loue elle-m\u00eame des appartements, qu\u2019elle sous-loue ensuite \u00e0 ses employ\u00e9s. <\/p>\n\n\n\n<p>Pour son directeur, Pascal Bourquin, cette strat\u00e9gie permet \u00e0 l\u2019entreprise de proposer non seulement un emploi, mais aussi un logement, ce qui renforce son attractivit\u00e9 en tant qu\u2019employeur.<\/p>\n\n\n\n<p>Cette solution repr\u00e9sente un co\u00fbt, particuli\u00e8rement durant la basse saison : environ 200 000 francs pour l\u2019ensemble des 84 contrats de location, selon les chiffres avanc\u00e9s par Bourquin. <\/p>\n\n\n\n<p>Cela \u00e9quivaut \u00e0 0,6 % du chiffre d\u2019affaires de la soci\u00e9t\u00e9. Il estime toutefois que l\u2019absence de ces quinze employ\u00e9s, faute de logement, co\u00fbterait probablement plus cher \u00e0 l\u2019entreprise.<\/p>\n\n\n\n<p><\/p>\n","protected":false},"excerpt":{"rendered":"<p>La p\u00e9nurie de logements saisonniers inqui\u00e8te les stations suisses, o\u00f9 \u00e9lus et employeurs cherchent des solutions pour maintenir l\u2019activit\u00e9 touristique.<\/p>\n","protected":false},"author":37,"featured_media":103222,"comment_status":"open","ping_status":"closed","sticky":false,"template":"","format":"standard","meta":{"footnotes":""},"categories":[26],"tags":[],"class_list":["post-103220","post","type-post","status-publish","format-standard","has-post-thumbnail","hentry","category-emploi","generate-columns","tablet-grid-50","mobile-grid-100","grid-parent","grid-33","no-featured-image-padding"],"_links":{"self":[{"href":"https:\/\/econostrum.info\/suisse\/wp-json\/wp\/v2\/posts\/103220","targetHints":{"allow":["GET"]}}],"collection":[{"href":"https:\/\/econostrum.info\/suisse\/wp-json\/wp\/v2\/posts"}],"about":[{"href":"https:\/\/econostrum.info\/suisse\/wp-json\/wp\/v2\/types\/post"}],"author":[{"embeddable":true,"href":"https:\/\/econostrum.info\/suisse\/wp-json\/wp\/v2\/users\/37"}],"replies":[{"embeddable":true,"href":"https:\/\/econostrum.info\/suisse\/wp-json\/wp\/v2\/comments?post=103220"}],"version-history":[{"count":0,"href":"https:\/\/econostrum.info\/suisse\/wp-json\/wp\/v2\/posts\/103220\/revisions"}],"wp:featuredmedia":[{"embeddable":true,"href":"https:\/\/econostrum.info\/suisse\/wp-json\/wp\/v2\/media\/103222"}],"wp:attachment":[{"href":"https:\/\/econostrum.info\/suisse\/wp-json\/wp\/v2\/media?parent=103220"}],"wp:term":[{"taxonomy":"category","embeddable":true,"href":"https:\/\/econostrum.info\/suisse\/wp-json\/wp\/v2\/categories?post=103220"},{"taxonomy":"post_tag","embeddable":true,"href":"https:\/\/econostrum.info\/suisse\/wp-json\/wp\/v2\/tags?post=103220"}],"curies":[{"name":"wp","href":"https:\/\/api.w.org\/{rel}","templated":true}]}}