{"id":103199,"date":"2025-04-19T16:00:00","date_gmt":"2025-04-19T14:00:00","guid":{"rendered":"https:\/\/econostrum.info\/suisse\/?p=103199"},"modified":"2025-04-19T12:21:52","modified_gmt":"2025-04-19T10:21:52","slug":"suisse-et-temu-signent-accord-ce-qui-va-changer","status":"publish","type":"post","link":"https:\/\/econostrum.info\/suisse\/suisse-et-temu-signent-accord-ce-qui-va-changer\/","title":{"rendered":"La Suisse et Temu signent un accord : voici ce qui va changer"},"content":{"rendered":"\n<p>La question des pratiques commerciales de Temu en Suisse a \u00e9t\u00e9 soulev\u00e9e apr\u00e8s des plaintes d\u00e9pos\u00e9es par des associations de consommateurs et de commer\u00e7ants suisses. Ces plaintes concernaient principalement des pratiques jug\u00e9es trompeuses et d\u00e9loyales, li\u00e9es aux prix, \u00e0 la pr\u00e9sentation des produits et aux techniques marketing. <\/p>\n\n\n\n<p>Face \u00e0 ces accusations, le Seco a pris l&rsquo;initiative de convoquer une d\u00e9l\u00e9gation de Temu en septembre dernier. L\u2019objectif \u00e9tait de sensibiliser l\u2019entreprise aux exigences du droit suisse de la concurrence d\u00e9loyale, un domaine particuli\u00e8rement scrut\u00e9 par les autorit\u00e9s helv\u00e9tiques.<\/p>\n\n\n\n<h2 class=\"wp-block-heading\"><strong>Les principales modifications d\u00e9cid\u00e9es par Temu<\/strong><\/h2>\n\n\n\n<p>Suite aux discussions avec le Seco, Temu a accept\u00e9 de mettre en place plusieurs changements importants sur sa plateforme. Tout d\u2019abord, l&rsquo;entreprise a consenti \u00e0 ajuster la mani\u00e8re dont elle pr\u00e9sente ses promotions. <\/p>\n\n\n\n<p>D\u00e9sormais, pour toute offre de r\u00e9duction, le prix de r\u00e9f\u00e9rence barr\u00e9 devra correspondre au prix du produit tel qu\u2019il \u00e9tait avant la baisse. Ce d\u00e9tail vise \u00e0 garantir une transparence totale pour les consommateurs, en leur permettant de mieux comprendre l&rsquo;ampleur r\u00e9elle des r\u00e9ductions, rapporte <em><a href=\"https:\/\/www.watson.ch\/fr\/suisse\/temu\/886978385-la-suisse-et-temu-ont-passe-un-accord-voici-ce-qui-va-changer\" target=\"_blank\" rel=\"noopener\">Watson<\/a><\/em>.<\/p>\n\n\n\n<p>Autre ajustement notoire, l\u2019affichage des informations concernant les vendeurs. Temu doit d\u00e9sormais afficher le nom, l&rsquo;adresse et l\u2019adresse e-mail des commer\u00e7ants pr\u00e9sents sur sa plateforme. Cela permettra d&rsquo;am\u00e9liorer la transparence des transactions et de renforcer la confiance des consommateurs dans les offres propos\u00e9es. <\/p>\n\n\n\n<p>Un autre changement majeur concerne le jeu \u00ab\u00a0tourne la roue\u00a0\u00bb, une m\u00e9canique de promotion qui permettait d\u2019offrir des avantages aux utilisateurs, mais qui a \u00e9t\u00e9 abandonn\u00e9e. Cette pratique \u00e9tait souvent per\u00e7ue comme une forme de pression pour inciter \u00e0 l&rsquo;achat imm\u00e9diat.<\/p>\n\n\n\n<h2 class=\"wp-block-heading\"><strong>Des pratiques marketing r\u00e9vis\u00e9es pour moins de pression sur les consommateurs<\/strong><\/h2>\n\n\n\n<p>Les messages pressants qui \u00e9taient fr\u00e9quents sur la plateforme de <a href=\"https:\/\/econostrum.info\/suisse\/suisse-nouvelle-taxe-temu-2025\/\" data-type=\"post\" data-id=\"99891\">Temu<\/a> ont \u00e9galement \u00e9t\u00e9 r\u00e9duits. Des mentions comme \u00ab <em>D\u00e9p\u00eachez-vous ! Plus de X personnes ont ajout\u00e9 cet article \u00e0 leur panier<\/em> \u00bb ou \u00ab Offre \u00e9clair \u00bb sont d\u00e9sormais moins utilis\u00e9es. <\/p>\n\n\n\n<p>De m\u00eame, les messages dans les e-mails marketing, tels que \u00ab<em> Nous avons le regret de vous informer<\/em> \u00bb ou \u00ab <em>Vous devez agir, sinon votre article pr\u00e9f\u00e9r\u00e9 sera \u00e9puis\u00e9<\/em> \u00bb, ont \u00e9t\u00e9 supprim\u00e9s. Ces changements visent \u00e0 limiter la pression \u00e9motionnelle et temporelle exerc\u00e9e sur les consommateurs, une approche souvent d\u00e9nonc\u00e9e par les critiques de Temu.<\/p>\n\n\n\n<p>La mention \u00ab presque \u00e9puis\u00e9 \u00bb, qui apparaissait fr\u00e9quemment sur la plateforme, a aussi \u00e9t\u00e9 encadr\u00e9e de mani\u00e8re plus stricte. Elle ne pourra d\u00e9sormais \u00eatre utilis\u00e9e que lorsque le stock restant d\u2019un produit est compris entre 20 et 99 unit\u00e9s.<\/p>\n\n\n\n<p> Cette mesure vise \u00e0 \u00e9viter la cr\u00e9ation d&rsquo;un faux sentiment de raret\u00e9 lorsque les produits sont encore largement disponibles. Un syst\u00e8me de contr\u00f4le interne a \u00e9t\u00e9 mis en place pour s&rsquo;assurer que cette r\u00e8gle soit respect\u00e9e.<\/p>\n\n\n\n<h2 class=\"wp-block-heading\"><strong>Un compromis gagnant pour Temu et le Seco<\/strong><\/h2>\n\n\n\n<p>Cet accord marque un tournant pour Temu, qui jusque-l\u00e0 s\u2019\u00e9tait montr\u00e9 discret sur ses pratiques commerciales en Suisse. Un porte-parole de la soci\u00e9t\u00e9 a exprim\u00e9 sa satisfaction concernant l\u2019accord, soulignant l\u2019importance de la coop\u00e9ration avec les autorit\u00e9s suisses et l\u2019engagement de l\u2019entreprise \u00e0 maintenir des normes strictes en mati\u00e8re de protection des consommateurs. <\/p>\n\n\n\n<p>En \u00e9change de ces ajustements, le Seco a renonc\u00e9 \u00e0 toute action en justice contre Temu, repr\u00e9sent\u00e9e par sa branche europ\u00e9enne, Whaleco, bas\u00e9e en Irlande. Toutefois, les autorit\u00e9s suisses ont pr\u00e9cis\u00e9 que toute nouvelle plainte concernant les pratiques commerciales de la plateforme pourrait entra\u00eener une nouvelle intervention de l\u2019\u00c9tat.<\/p>\n","protected":false},"excerpt":{"rendered":"<p>Temu a accept\u00e9 de modifier ses pratiques en Suisse apr\u00e8s des n\u00e9gociations avec le Seco, qui renonce \u00e0 toute action en justice.<\/p>\n","protected":false},"author":37,"featured_media":103202,"comment_status":"open","ping_status":"closed","sticky":false,"template":"","format":"standard","meta":{"footnotes":""},"categories":[15,25],"tags":[],"class_list":["post-103199","post","type-post","status-publish","format-standard","has-post-thumbnail","hentry","category-entreprise","category-conso","generate-columns","tablet-grid-50","mobile-grid-100","grid-parent","grid-33","no-featured-image-padding"],"_links":{"self":[{"href":"https:\/\/econostrum.info\/suisse\/wp-json\/wp\/v2\/posts\/103199","targetHints":{"allow":["GET"]}}],"collection":[{"href":"https:\/\/econostrum.info\/suisse\/wp-json\/wp\/v2\/posts"}],"about":[{"href":"https:\/\/econostrum.info\/suisse\/wp-json\/wp\/v2\/types\/post"}],"author":[{"embeddable":true,"href":"https:\/\/econostrum.info\/suisse\/wp-json\/wp\/v2\/users\/37"}],"replies":[{"embeddable":true,"href":"https:\/\/econostrum.info\/suisse\/wp-json\/wp\/v2\/comments?post=103199"}],"version-history":[{"count":0,"href":"https:\/\/econostrum.info\/suisse\/wp-json\/wp\/v2\/posts\/103199\/revisions"}],"wp:featuredmedia":[{"embeddable":true,"href":"https:\/\/econostrum.info\/suisse\/wp-json\/wp\/v2\/media\/103202"}],"wp:attachment":[{"href":"https:\/\/econostrum.info\/suisse\/wp-json\/wp\/v2\/media?parent=103199"}],"wp:term":[{"taxonomy":"category","embeddable":true,"href":"https:\/\/econostrum.info\/suisse\/wp-json\/wp\/v2\/categories?post=103199"},{"taxonomy":"post_tag","embeddable":true,"href":"https:\/\/econostrum.info\/suisse\/wp-json\/wp\/v2\/tags?post=103199"}],"curies":[{"name":"wp","href":"https:\/\/api.w.org\/{rel}","templated":true}]}}