{"id":103194,"date":"2025-04-19T14:00:00","date_gmt":"2025-04-19T12:00:00","guid":{"rendered":"https:\/\/econostrum.info\/suisse\/?p=103194"},"modified":"2025-04-19T12:05:15","modified_gmt":"2025-04-19T10:05:15","slug":"commerce-exterieur-suisse-atteint-sommets-premier-trimestre-2025","status":"publish","type":"post","link":"https:\/\/econostrum.info\/suisse\/commerce-exterieur-suisse-atteint-sommets-premier-trimestre-2025\/","title":{"rendered":"Le commerce ext\u00e9rieur suisse atteint des sommets au premier trimestre 2025"},"content":{"rendered":"\n<p>La Suisse a franchi un cap in\u00e9dit en mati\u00e8re d\u2019\u00e9changes internationaux au premier trimestre 2025. Les chiffres publi\u00e9s par l\u2019Office f\u00e9d\u00e9ral de la douane et de la s\u00e9curit\u00e9 aux fronti\u00e8res t\u00e9moignent d\u2019un dynamisme rare dans les \u00e9changes, particuli\u00e8rement stimul\u00e9 par la demande en produits chimiques et pharmaceutiques. Ce bond confirme une tendance haussi\u00e8re entam\u00e9e depuis le milieu de l\u2019ann\u00e9e pr\u00e9c\u00e9dente.<\/p>\n\n\n\n<p>Au-del\u00e0 des simples volumes, ces performances traduisent une robustesse structurelle de certains secteurs-cl\u00e9s de l\u2019\u00e9conomie suisse, capables de g\u00e9n\u00e9rer des exc\u00e9dents commerciaux importants et de r\u00e9sister \u00e0 la volatilit\u00e9 des march\u00e9s. Cette dynamique interroge sur les moteurs actuels de la comp\u00e9titivit\u00e9 suisse, notamment en mati\u00e8re de sp\u00e9cialisation industrielle et de ciblage g\u00e9ographique des exportations.<\/p>\n\n\n\n<h2 class=\"wp-block-heading\">Une progression record des exportations et des importations<\/h2>\n\n\n\n<p>Les exportations suisses ont augment\u00e9 de 3,6 % en termes nominaux entre janvier et mars 2025, d\u00e9passant pour la premi\u00e8re fois les 74 milliards de francs. Ce chiffre marque un nouveau record trimestriel. <\/p>\n\n\n\n<p>Les importations ont, quant \u00e0 elles, progress\u00e9 de 5,9 % pour atteindre 60,5 milliards, selon les donn\u00e9es diffus\u00e9es par l\u2019Office f\u00e9d\u00e9ral de la douane et de la s\u00e9curit\u00e9 aux fronti\u00e8res et relay\u00e9es par <em><a href=\"https:\/\/www.rts.ch\/info\/economie\/2025\/article\/commerce-exterieur-suisse-record-historique-au-1er-trimestre-2025-28857350.html\" target=\"_blank\" rel=\"noopener\">RTS<\/a><\/em>. L\u2019exc\u00e9dent commercial reste cons\u00e9quent, \u00e0 hauteur de 13,6 milliards.<\/p>\n\n\n\n<p>Tous les groupes de marchandises, \u00e0 l\u2019exception du secteur automobile, ont enregistr\u00e9 une hausse \u00e0 l\u2019exportation. Les produits chimiques et pharmaceutiques se d\u00e9marquent nettement, avec une contribution de 2,3 milliards \u00e0 la croissance, en raison principalement d\u2019un effet prix. <\/p>\n\n\n\n<p>Du c\u00f4t\u00e9 des importations, les douze cat\u00e9gories de biens ont connu une progression, avec une augmentation de 2,5 milliards (+12,6 %), l\u00e0 encore domin\u00e9e par le secteur chimique et pharmaceutique.<\/p>\n\n\n\n<h2 class=\"wp-block-heading\">Les \u00c9tats-Unis en t\u00eate des march\u00e9s les plus dynamiques<\/h2>\n\n\n\n<p>Les exportations vers l\u2019Am\u00e9rique du Nord ont affich\u00e9 la plus forte croissance parmi les principaux march\u00e9s de la Suisse. D\u2019apr\u00e8s l\u2019Office f\u00e9d\u00e9ral de la douane, cit\u00e9 par le m\u00e9dia helv\u00e9tique, les envois vers les <a href=\"https:\/\/econostrum.info\/suisse\/suisse-dixieme-creancier-etats-unis-300-milliards-dollars\/\" data-type=\"post\" data-id=\"103155\">\u00c9tats-Unis <\/a>ont augment\u00e9 de 17,4 %, une dynamique qui s\u2019inscrit dans une tendance d\u00e9j\u00e0 amorc\u00e9e les trimestres pr\u00e9c\u00e9dents. Cette orientation g\u00e9ographique souligne le poids croissant de la relation commerciale transatlantique dans la strat\u00e9gie des entreprises suisses.<\/p>\n\n\n\n<p>L\u2019ensemble des march\u00e9s majeurs ont termin\u00e9 le trimestre dans le vert, avec des hausses plus ou moins marqu\u00e9es. Cette dispersion des performances illustre une diversification des d\u00e9bouch\u00e9s et une capacit\u00e9 \u00e0 r\u00e9pondre \u00e0 une demande globale malgr\u00e9 les incertitudes g\u00e9opolitiques et les tensions sur les cha\u00eenes d\u2019approvisionnement.<\/p>\n\n\n\n<h2 class=\"wp-block-heading\">L\u2019industrie chimique-pharmaceutique, pilier de la croissance commerciale<\/h2>\n\n\n\n<p>La performance exceptionnelle du commerce ext\u00e9rieur suisse repose en grande partie sur le dynamisme de l\u2019industrie chimique et pharmaceutique. Ce secteur, d\u00e9j\u00e0 moteur traditionnel de l\u2019\u00e9conomie nationale, s\u2019impose encore davantage comme un levier de croissance. <\/p>\n\n\n\n<p>La source rapporte que l\u2019essor de 2,3 milliards enregistr\u00e9 dans cette cat\u00e9gorie repose essentiellement sur un effet prix, ce qui sugg\u00e8re une forte valorisation des produits suisses sur les march\u00e9s internationaux.<\/p>\n\n\n\n<p>Cette sp\u00e9cialisation industrielle permet \u00e0 la Suisse de maintenir une position comp\u00e9titive \u00e0 haute valeur ajout\u00e9e. Elle souligne aussi la d\u00e9pendance croissante de la balance commerciale vis-\u00e0-vis de ce segment. <\/p>\n\n\n\n<p>La vigueur des exportations dans ce domaine contraste avec d\u2019autres secteurs comme l\u2019automobile, qui restent \u00e0 la tra\u00eene, et confirme une polarisation accrue des performances commerciales autour de quelques industries phares.<\/p>\n\n\n\n<p><\/p>\n","protected":false},"excerpt":{"rendered":"<p>Port\u00e9 par la chimie-pharma, le commerce ext\u00e9rieur suisse a atteint un record d\u00e9but 2025, avec des \u00e9changes en nette hausse malgr\u00e9 un contexte mondial incertain.<\/p>\n","protected":false},"author":37,"featured_media":103198,"comment_status":"open","ping_status":"closed","sticky":false,"template":"","format":"standard","meta":{"footnotes":""},"categories":[1],"tags":[],"class_list":["post-103194","post","type-post","status-publish","format-standard","has-post-thumbnail","hentry","category-economie","generate-columns","tablet-grid-50","mobile-grid-100","grid-parent","grid-33","no-featured-image-padding"],"_links":{"self":[{"href":"https:\/\/econostrum.info\/suisse\/wp-json\/wp\/v2\/posts\/103194","targetHints":{"allow":["GET"]}}],"collection":[{"href":"https:\/\/econostrum.info\/suisse\/wp-json\/wp\/v2\/posts"}],"about":[{"href":"https:\/\/econostrum.info\/suisse\/wp-json\/wp\/v2\/types\/post"}],"author":[{"embeddable":true,"href":"https:\/\/econostrum.info\/suisse\/wp-json\/wp\/v2\/users\/37"}],"replies":[{"embeddable":true,"href":"https:\/\/econostrum.info\/suisse\/wp-json\/wp\/v2\/comments?post=103194"}],"version-history":[{"count":0,"href":"https:\/\/econostrum.info\/suisse\/wp-json\/wp\/v2\/posts\/103194\/revisions"}],"wp:featuredmedia":[{"embeddable":true,"href":"https:\/\/econostrum.info\/suisse\/wp-json\/wp\/v2\/media\/103198"}],"wp:attachment":[{"href":"https:\/\/econostrum.info\/suisse\/wp-json\/wp\/v2\/media?parent=103194"}],"wp:term":[{"taxonomy":"category","embeddable":true,"href":"https:\/\/econostrum.info\/suisse\/wp-json\/wp\/v2\/categories?post=103194"},{"taxonomy":"post_tag","embeddable":true,"href":"https:\/\/econostrum.info\/suisse\/wp-json\/wp\/v2\/tags?post=103194"}],"curies":[{"name":"wp","href":"https:\/\/api.w.org\/{rel}","templated":true}]}}