{"id":103133,"date":"2025-04-16T16:53:53","date_gmt":"2025-04-16T14:53:53","guid":{"rendered":"https:\/\/econostrum.info\/suisse\/?p=103133"},"modified":"2025-04-16T17:58:40","modified_gmt":"2025-04-16T15:58:40","slug":"alerte-meteo-valais-rhone-place-pre-alerte","status":"publish","type":"post","link":"https:\/\/econostrum.info\/suisse\/alerte-meteo-valais-rhone-place-pre-alerte\/","title":{"rendered":"Alerte m\u00e9t\u00e9o en Valais : le Rh\u00f4ne plac\u00e9 en pr\u00e9-alerte"},"content":{"rendered":"\n<p>Les intemp\u00e9ries ont d\u00e9but\u00e9 dans la nuit de mardi \u00e0 mercredi dans le Haut-Valais, sans d\u00e9g\u00e2ts constat\u00e9s \u00e0 ce stade. Mais la situation pourrait rapidement \u00e9voluer avec l\u2019arriv\u00e9e de nouvelles pluies et chutes de neige attendues jusqu\u2019\u00e0 jeudi soir. M\u00e9t\u00e9oSuisse a d\u00e9j\u00e0 plac\u00e9 plusieurs <a href=\"https:\/\/econostrum.info\/suisse\/meteo-suisse-alerte-maximale-fortes-pluies-haut-valais\/\" data-type=\"post\" data-id=\"103077\">r\u00e9gions en danger tr\u00e8s fort<\/a>.<\/p>\n\n\n\n<p>La r\u00e9action des autorit\u00e9s cantonales a \u00e9t\u00e9 imm\u00e9diate. Mercredi matin, l\u2019Organe cantonal de conduite (OCC) a \u00e9mis une pr\u00e9-alerte pour le fleuve Rh\u00f4ne, craignant une hausse de son d\u00e9bit entre mercredi soir et jeudi. <\/p>\n\n\n\n<p>Cette d\u00e9cision entra\u00eene l\u2019activation d\u2019une surveillance active des digues par les \u00e9tats-majors de conduite concern\u00e9s. Le degr\u00e9 de danger hydrologique pour le fleuve pourrait atteindre le niveau 2, dit de danger limit\u00e9, au cours de la journ\u00e9e de jeudi, rapporte <a href=\"https:\/\/www.blick.ch\/fr\/suisse\/romande\/meteo-suisse-de-fortes-pluies-sont-attendues-dans-le-haut-valais-id19145999.html\" target=\"_blank\" rel=\"noopener\"><em>Blick<\/em><\/a>.<\/p>\n\n\n\n<h2 class=\"wp-block-heading\">Des pr\u00e9cipitations continues sur le Haut-Valais<\/h2>\n\n\n\n<p>Depuis mardi 18h00, des pluies soutenues affectent la r\u00e9gion sud du Simplon, les vall\u00e9es de Saas et de Mattertal, ainsi que le Binntal. Ces pr\u00e9cipitations devraient se prolonger jusqu\u2019\u00e0 jeudi 18h00. D\u2019apr\u00e8s M\u00e9t\u00e9oSuisse, le degr\u00e9 de danger m\u00e9t\u00e9orologique est actuellement de niveau 5 sur 5, qualifi\u00e9 de tr\u00e8s fort. Mercredi matin d\u00e9j\u00e0, la pluie tombait abondamment sur ces zones.<\/p>\n\n\n\n<p>Le cumul d\u2019eau attendu varie entre 150 et 250 mm sous 2000 m\u00e8tres d\u2019altitude. Dans la vall\u00e9e de Zermatt, les autorit\u00e9s signalent un danger fort de niveau 4 pour les intemp\u00e9ries et un danger de degr\u00e9 3 pour les chutes de neige. M\u00e9t\u00e9oSuisse pr\u00e9voit pour cette zone entre 80 et 150 mm de pluie et de 40 \u00e0 60 cm de neige au-dessus de 1500 m\u00e8tres. \u00c0 plus haute altitude, les cumuls de neige pourraient atteindre entre 60 et 120 cm, voire davantage sur les hauts sommets.<\/p>\n\n\n\n<h2 class=\"wp-block-heading\">Le Rh\u00f4ne sous surveillance \u00e9troite<\/h2>\n\n\n\n<p>Le Rh\u00f4ne, principal fleuve du canton, fait l\u2019objet d\u2019une attention particuli\u00e8re. La pr\u00e9-alerte \u00e9mise mercredi implique une mobilisation des ressources de terrain et une coordination renforc\u00e9e entre les services concern\u00e9s. Selon le communiqu\u00e9 de l\u2019OCC diffus\u00e9 vers midi, la situation est suivie et analys\u00e9e en continu.<\/p>\n\n\n\n<p>Le niveau de vigilance est aussi relev\u00e9 pour les cours d\u2019eau lat\u00e9raux, expos\u00e9s \u00e0 des d\u00e9bordements, des laves torrentielles et des mouvements de terrain. L\u2019OCC recommande fermement \u00e0 la population de ne pas s\u2019approcher des rivi\u00e8res, de ne pas stationner sur les ponts, de limiter ses d\u00e9placements et de ne pas chercher \u00e0 filmer ou photographier les \u00e9v\u00e9nements en cours. Il est \u00e9galement conseill\u00e9 d\u2019\u00e9viter caves et garages souterrains en cas d\u2019inondation et de respecter scrupuleusement les instructions des autorit\u00e9s.<\/p>\n\n\n\n<h2 class=\"wp-block-heading\">Des risques naturels accrus dans les zones de montagne<\/h2>\n\n\n\n<p>En montagne, les conditions m\u00e9t\u00e9orologiques extr\u00eames attendues suscitent des inqui\u00e9tudes. La neige est pr\u00e9vue jusqu\u2019au fond des vall\u00e9es, avec des pr\u00e9cipitations neigeuses particuli\u00e8rement intenses au-dessus de 2000 m\u00e8tres. <\/p>\n\n\n\n<p>Le cumul pourrait atteindre 120 cm, et les pr\u00e9cipitations pluvieuses resteront importantes jusqu\u2019\u00e0 jeudi soir. Ces conditions sont propices \u00e0 des glissements de terrain, \u00e0 des \u00e9boulements et \u00e0 des ph\u00e9nom\u00e8nes de lave torrentielle le long des rivi\u00e8res.<\/p>\n\n\n\n<p>Les autorit\u00e9s appellent les habitants et les visiteurs \u00e0 la prudence dans les r\u00e9gions concern\u00e9es, notamment dans le sud du Simplon, \u00e0 Saas, dans le Mattertal et le Binntal. M\u00e9t\u00e9oSuisse maintient son niveau d\u2019alerte \u00e9lev\u00e9 et rappelle que m\u00eame les lits de ruisseaux ass\u00e9ch\u00e9s ou les bords de lacs peuvent devenir dangereux.<\/p>\n","protected":false},"excerpt":{"rendered":"<p>Face \u00e0 de fortes pluies, le Valais a plac\u00e9 le Rh\u00f4ne en pr\u00e9-alerte entre Gletsch et Martigny. Les autorit\u00e9s appellent \u00e0 la vigilance, les niveaux de danger \u00e9tant jug\u00e9s critiques.<\/p>\n","protected":false},"author":17,"featured_media":103137,"comment_status":"open","ping_status":"closed","sticky":false,"template":"","format":"standard","meta":{"footnotes":""},"categories":[19],"tags":[],"class_list":["post-103133","post","type-post","status-publish","format-standard","has-post-thumbnail","hentry","category-meteo","generate-columns","tablet-grid-50","mobile-grid-100","grid-parent","grid-33","no-featured-image-padding"],"_links":{"self":[{"href":"https:\/\/econostrum.info\/suisse\/wp-json\/wp\/v2\/posts\/103133","targetHints":{"allow":["GET"]}}],"collection":[{"href":"https:\/\/econostrum.info\/suisse\/wp-json\/wp\/v2\/posts"}],"about":[{"href":"https:\/\/econostrum.info\/suisse\/wp-json\/wp\/v2\/types\/post"}],"author":[{"embeddable":true,"href":"https:\/\/econostrum.info\/suisse\/wp-json\/wp\/v2\/users\/17"}],"replies":[{"embeddable":true,"href":"https:\/\/econostrum.info\/suisse\/wp-json\/wp\/v2\/comments?post=103133"}],"version-history":[{"count":0,"href":"https:\/\/econostrum.info\/suisse\/wp-json\/wp\/v2\/posts\/103133\/revisions"}],"wp:featuredmedia":[{"embeddable":true,"href":"https:\/\/econostrum.info\/suisse\/wp-json\/wp\/v2\/media\/103137"}],"wp:attachment":[{"href":"https:\/\/econostrum.info\/suisse\/wp-json\/wp\/v2\/media?parent=103133"}],"wp:term":[{"taxonomy":"category","embeddable":true,"href":"https:\/\/econostrum.info\/suisse\/wp-json\/wp\/v2\/categories?post=103133"},{"taxonomy":"post_tag","embeddable":true,"href":"https:\/\/econostrum.info\/suisse\/wp-json\/wp\/v2\/tags?post=103133"}],"curies":[{"name":"wp","href":"https:\/\/api.w.org\/{rel}","templated":true}]}}