{"id":103101,"date":"2025-04-16T12:31:42","date_gmt":"2025-04-16T10:31:42","guid":{"rendered":"https:\/\/econostrum.info\/suisse\/?p=103101"},"modified":"2025-04-16T12:31:44","modified_gmt":"2025-04-16T10:31:44","slug":"meteo-suisse-profiter-soleil-paques-cap-sur","status":"publish","type":"post","link":"https:\/\/econostrum.info\/suisse\/meteo-suisse-profiter-soleil-paques-cap-sur\/","title":{"rendered":"M\u00e9t\u00e9o en Suisse : Pour profiter du soleil \u00e0 P\u00e2ques, cap sur cette r\u00e9gion"},"content":{"rendered":"\n<p>Les mod\u00e8les m\u00e9t\u00e9orologiques restent encore ouverts \u00e0 diverses \u00e9volutions, mais les premi\u00e8res tendances confirment un d\u00e9s\u00e9quilibre nord-sud inattendu. Alors que le foehn pourrait offrir des \u00e9claircies au nord d\u00e8s samedi, le Tessin devrait rester sous les nuages et la pluie. Le choix de destination pourrait ainsi \u00eatre d\u00e9cisif pour celles et ceux esp\u00e9rant profiter de la lumi\u00e8re printani\u00e8re.<\/p>\n\n\n\n<p>En cette semaine de vacances scolaires, ceux qui ont tent\u00e9 de fuir la grisaille en direction du Tessin ont \u00e9t\u00e9 accueillis par la pluie et des temp\u00e9ratures fra\u00eeches. Selon Felix Blumer, m\u00e9t\u00e9orologue chez SRF Meteo, les conditions sont dict\u00e9es par une pouss\u00e9e d\u2019air froid sur l\u2019Atlantique, orient\u00e9e vers l\u2019Espagne, rapporte <em><a href=\"https:\/\/www.watson.ch\/fr\/suisse\/meteo\/853598902-meteo-voici-ou-trouver-le-soleil-en-suisse-a-paques-2025\" target=\"_blank\" rel=\"noopener\">Watson<\/a><\/em>.<\/p>\n\n\n\n<p>\u00c0 l\u2019avant de cette masse, un courant de sud s\u2019est install\u00e9, provoquant un effet de foehn en Suisse. Cette situation devrait se maintenir jusqu\u2019\u00e0 mercredi, mais deviendra plus complexe ensuite.<\/p>\n\n\n\n<h2 class=\"wp-block-heading\">Le nord mieux loti pour le week-end pascal<\/h2>\n\n\n\n<p>Selon Daniel Murer de M\u00e9t\u00e9oSuisse, le Vendredi saint verra le nord du Jura et l\u2019est du Plateau envelopp\u00e9s de nuages, tandis que la plupart des autres r\u00e9gions profiteront du soleil. Le samedi s\u2019annonce ensoleill\u00e9 sur une large partie du territoire, \u00e0 l\u2019exception notable du Tessin, qui restera couvert en raison de nuages de poussi\u00e8re.<\/p>\n\n\n\n<p>Le dimanche de P\u00e2ques maintiendra ce contraste. Au nord, les Alpes et le Jura b\u00e9n\u00e9ficieront d\u2019\u00e9claircies partielles, tandis que <a href=\"https:\/\/econostrum.info\/suisse\/meteo-suisse-sud-sous-ciel-pluvieux-paques\/\" data-type=\"post\" data-id=\"103037\">le sud restera maussade<\/a>. Le lundi, quant \u00e0 lui, devrait \u00eatre partiellement ensoleill\u00e9 dans l\u2019ensemble du pays.<\/p>\n\n\n\n<p>Ce sc\u00e9nario m\u00e9t\u00e9orologique inverse les attentes habituelles. Alors que de nombreux Suisses envisagent de franchir le Gothard pour retrouver la chaleur du Tessin, ce sont les r\u00e9gions septentrionales qui, cette fois, offriront les meilleures perspectives de soleil.<\/p>\n\n\n\n<h2 class=\"wp-block-heading\">Des perturbations froides venues de l\u2019Atlantique<\/h2>\n\n\n\n<p>Les pr\u00e9visions demeurent incertaines au-del\u00e0 de mercredi soir. Plusieurs mod\u00e8les indiquent qu\u2019une partie de l\u2019air froid se d\u00e9placera vers la Corse, avant de remonter vers l\u2019Adriatique italienne.<\/p>\n\n\n\n<p>Le reste de la masse devrait temporairement glisser vers les \u00eeles Britanniques, d\u2019apr\u00e8s Felix Blumer. Cet air froid reviendrait ensuite vers les Alpes samedi, provoquant un courant de foehn limit\u00e9 au Samedi saint, suivi de l\u2019arriv\u00e9e d\u2019un front froid depuis le nord-ouest.<\/p>\n\n\n\n<p>Ce refroidissement pourrait entra\u00eener une accumulation d\u2019air froid sur les sommets, abaissant la limite des chutes de neige \u00e0 moins de 1000 m\u00e8tres dans l\u2019ouest et le sud, voire \u00e0 600 m\u00e8tres dans la vall\u00e9e du Rh\u00f4ne. Felix Blumer pr\u00e9cise toutefois qu\u2019aucun mod\u00e8le m\u00e9t\u00e9orologique europ\u00e9en ne pr\u00e9voit une limite de neige inf\u00e9rieure \u00e0 1000 m\u00e8tres sur le Plateau ou dans les vall\u00e9es alpines.<\/p>\n\n\n\n<h2 class=\"wp-block-heading\">Le Tessin sous la pluie, vigilance accrue en montagne<\/h2>\n\n\n\n<p>Le Tessin, surnomm\u00e9 \u00ab le pays du soleil \u00bb, ne tiendra pas son rang cette ann\u00e9e. Selon M\u00e9t\u00e9oSuisse, il pourrait s\u2019agir de la r\u00e9gion la plus arros\u00e9e du pays pendant le week-end de P\u00e2ques. \u00c0 l\u2019inverse, au nord, les pr\u00e9cipitations seront limit\u00e9es \u00e0 certaines zones dimanche et surtout lundi.<\/p>\n\n\n\n<p>Cette humidit\u00e9, combin\u00e9e \u00e0 la neige attendue en altitude d\u2019ici jeudi, entra\u00eenera une hausse du risque d\u2019avalanches. L\u2019Institut suisse de recherche sur les avalanches (SLF) anticipe un danger marqu\u00e9, de niveau 3, dans toute la r\u00e9gion alpine d\u00e8s le matin. Ce risque sera particuli\u00e8rement accru dans le sud des Alpes valaisannes, la vall\u00e9e de Conches et la r\u00e9gion du Simplon, notamment en haute altitude.<\/p>\n\n\n\n<p>Les amateurs de soleil et de plein air devront revoir leurs plans. Comme le souligne Daniel Murer, \u00ab <em>aller au sud n\u2019est pas forc\u00e9ment une bonne id\u00e9e <\/em>\u00bb, sauf pour ceux qui ne redoutent ni les nuages ni la pluie.<\/p>\n","protected":false},"excerpt":{"rendered":"<p>Les pr\u00e9visions de P\u00e2ques 2025 inversent les habitudes, avec un nord suisse annonc\u00e9 plus ensoleill\u00e9 que le Tessin, pourtant r\u00e9put\u00e9 pour son climat doux.<\/p>\n","protected":false},"author":37,"featured_media":103105,"comment_status":"open","ping_status":"closed","sticky":false,"template":"","format":"standard","meta":{"footnotes":""},"categories":[19],"tags":[],"class_list":["post-103101","post","type-post","status-publish","format-standard","has-post-thumbnail","hentry","category-meteo","generate-columns","tablet-grid-50","mobile-grid-100","grid-parent","grid-33","no-featured-image-padding"],"_links":{"self":[{"href":"https:\/\/econostrum.info\/suisse\/wp-json\/wp\/v2\/posts\/103101","targetHints":{"allow":["GET"]}}],"collection":[{"href":"https:\/\/econostrum.info\/suisse\/wp-json\/wp\/v2\/posts"}],"about":[{"href":"https:\/\/econostrum.info\/suisse\/wp-json\/wp\/v2\/types\/post"}],"author":[{"embeddable":true,"href":"https:\/\/econostrum.info\/suisse\/wp-json\/wp\/v2\/users\/37"}],"replies":[{"embeddable":true,"href":"https:\/\/econostrum.info\/suisse\/wp-json\/wp\/v2\/comments?post=103101"}],"version-history":[{"count":0,"href":"https:\/\/econostrum.info\/suisse\/wp-json\/wp\/v2\/posts\/103101\/revisions"}],"wp:featuredmedia":[{"embeddable":true,"href":"https:\/\/econostrum.info\/suisse\/wp-json\/wp\/v2\/media\/103105"}],"wp:attachment":[{"href":"https:\/\/econostrum.info\/suisse\/wp-json\/wp\/v2\/media?parent=103101"}],"wp:term":[{"taxonomy":"category","embeddable":true,"href":"https:\/\/econostrum.info\/suisse\/wp-json\/wp\/v2\/categories?post=103101"},{"taxonomy":"post_tag","embeddable":true,"href":"https:\/\/econostrum.info\/suisse\/wp-json\/wp\/v2\/tags?post=103101"}],"curies":[{"name":"wp","href":"https:\/\/api.w.org\/{rel}","templated":true}]}}