{"id":103047,"date":"2025-04-15T11:36:00","date_gmt":"2025-04-15T09:36:00","guid":{"rendered":"https:\/\/econostrum.info\/suisse\/?p=103047"},"modified":"2025-04-15T13:58:28","modified_gmt":"2025-04-15T11:58:28","slug":"meteo-suisse-alerte-niveau-4-pays","status":"publish","type":"post","link":"https:\/\/econostrum.info\/suisse\/meteo-suisse-alerte-niveau-4-pays\/","title":{"rendered":"M\u00e9t\u00e9o en Suisse : Alerte de niveau 4 pour fortes intemp\u00e9ries sur le pays entre mardi et jeudi"},"content":{"rendered":"\n<p>La Suisse romande et le sud des Alpes s&rsquo;appr\u00eatent \u00e0 affronter un \u00e9pisode de mauvais temps exceptionnel entre mardi et jeudi. <a href=\"https:\/\/www.meteosuisse.admin.ch\/services-et-publications\/applications\/dangers.html#tab=severe-weather-map&amp;weather-tab=all\" target=\"_blank\" rel=\"noopener\"><em>M\u00e9t\u00e9oSuisse<\/em> a \u00e9mis une alerte de niveau 4<\/a>, et des pr\u00e9cipitations pouvant atteindre plus de 200 mm en 48 heures sont attendues dans certaines r\u00e9gions. La neige fera son retour d\u00e8s 1000 m\u00e8tres d&rsquo;altitude, et des risques d&rsquo;inondations sont \u00e0 pr\u00e9voir.<\/p>\n\n\n\n<p>Ce changement brutal de conditions m\u00e9t\u00e9orologiques survient apr\u00e8s plusieurs semaines de calme relatif, et il affectera principalement le sud des Alpes valaisannes, ainsi que le Jura. En raison de cette perturbation, les temp\u00e9ratures chuteront fortement et la neige sera pr\u00e9sente d\u00e8s les altitudes moyennes. Ce ph\u00e9nom\u00e8ne m\u00e9t\u00e9orologique est le r\u00e9sultat d&rsquo;un axe d\u00e9pressionnaire qui s&rsquo;\u00e9tend de l&rsquo;Islande \u00e0 l&rsquo;Espagne et provoque une dynamique de sud au-dessus des Alpes.<\/p>\n\n\n\n<p>Le retour du mauvais temps va apporter des averses soutenues, des chutes de neige et un risque \u00e9lev\u00e9 d&rsquo;inondations. L&rsquo;alerte de niveau 4 de M\u00e9t\u00e9oSuisse concerne principalement les r\u00e9gions du Haut-Valais, du Jura et de certaines vall\u00e9es des Alpes valaisannes. Des mesures de pr\u00e9vention ont \u00e9t\u00e9 mises en place pour limiter les impacts de cet \u00e9pisode m\u00e9t\u00e9orologique sur la population et les infrastructures.<\/p>\n\n\n\n<h2 class=\"wp-block-heading\">Un retour brutal de la pluie et de la neige<\/h2>\n\n\n\n<p>\u00c0 partir de ce mardi soir, une perturbation importante se profile sur la Suisse. L&rsquo;axe d\u00e9pressionnaire responsable de cette situation m\u00e9t\u00e9orologique se trouve entre l&rsquo;Islande et l&rsquo;Espagne, et provoque une dynamique de sud sur <a href=\"https:\/\/econostrum.info\/suisse\/boom-immobilier-alpes-suisses-ambitions\/\" data-type=\"post\" data-id=\"100472\">les Alpes<\/a>. <\/p>\n\n\n\n<p>En cons\u00e9quence, des pluies abondantes sont attendues, particuli\u00e8rement dans le sud des Alpes valaisannes, le Haut-Valais, ainsi que dans le Jura. Les pr\u00e9cipitations seront particuli\u00e8rement marqu\u00e9es d\u00e8s la nuit de mardi \u00e0 mercredi, avec des cumuls qui pourraient atteindre jusqu\u2019\u00e0 200 mm de pluie en moins de 48 heures.<\/p>\n\n\n\n<p>Le sud du Jura et la cr\u00eate sud des Alpes valaisannes seront les zones les plus touch\u00e9es, o\u00f9 l\u2019on pr\u00e9voit des averses continues tout au long de mercredi et jeudi. Les temp\u00e9ratures resteront basses \u00e0 cause de la couverture nuageuse et des pr\u00e9cipitations continues, et la neige pourrait s&rsquo;abaisser \u00e0 1000 m d&rsquo;altitude, notamment dans le Jura et les Alpes valaisannes. Ces conditions devraient causer des perturbations et des risques de glissements de terrain, particuli\u00e8rement dans les zones montagneuses, explique <a href=\"https:\/\/meteonews.ch\/fr\/News\/N15051\/Coup-de-frais-mercredi-et-jeudi\" target=\"_blank\" rel=\"noopener\"><em>M\u00e9t\u00e9oNews<\/em><\/a>.<\/p>\n\n\n\n<h2 class=\"wp-block-heading\">Risques d&rsquo;inondations et cumuls de neige importants<\/h2>\n\n\n\n<p>L&rsquo;un des principaux risques li\u00e9s \u00e0 cet \u00e9pisode m\u00e9t\u00e9orologique est le danger d&rsquo;inondations. En raison de la quantit\u00e9 exceptionnelle de pluie attendue, les autorit\u00e9s ont averti que des crues soudaines pourraient affecter plusieurs vall\u00e9es, notamment au sud du Simplon et de la vall\u00e9e de Saas, o\u00f9 des cumuls de pluie de plus de 200 mm en 48 heures sont pr\u00e9vus. <\/p>\n\n\n\n<p>Le Haut-Valais, le sud du canton de Berne et le Plateau recevront entre 30 et 70 mm de pluie pendant cet \u00e9pisode. Ce volume d&rsquo;eau pourrait entra\u00eener des crues importantes, notamment dans les rivi\u00e8res et affluents des r\u00e9gions concern\u00e9es.<\/p>\n\n\n\n<p>Parall\u00e8lement aux pr\u00e9cipitations, des chutes de neige importantes sont attendues au-dessus de 1000 m d&rsquo;altitude. Sur les hauteurs des Alpes valaisannes, la neige pourrait atteindre des cumuls de 2 m\u00e8tres au-dessus de 2200 m d\u2019altitude, ce qui rendra la circulation difficile, notamment sur les cols et routes de montagne. Il est conseill\u00e9 aux habitants et voyageurs de prendre des pr\u00e9cautions, notamment en v\u00e9rifiant les conditions routi\u00e8res et en se pr\u00e9parant \u00e0 d\u2019\u00e9ventuelles fermetures de routes.<\/p>\n\n\n\n<h2 class=\"wp-block-heading\">Accalmie attendue pour le week-end de P\u00e2ques<\/h2>\n\n\n\n<p>La situation m\u00e9t\u00e9o se stabilisera en fin de semaine. D\u00e8s le vendredi de P\u00e2ques, une am\u00e9lioration des conditions est attendue. Le temps redeviendra plus ensoleill\u00e9 l&rsquo;apr\u00e8s-midi, bien que des nuages persistants soient encore pr\u00e9sents dans le nord de la Suisse romande.<\/p>\n\n\n\n<p>Les temp\u00e9ratures devraient augmenter, atteignant environ 15 \u00e0 16\u00b0C en plaine. Cette accalmie se poursuivra le samedi, avec des temp\u00e9ratures atteignant 18 \u00e0 19\u00b0C, malgr\u00e9 la pr\u00e9sence de quelques nuages d&rsquo;altitude.<\/p>\n\n\n\n<p>Cependant, cette p\u00e9riode de calme sera de courte dur\u00e9e. D\u00e8s dimanche et lundi de P\u00e2ques, une nouvelle d\u00e9pression venue de la M\u00e9diterran\u00e9e apportera \u00e0 nouveau des conditions instables.<\/p>\n\n\n\n<p>Des averses seront possibles sur l&rsquo;ensemble du pays, marquant la fin de l&rsquo;am\u00e9lioration temporaire. La vigilance restera de mise \u00e0 l&rsquo;approche de ces nouvelles perturbations.<\/p>\n","protected":false},"excerpt":{"rendered":"<p>La Suisse romande et le sud des Alpes seront frapp\u00e9s par un mauvais temps entre mardi et jeudi, avec des pr\u00e9cipitations de 200 mm, du retour de la neige d\u00e8s 1000 m et des risques d&rsquo;inondations.<\/p>\n","protected":false},"author":17,"featured_media":103055,"comment_status":"open","ping_status":"closed","sticky":false,"template":"","format":"standard","meta":{"footnotes":""},"categories":[19],"tags":[],"class_list":["post-103047","post","type-post","status-publish","format-standard","has-post-thumbnail","hentry","category-meteo","generate-columns","tablet-grid-50","mobile-grid-100","grid-parent","grid-33","no-featured-image-padding"],"_links":{"self":[{"href":"https:\/\/econostrum.info\/suisse\/wp-json\/wp\/v2\/posts\/103047","targetHints":{"allow":["GET"]}}],"collection":[{"href":"https:\/\/econostrum.info\/suisse\/wp-json\/wp\/v2\/posts"}],"about":[{"href":"https:\/\/econostrum.info\/suisse\/wp-json\/wp\/v2\/types\/post"}],"author":[{"embeddable":true,"href":"https:\/\/econostrum.info\/suisse\/wp-json\/wp\/v2\/users\/17"}],"replies":[{"embeddable":true,"href":"https:\/\/econostrum.info\/suisse\/wp-json\/wp\/v2\/comments?post=103047"}],"version-history":[{"count":0,"href":"https:\/\/econostrum.info\/suisse\/wp-json\/wp\/v2\/posts\/103047\/revisions"}],"wp:featuredmedia":[{"embeddable":true,"href":"https:\/\/econostrum.info\/suisse\/wp-json\/wp\/v2\/media\/103055"}],"wp:attachment":[{"href":"https:\/\/econostrum.info\/suisse\/wp-json\/wp\/v2\/media?parent=103047"}],"wp:term":[{"taxonomy":"category","embeddable":true,"href":"https:\/\/econostrum.info\/suisse\/wp-json\/wp\/v2\/categories?post=103047"},{"taxonomy":"post_tag","embeddable":true,"href":"https:\/\/econostrum.info\/suisse\/wp-json\/wp\/v2\/tags?post=103047"}],"curies":[{"name":"wp","href":"https:\/\/api.w.org\/{rel}","templated":true}]}}