{"id":103026,"date":"2025-04-15T10:39:00","date_gmt":"2025-04-15T08:39:00","guid":{"rendered":"https:\/\/econostrum.info\/suisse\/?p=103026"},"modified":"2025-04-15T12:53:08","modified_gmt":"2025-04-15T10:53:08","slug":"suisse-veut-seloigner-etats-unis-trump-garantir-securite","status":"publish","type":"post","link":"https:\/\/econostrum.info\/suisse\/suisse-veut-seloigner-etats-unis-trump-garantir-securite\/","title":{"rendered":"La Suisse veut s\u2019\u00e9loigner des \u00c9tats-Unis de Trump pour garantir sa s\u00e9curit\u00e9"},"content":{"rendered":"\n<p>\u00c0 travers un sondage men\u00e9 par Tamedia, la population suisse r\u00e9v\u00e8le un changement strat\u00e9gique majeur dans ses priorit\u00e9s de d\u00e9fense : une large majorit\u00e9 pr\u00e9f\u00e8re se tourner vers l&rsquo;Europe plut\u00f4t que vers les \u00c9tats-Unis sous l&rsquo;administration Trump, rapporte <a href=\"https:\/\/www.watson.ch\/fr\/suisse\/armee\/122479754-pour-sa-securite-la-suisse-veut-s-eloigner-des-etats-unis-de-trump\" target=\"_blank\" rel=\"noopener\"><em>Watson<\/em><\/a>. Ce tournant pourrait red\u00e9finir la mani\u00e8re dont la Suisse aborde ses partenariats en mati\u00e8re de s\u00e9curit\u00e9.<\/p>\n\n\n\n<p>Les r\u00e9sultats de ce sondage, r\u00e9alis\u00e9s entre le 31 mars et le 1\u1d49\u02b3 avril aupr\u00e8s de 35 132 personnes, avec une marge d\u2019erreur de 3,3 %, montrent des tendances de plus en plus marqu\u00e9es en faveur d\u2019une coop\u00e9ration renforc\u00e9e avec l\u2019Europe. <\/p>\n\n\n\n<p>Pour beaucoup, la s\u00e9curit\u00e9 nationale ne doit plus reposer sur les relations avec les \u00c9tats-Unis, mais bien sur des partenariats plus proches au sein du continent europ\u00e9en. Ces choix refl\u00e8tent \u00e9galement un rejet croissant de certaines d\u00e9cisions prises par l\u2019administration Trump, notamment en mati\u00e8re de d\u00e9fense et d\u2019armement.<\/p>\n\n\n\n<h2 class=\"wp-block-heading\">Une pr\u00e9f\u00e9rence europ\u00e9enne dans les achats militaires<\/h2>\n\n\n\n<p>Une des donn\u00e9es les plus r\u00e9v\u00e9latrices du sondage est le rejet massif des achats militaires aupr\u00e8s des \u00c9tats-Unis, notamment en ce qui concerne l\u2019acquisition d\u2019avions de combat. Environ 82 % des Suisses estiment que le pays devrait privil\u00e9gier les fournisseurs europ\u00e9ens plut\u00f4t qu&rsquo;am\u00e9ricains pour ses achats d&rsquo;armements. <\/p>\n\n\n\n<p>Cette opinion est particuli\u00e8rement forte pour le projet d&rsquo;achat des F-35 am\u00e9ricains, choisi par le Conseil f\u00e9d\u00e9ral. Seuls 30 % des r\u00e9pondants soutiennent encore l&rsquo;achat de ces avions, tandis que 66 % s\u2019y opposent fermement.<\/p>\n\n\n\n<p>Cette opposition est encore plus marqu\u00e9e parmi les \u00e9lecteurs des Verts, o\u00f9 89 % rejettent le projet. En revanche, <a href=\"https:\/\/econostrum.info\/suisse\/udc-capitale-vaudoise-lausanne-payerne\/\" data-type=\"post\" data-id=\"102847\">au sein de l\u2019UDC<\/a>, seulement 51 % se montrent contre l\u2019achat des F-35. Cette divergence montre l\u2019importance des convictions politiques dans les choix de d\u00e9fense en Suisse, un pays qui a toujours fait preuve d\u2019une neutralit\u00e9 \u00e0 toute \u00e9preuve. <\/p>\n\n\n\n<p>L\u2019argument principal des opposants au F-35 est que l&rsquo;arm\u00e9e suisse pourrait opter pour des \u00e9quipements europ\u00e9ens tout en pr\u00e9servant sa souverainet\u00e9, sans d\u00e9pendre de l&rsquo;influence des \u00c9tats-Unis.<\/p>\n\n\n\n<h2 class=\"wp-block-heading\">La Suisse se tourne vers l&rsquo;Union Europ\u00e9enne pour la s\u00e9curit\u00e9<\/h2>\n\n\n\n<p>En parall\u00e8le de son rejet des achats d\u2019armements am\u00e9ricains, la population suisse semble de plus en plus encline \u00e0 renforcer ses liens avec l\u2019Union Europ\u00e9enne, surtout dans le domaine de la politique de s\u00e9curit\u00e9. <\/p>\n\n\n\n<p>Environ 77 % des personnes interrog\u00e9es se disent favorables \u00e0 une coop\u00e9ration plus \u00e9troite avec l&rsquo;UE dans ce domaine. Ce soutien est particuli\u00e8rement marqu\u00e9 parmi les \u00e9lecteurs du Parti Socialiste et du PLR, avec respectivement 90 % et 84 % de personnes en faveur d\u2019une coop\u00e9ration plus approfondie.<\/p>\n\n\n\n<p>Cette volont\u00e9 de rapprochement avec l&rsquo;UE pourrait marquer un tournant dans la politique \u00e9trang\u00e8re suisse. Traditionnellement ind\u00e9pendante et neutre, la Suisse semble d\u00e9sormais plus dispos\u00e9e \u00e0 participer \u00e0 des initiatives de s\u00e9curit\u00e9 au sein du continent europ\u00e9en, au lieu de se concentrer uniquement sur ses relations avec des pays ext\u00e9rieurs comme les \u00c9tats-Unis. <\/p>\n\n\n\n<p>Le sondage r\u00e9v\u00e8le \u00e9galement que le soutien \u00e0 cette coop\u00e9ration n\u2019est pas homog\u00e8ne sur tout le territoire suisse, mais reste largement majoritaire, renfor\u00e7ant ainsi l&rsquo;id\u00e9e d&rsquo;un virage strat\u00e9gique en mati\u00e8re de politique de d\u00e9fense.<\/p>\n\n\n\n<h2 class=\"wp-block-heading\">L\u2019OTAN : Une coop\u00e9ration sans adh\u00e9sion<\/h2>\n\n\n\n<p>Un autre point int\u00e9ressant relev\u00e9 par le sondage est la position de la Suisse vis-\u00e0-vis de l\u2019OTAN. Bien que le pays n\u2019envisage pas une adh\u00e9sion \u00e0 l\u2019organisation, une majorit\u00e9 de 71 % des r\u00e9pondants se montre favorable \u00e0 une coop\u00e9ration avec l&rsquo;OTAN. Ce soutien refl\u00e8te une volont\u00e9 de la Suisse de maintenir son statut de neutralit\u00e9 tout en participant \u00e0 des initiatives communes de d\u00e9fense. <\/p>\n\n\n\n<p>Toutefois, la question de l&rsquo;adh\u00e9sion reste un sujet sensible, avec seulement 37 % des personnes interrog\u00e9es qui se disent favorables \u00e0 l\u2019id\u00e9e d\u2019une adh\u00e9sion formelle. Cette position est particuli\u00e8rement soutenue par les \u00e9lecteurs de gauche et les Vert\u2019lib\u00e9raux, qui sont plus enclins \u00e0 une coop\u00e9ration \u00e9troite avec des organisations internationales comme l&rsquo;OTAN, tout en restant en dehors de l\u2019adh\u00e9sion proprement dite.<\/p>\n\n\n\n<p>Cette attitude pourrait \u00e9voluer au fil du temps, mais pour l\u2019instant, la majorit\u00e9 des Suisses reste r\u00e9ticente \u00e0 sacrifier leur statut de neutralit\u00e9 en rejoignant officiellement l&rsquo;OTAN, tout en cherchant des moyens de collaborer avec l\u2019organisation pour garantir leur s\u00e9curit\u00e9.<\/p>\n","protected":false},"excerpt":{"rendered":"<p>Un sondage r\u00e9cent montre que la Suisse souhaite r\u00e9duire ses liens militaires avec les \u00c9tats-Unis sous Trump et se rapprocher de l&rsquo;Union Europ\u00e9enne en mati\u00e8re de d\u00e9fense.<\/p>\n","protected":false},"author":37,"featured_media":103028,"comment_status":"open","ping_status":"closed","sticky":false,"template":"","format":"standard","meta":{"footnotes":""},"categories":[1],"tags":[],"class_list":["post-103026","post","type-post","status-publish","format-standard","has-post-thumbnail","hentry","category-economie","generate-columns","tablet-grid-50","mobile-grid-100","grid-parent","grid-33","no-featured-image-padding"],"_links":{"self":[{"href":"https:\/\/econostrum.info\/suisse\/wp-json\/wp\/v2\/posts\/103026","targetHints":{"allow":["GET"]}}],"collection":[{"href":"https:\/\/econostrum.info\/suisse\/wp-json\/wp\/v2\/posts"}],"about":[{"href":"https:\/\/econostrum.info\/suisse\/wp-json\/wp\/v2\/types\/post"}],"author":[{"embeddable":true,"href":"https:\/\/econostrum.info\/suisse\/wp-json\/wp\/v2\/users\/37"}],"replies":[{"embeddable":true,"href":"https:\/\/econostrum.info\/suisse\/wp-json\/wp\/v2\/comments?post=103026"}],"version-history":[{"count":0,"href":"https:\/\/econostrum.info\/suisse\/wp-json\/wp\/v2\/posts\/103026\/revisions"}],"wp:featuredmedia":[{"embeddable":true,"href":"https:\/\/econostrum.info\/suisse\/wp-json\/wp\/v2\/media\/103028"}],"wp:attachment":[{"href":"https:\/\/econostrum.info\/suisse\/wp-json\/wp\/v2\/media?parent=103026"}],"wp:term":[{"taxonomy":"category","embeddable":true,"href":"https:\/\/econostrum.info\/suisse\/wp-json\/wp\/v2\/categories?post=103026"},{"taxonomy":"post_tag","embeddable":true,"href":"https:\/\/econostrum.info\/suisse\/wp-json\/wp\/v2\/tags?post=103026"}],"curies":[{"name":"wp","href":"https:\/\/api.w.org\/{rel}","templated":true}]}}