{"id":102921,"date":"2025-04-10T17:49:42","date_gmt":"2025-04-10T15:49:42","guid":{"rendered":"https:\/\/econostrum.info\/suisse\/?p=102921"},"modified":"2025-04-10T17:49:46","modified_gmt":"2025-04-10T15:49:46","slug":"meteo-suisse-soleil-week-end-avant-mauvais-temps","status":"publish","type":"post","link":"https:\/\/econostrum.info\/suisse\/meteo-suisse-soleil-week-end-avant-mauvais-temps\/","title":{"rendered":"M\u00e9t\u00e9o : le beau temps quitte la Suisse ce week-end"},"content":{"rendered":"\n<p>Le printemps en Suisse est g\u00e9n\u00e9ralement synonyme de temp\u00e9ratures variables, avec des journ\u00e9es ensoleill\u00e9es alternant avec des p\u00e9riodes de pluie. Ce d\u00e9but avril ne fait pas exception, mais il a \u00e9t\u00e9 particuli\u00e8rement agr\u00e9able jusqu&rsquo;\u00e0 pr\u00e9sent, offrant une parenth\u00e8se de chaleur bienvenue apr\u00e8s l&rsquo;hiver. <\/p>\n\n\n\n<p>Pourtant, les pr\u00e9visions m\u00e9t\u00e9orologiques annoncent une transition vers un temps plus nuageux et pluvieux pour les jours \u00e0 venir. Cette situation devrait d\u00e9buter d\u00e8s samedi et s\u2019intensifier au cours du week-end, avec des cons\u00e9quences sur les conditions locales et l\u2019environnement.<\/p>\n\n\n\n<h2 class=\"wp-block-heading\">Le soleil c\u00e8de la place aux nuages<\/h2>\n\n\n\n<p>Le soleil printanier qui a r\u00e9chauff\u00e9 la Suisse ces derniers jours ne restera pas longtemps. Selon Klaus Marquardt de <a href=\"https:\/\/meteonews.ch\/fr\/\" target=\"_blank\" rel=\"noopener\">MeteoNews<\/a>, le courant anticyclonique qui a domin\u00e9 la m\u00e9t\u00e9o ces derniers jours va faiblir. Samedi sera une journ\u00e9e de transition, o\u00f9 le ciel se couvrira progressivement, et des averses sont attendues, notamment dans le sud de la Suisse. <\/p>\n\n\n\n<p>\u00c0 partir de dimanche, la pluie deviendra plus persistante, touchant la Suisse romande et certaines r\u00e9gions alpines. Il est \u00e9galement possible qu\u2019un nuage de poussi\u00e8re venu du Sahara vienne assombrir l\u2019atmosph\u00e8re, rendant l\u2019air l\u00e9g\u00e8rement brumeux tout en maintenant des temp\u00e9ratures douces autour de 20 \u00e0 22\u00b0C sur une grande partie du pays.<\/p>\n\n\n\n<p>Les temp\u00e9ratures \u00e9lev\u00e9es observ\u00e9es ces derniers jours pourraient \u00e9galement augmenter l&rsquo;humidit\u00e9 de l&rsquo;air, ce qui contribuerait \u00e0 la sensation de chaleur. Cependant, cette chaleur sera de courte dur\u00e9e, et les pr\u00e9visions annoncent un retour \u00e0 des temp\u00e9ratures plus fra\u00eeches d\u00e8s la fin du week-end.<\/p>\n\n\n\n<h2 class=\"wp-block-heading\">Une chaleur qui cache la s\u00e9cheresse<\/h2>\n\n\n\n<p>Les temp\u00e9ratures \u00e9lev\u00e9es ne sont pas sans cons\u00e9quences. Cette chaleur soudaine, bien qu&rsquo;agr\u00e9able, favorise aussi la s\u00e9cheresse, un ph\u00e9nom\u00e8ne qui touche certaines r\u00e9gions de la Suisse, notamment le sud du pays. Le Valais et certaines zones du canton de Berne, d\u00e9j\u00e0 confront\u00e9es \u00e0 des niveaux d&rsquo;eau inf\u00e9rieurs \u00e0 la moyenne saisonni\u00e8re, connaissent actuellement une situation de s\u00e9cheresse. <\/p>\n\n\n\n<p>Pour limiter les risques d\u2019incendies de for\u00eat, les autorit\u00e9s ont pris des mesures strictes, comme l&rsquo;interdiction totale de faire du feu dans certaines vall\u00e9es italophones du sud du pays et dans des zones sensibles du Valais et des Grisons, o\u00f9 le niveau de danger d&rsquo;incendie a \u00e9t\u00e9 estim\u00e9 \u00e0 3-4.<\/p>\n\n\n\n<p>La s\u00e9cheresse s&rsquo;accompagne \u00e9galement de pr\u00e9occupations concernant les niveaux d&rsquo;eau des lacs suisses. Actuellement, les lacs de<a href=\"https:\/\/econostrum.info\/suisse\/zurich-meilleure-ville-deurope\/\" data-type=\"post\" data-id=\"4263\"> Zurich<\/a>, Brienz, Constance et Bienne affichent des niveaux d&rsquo;eau inf\u00e9rieurs \u00e0 la moyenne pour la saison, ce qui pourrait avoir des cons\u00e9quences sur l&rsquo;\u00e9cosyst\u00e8me local. Bien que la pluie annonc\u00e9e ce week-end puisse apporter un soulagement pour les plantes et les cours d&rsquo;eau, elle ne suffira pas \u00e0 rehausser de mani\u00e8re significative les niveaux des lacs.<\/p>\n\n\n\n<h2 class=\"wp-block-heading\">Un r\u00e9pit pour les allergiques gr\u00e2ce \u00e0 la pluie<\/h2>\n\n\n\n<p>Le retour des pr\u00e9cipitations pourrait offrir un soulagement \u00e0 ceux qui souffrent d&rsquo;allergies saisonni\u00e8res. La pluie attendue pour le week-end pourrait aider \u00e0 diminuer la concentration de pollen dans l\u2019air, apportant ainsi un r\u00e9pit bienvenu aux personnes sensibles au rhume des foins. La pluie, en nettoyant l\u2019air, r\u00e9duit la dispersion des particules allerg\u00e8nes, offrant un soulagement temporaire \u00e0 ceux qui souffrent des effets de la pollinisation printani\u00e8re.<\/p>\n\n\n\n<p>Les pr\u00e9visions pour la semaine de P\u00e2ques restent incertaines, bien que les experts pr\u00e9voient une semaine humide, avec des pr\u00e9cipitations possibles. Le Jeudi saint pourrait marquer une chute des temp\u00e9ratures, mettant fin \u00e0 la douceur printani\u00e8re et donnant un coup de froid. Les conditions m\u00e9t\u00e9orologiques restent donc variables, et il faudra encore attendre pour savoir si P\u00e2ques sera affect\u00e9 par la pluie ou s&rsquo;il y aura un retour temporaire du soleil.<\/p>\n","protected":false},"excerpt":{"rendered":"<p>Le d\u00e9but du printemps en Suisse a \u00e9t\u00e9 ensoleill\u00e9, avec des temp\u00e9ratures jusqu&rsquo;\u00e0 20\u00b0C, mais des nuages et des pluies arrivent ce week-end, surtout dans le sud. Profitez du soleil avant le changement.<\/p>\n","protected":false},"author":37,"featured_media":102924,"comment_status":"open","ping_status":"closed","sticky":false,"template":"","format":"standard","meta":{"footnotes":""},"categories":[1],"tags":[],"class_list":["post-102921","post","type-post","status-publish","format-standard","has-post-thumbnail","hentry","category-economie","generate-columns","tablet-grid-50","mobile-grid-100","grid-parent","grid-33","no-featured-image-padding"],"_links":{"self":[{"href":"https:\/\/econostrum.info\/suisse\/wp-json\/wp\/v2\/posts\/102921","targetHints":{"allow":["GET"]}}],"collection":[{"href":"https:\/\/econostrum.info\/suisse\/wp-json\/wp\/v2\/posts"}],"about":[{"href":"https:\/\/econostrum.info\/suisse\/wp-json\/wp\/v2\/types\/post"}],"author":[{"embeddable":true,"href":"https:\/\/econostrum.info\/suisse\/wp-json\/wp\/v2\/users\/37"}],"replies":[{"embeddable":true,"href":"https:\/\/econostrum.info\/suisse\/wp-json\/wp\/v2\/comments?post=102921"}],"version-history":[{"count":0,"href":"https:\/\/econostrum.info\/suisse\/wp-json\/wp\/v2\/posts\/102921\/revisions"}],"wp:featuredmedia":[{"embeddable":true,"href":"https:\/\/econostrum.info\/suisse\/wp-json\/wp\/v2\/media\/102924"}],"wp:attachment":[{"href":"https:\/\/econostrum.info\/suisse\/wp-json\/wp\/v2\/media?parent=102921"}],"wp:term":[{"taxonomy":"category","embeddable":true,"href":"https:\/\/econostrum.info\/suisse\/wp-json\/wp\/v2\/categories?post=102921"},{"taxonomy":"post_tag","embeddable":true,"href":"https:\/\/econostrum.info\/suisse\/wp-json\/wp\/v2\/tags?post=102921"}],"curies":[{"name":"wp","href":"https:\/\/api.w.org\/{rel}","templated":true}]}}