{"id":102847,"date":"2025-04-10T11:26:00","date_gmt":"2025-04-10T09:26:00","guid":{"rendered":"https:\/\/econostrum.info\/suisse\/?p=102847"},"modified":"2025-04-09T18:06:02","modified_gmt":"2025-04-09T16:06:02","slug":"udc-capitale-vaudoise-lausanne-payerne","status":"publish","type":"post","link":"https:\/\/econostrum.info\/suisse\/udc-capitale-vaudoise-lausanne-payerne\/","title":{"rendered":"L\u2019UDC propose de transf\u00e9rer la capitale vaudoise de Lausanne \u00e0 Payerne"},"content":{"rendered":"\n<p>Lausanne est la capitale administrative du canton de Vaud depuis plusieurs si\u00e8cles, concentrant institutions, infrastructures et population active. R\u00e9cemment, une motion d\u00e9pos\u00e9e par des d\u00e9put\u00e9s vaudois, emmen\u00e9s par l\u2019UDC Fabrice Moscheni, propose de remettre en question ce statut.\u00a0<\/p>\n\n\n\n<p>Ce texte ne vise pas un simple transfert vers une ville pr\u00e9cise, mais une modification de la Constitution pour instaurer une capitale itin\u00e9rante. Cette proposition, in\u00e9dite \u00e0 l\u2019\u00e9chelle suisse, soul\u00e8ve des interrogations politiques, territoriales et identitaires.<\/p>\n\n\n\n<h2 class=\"wp-block-heading\"><strong>Une initiative pour r\u00e9\u00e9quilibrer les territoires vaudois<\/strong><\/h2>\n\n\n\n<p>La motion d\u00e9pos\u00e9e le 1er avril par vingt-trois d\u00e9put\u00e9s du Grand Conseil, issus principalement de l\u2019UDC (11), du PLR (9) et des Vert\u2019lib\u00e9raux (3), propose une r\u00e9vision de l\u2019article 4 de la Constitution vaudoise, selon <a href=\"https:\/\/www.watson.ch\/fr\/suisse\/vaud\/344001041-cet-udc-ne-veut-plus-de-lausane-comme-capitale-vaudoise\" target=\"_blank\" rel=\"noopener\">Watson<\/a>. Celui-ci stipule actuellement que \u00ab Lausanne est la capitale du canton \u00bb. Les signataires souhaitent qu\u2019\u00e0 l\u2019avenir, chaque district du canton puisse tour \u00e0 tour recevoir ce statut pour une dur\u00e9e de dix ans, selon l\u2019ordre alphab\u00e9tique.<\/p>\n\n\n\n<p>Cette proposition repose sur une critique de la centralisation des fonctions politiques \u00e0 <a href=\"https:\/\/econostrum.info\/suisse\/lausanne-interdire-cigarettes-abribus\/\" data-type=\"post\" data-id=\"102333\">Lausanne<\/a>, per\u00e7ue comme \u00e9loign\u00e9e des r\u00e9alit\u00e9s rurales. Selon Fabrice Moscheni, cette r\u00e9forme vise \u00e0 raviver les liens d\u2019appartenance entre Vaudois, en valorisant tour \u00e0 tour chaque territoire. Il compare cette id\u00e9e \u00e0 un \u00e9v\u00e9nement festif : \u00ab On se retrouve tous les vingt-cinq ans \u00e0 Vevey autour de la F\u00eate des vignerons, l\u00e0, ce serait tous les dix ans, autour de la belle notion de capitale \u00bb.<\/p>\n\n\n\n<p>Le caract\u00e8re honorifique de la capitale est central dans cette initiative. Moscheni pr\u00e9cise que la motion ne pr\u00e9voit pas de d\u00e9placer les institutions ou les administrations cantonales. Le si\u00e8ge du gouvernement et du parlement resterait \u00e0 Lausanne, mais le titre symbolique de capitale serait transf\u00e9r\u00e9 \u00e0 un autre district tous les dix ans, cr\u00e9ant ainsi une forme de reconnaissance territoriale tournante.<\/p>\n\n\n\n<h2 class=\"wp-block-heading\"><strong>Une r\u00e9action politique partag\u00e9e et des critiques sur le fond<\/strong><\/h2>\n\n\n\n<p>La proposition a surpris et parfois amus\u00e9 certains \u00e9lus, notamment en raison de sa date de d\u00e9p\u00f4t. Le d\u00e9put\u00e9 socialiste Julien Eggenberger a avou\u00e9 avoir cru \u00e0 un poisson d\u2019avril. Pour lui, l\u2019id\u00e9e d\u2019une capitale sans institutions r\u00e9elles n\u2019a pas de sens : \u00ab Une capitale, c\u2019est le lieu o\u00f9 se trouvent le gouvernement et le parlement \u00bb. Il craint un d\u00e9tournement de la fonction institutionnelle, qui pourrait cr\u00e9er de la confusion sans r\u00e9soudre les probl\u00e8mes d\u2019in\u00e9galit\u00e9 territoriale.<\/p>\n\n\n\n<p>Du c\u00f4t\u00e9 des d\u00e9fenseurs du texte, comme Bernard Nicod, d\u00e9put\u00e9 PLR de la Broye-Vully, le message est plus nuanc\u00e9. Il voit dans cette id\u00e9e une tentative de revalorisation des r\u00e9gions p\u00e9riph\u00e9riques, o\u00f9 le sentiment d\u2019oubli est r\u00e9el. Il \u00e9voque la nostalgie d\u2019un canton plus unifi\u00e9, o\u00f9 des \u00e9v\u00e9nements comme le Comptoir suisse \u00e0 Lausanne servaient de trait d\u2019union entre tradition et modernit\u00e9. Nicod souligne aussi les difficult\u00e9s d\u2019acc\u00e8s aux <a href=\"https:\/\/econostrum.info\/suisse\/geneve-gratuite-transports\/\" data-type=\"post\" data-id=\"4582\">transports publics<\/a> dans certaines r\u00e9gions, qui accentuent le sentiment d\u2019exclusion vis-\u00e0-vis de la capitale.<\/p>\n\n\n\n<p>Ce d\u00e9bat r\u00e9v\u00e8le \u00e9galement une fracture politique. Lausanne, gouvern\u00e9e par la gauche depuis 1990, est consid\u00e9r\u00e9e par une partie de la droite vaudoise comme un bastion peu repr\u00e9sentatif de l\u2019ensemble du canton. Moscheni ne cache pas une certaine d\u00e9fiance envers la gestion lausannoise, estimant que la ville travaille \u00ab pour sa client\u00e8le \u00bb, et qu\u2019elle a perdu son pouvoir de rassemblement.<\/p>\n\n\n\n<p>Pour l\u2019instant, la motion suit le processus parlementaire habituel. Elle devrait \u00eatre examin\u00e9e en commission dans les mois \u00e0 venir. En cas d\u2019acceptation, un r\u00e9f\u00e9rendum populaire serait n\u00e9cessaire pour modifier la Constitution. Bien que le projet n\u2019entra\u00eene pas de bouleversement institutionnel imm\u00e9diat, il interpelle sur le d\u00e9s\u00e9quilibre per\u00e7u entre ville et campagne, et relance un d\u00e9bat plus large sur la gouvernance territoriale dans le canton de Vaud.<\/p>\n","protected":false},"excerpt":{"rendered":"<p>La proposition de capitale tournante relance le d\u00e9bat sur la repr\u00e9sentativit\u00e9 r\u00e9gionale dans un canton historiquement centr\u00e9 sur Lausanne.<\/p>\n","protected":false},"author":35,"featured_media":102848,"comment_status":"open","ping_status":"closed","sticky":false,"template":"","format":"standard","meta":{"footnotes":""},"categories":[1],"tags":[],"class_list":["post-102847","post","type-post","status-publish","format-standard","has-post-thumbnail","hentry","category-economie","generate-columns","tablet-grid-50","mobile-grid-100","grid-parent","grid-33","no-featured-image-padding"],"_links":{"self":[{"href":"https:\/\/econostrum.info\/suisse\/wp-json\/wp\/v2\/posts\/102847","targetHints":{"allow":["GET"]}}],"collection":[{"href":"https:\/\/econostrum.info\/suisse\/wp-json\/wp\/v2\/posts"}],"about":[{"href":"https:\/\/econostrum.info\/suisse\/wp-json\/wp\/v2\/types\/post"}],"author":[{"embeddable":true,"href":"https:\/\/econostrum.info\/suisse\/wp-json\/wp\/v2\/users\/35"}],"replies":[{"embeddable":true,"href":"https:\/\/econostrum.info\/suisse\/wp-json\/wp\/v2\/comments?post=102847"}],"version-history":[{"count":0,"href":"https:\/\/econostrum.info\/suisse\/wp-json\/wp\/v2\/posts\/102847\/revisions"}],"wp:featuredmedia":[{"embeddable":true,"href":"https:\/\/econostrum.info\/suisse\/wp-json\/wp\/v2\/media\/102848"}],"wp:attachment":[{"href":"https:\/\/econostrum.info\/suisse\/wp-json\/wp\/v2\/media?parent=102847"}],"wp:term":[{"taxonomy":"category","embeddable":true,"href":"https:\/\/econostrum.info\/suisse\/wp-json\/wp\/v2\/categories?post=102847"},{"taxonomy":"post_tag","embeddable":true,"href":"https:\/\/econostrum.info\/suisse\/wp-json\/wp\/v2\/tags?post=102847"}],"curies":[{"name":"wp","href":"https:\/\/api.w.org\/{rel}","templated":true}]}}