{"id":102795,"date":"2025-04-08T09:36:00","date_gmt":"2025-04-08T07:36:00","guid":{"rendered":"https:\/\/econostrum.info\/suisse\/?p=102795"},"modified":"2025-04-07T18:13:40","modified_gmt":"2025-04-07T16:13:40","slug":"penurie-macons-journees-a-rallonge-secteur-construction-suisse-crise","status":"publish","type":"post","link":"https:\/\/econostrum.info\/suisse\/penurie-macons-journees-a-rallonge-secteur-construction-suisse-crise\/","title":{"rendered":"P\u00e9nurie de ma\u00e7ons et journ\u00e9es \u00e0 rallonge : le secteur de la construction suisse en crise"},"content":{"rendered":"\n<p>Les syndicats suisses Unia et Syna ont r\u00e9cemment lanc\u00e9 un appel \u00e0 la mobilisation pour am\u00e9liorer les conditions de travail des ma\u00e7ons en Suisse. Ces derni\u00e8res ann\u00e9es, les travailleurs du b\u00e2timent se trouvent confront\u00e9s \u00e0 des journ\u00e9es de plus en plus longues, mettant en p\u00e9ril leur \u00e9quilibre entre vie professionnelle et vie personnelle. <\/p>\n\n\n\n<p>Cette situation est d\u2019autant plus pr\u00e9occupante que la p\u00e9nurie de ma\u00e7ons, qui ne cesse de s\u2019aggraver, menace de perturber gravement l\u2019activit\u00e9 du secteur. Face \u00e0 ces conditions, les syndicats ont annonc\u00e9 une manifestation pour le 17 mai \u00e0 Lausanne et Zurich, afin de faire entendre leurs revendications, rapporte<a href=\"https:\/\/www.blick.ch\/fr\/suisse\/les-syndicats-se-mobilisent-les-journees-de-travail-des-macons-doivent-etre-moins-longues-id20758163.html\" target=\"_blank\" rel=\"noopener\"> <em>Blick<\/em><\/a>.<\/p>\n\n\n\n<p>Les deux syndicats soulignent que les journ\u00e9es de travail dans le secteur de la construction sont bien trop longues. Unia et Syna mettent en lumi\u00e8re le fait que les ma\u00e7ons, confront\u00e9s \u00e0 une charge de travail toujours plus importante, subissent une pression croissante, qui impacte leur sant\u00e9 et leur vie familiale.<\/p>\n\n\n\n<p> \u00ab<em> La vie de famille souffre des journ\u00e9es de travail interminables <\/em>\u00bb, d\u00e9clarent-ils dans un communiqu\u00e9 commun. En effet, le nombre d\u2019heures de travail s\u2019allonge consid\u00e9rablement depuis plus de dix ans, p\u00e9riode durant laquelle la production dans la construction a consid\u00e9rablement augment\u00e9, mais avec moins de ma\u00e7ons.<\/p>\n\n\n\n<h2 class=\"wp-block-heading\">Des journ\u00e9es de travail de plus en plus longues<\/h2>\n\n\n\n<p>Les syndicats d\u00e9noncent le fait qu\u2019au cours des dix derni\u00e8res ann\u00e9es, la construction en Suisse a consid\u00e9rablement augment\u00e9 avec une diminution du nombre de ma\u00e7ons. Cette situation a pour cons\u00e9quence directe l\u2019allongement des journ\u00e9es de travail, souvent bien sup\u00e9rieures \u00e0 huit heures, mettant les travailleurs \u00e0 rude \u00e9preuve. Selon les syndicats, cette surcharge de travail, combin\u00e9e \u00e0 une pression constante pour respecter les d\u00e9lais, augmente \u00e9galement les risques d&rsquo;accidents sur les chantiers. <\/p>\n\n\n\n<p>\u00ab <em>Le nombre d&rsquo;heures de travail s&rsquo;allonge et le risque d&rsquo;accident augmente<\/em> \u00bb, rappellent-ils dans leurs d\u00e9clarations, explique le m\u00e9dia helv\u00e9tique. Cette situation se r\u00e9v\u00e8le d\u2019autant plus probl\u00e9matique que la p\u00e9nurie de ma\u00e7ons devient une r\u00e9alit\u00e9 de plus en plus pressante. En effet, les syndicats pr\u00e9voient qu\u2019un ma\u00e7on sur trois pourrait manquer d\u2019ici 2040. Ce d\u00e9ficit de <a href=\"https:\/\/econostrum.info\/suisse\/penurie-chauffeurs-poids-lourds-suisse\/\" data-type=\"post\" data-id=\"102742\">main-d&rsquo;\u0153uvre<\/a> qualifi\u00e9e repr\u00e9sente une menace directe pour l\u2019avenir du secteur de la construction.<\/p>\n\n\n\n<p>Le manque de main-d&rsquo;\u0153uvre qualifi\u00e9e entra\u00eene ainsi un cercle vicieux : la p\u00e9nurie de ma\u00e7ons pousse \u00e0 des horaires toujours plus longs, et ce ph\u00e9nom\u00e8ne alimente \u00e0 son tour la difficult\u00e9 \u00e0 recruter de nouveaux travailleurs. Cette situation met les syndicats en alerte, car elle pourrait entra\u00eener un v\u00e9ritable effondrement du secteur si aucune solution n\u2019est apport\u00e9e.<\/p>\n\n\n\n<h2 class=\"wp-block-heading\">La conciliation avec la vie familiale : un combat prioritaire<\/h2>\n\n\n\n<p>L\u2019un des principaux objectifs de la mobilisation des syndicats est d\u2019obtenir une r\u00e9duction des heures de travail afin de favoriser une meilleure conciliation entre vie professionnelle et vie familiale. Les longues journ\u00e9es de travail ont un impact n\u00e9gatif sur la vie personnelle des travailleurs, ce qui devient un frein \u00e0 l&rsquo;attractivit\u00e9 de la profession. \u00ab <em>Les journ\u00e9es de travail interminables tuent la vie de famille<\/em> \u00bb, souligne le communiqu\u00e9 des syndicats, qui rappellent que les conditions actuelles sont de plus en plus incompatibles avec une vie de famille saine.<\/p>\n\n\n\n<p>La r\u00e9duction du nombre d\u2019heures de travail, pour le limiter \u00e0 huit heures par jour, est donc une demande fondamentale. Cette mesure vise non seulement \u00e0 am\u00e9liorer la qualit\u00e9 de vie des ma\u00e7ons, mais aussi \u00e0 rendre la profession plus attractive pour les jeunes g\u00e9n\u00e9rations, qui h\u00e9sitent aujourd&rsquo;hui \u00e0 s\u2019engager dans ce m\u00e9tier.<\/p>\n\n\n\n<p>Les syndicats demandent \u00e9galement une compensation pour les pauses matinales ainsi que le paiement int\u00e9gral du temps de d\u00e9placement, des demandes qui visent \u00e0 am\u00e9liorer les conditions globales de travail. Unia et Syna estiment que ces mesures permettront de garantir une meilleure qualit\u00e9 de vie aux travailleurs, ce qui, selon eux, est essentiel pour lutter contre la p\u00e9nurie de ma\u00e7ons \u00e0 long terme. \u00ab <em>Les travailleurs de la construction exigent des journ\u00e9es de travail limit\u00e9es \u00e0 huit heures<\/em> \u00bb, rappellent-ils.<\/p>\n\n\n\n<h2 class=\"wp-block-heading\">Une gr\u00e8ve en perspective<\/h2>\n\n\n\n<p>Face \u00e0 l\u2019inefficacit\u00e9 des n\u00e9gociations et \u00e0 l\u2019absence de r\u00e9formes concr\u00e8tes, les syndicats ont d\u00e9cid\u00e9 de passer \u00e0 l\u2019action. Unia et Syna ont annonc\u00e9 qu\u2019ils organiseraient une manifestation le 17 mai prochain \u00e0 Lausanne et Zurich, avec l\u2019intention de faire pression sur les employeurs et les autorit\u00e9s. Cette mobilisation pourrait marquer un tournant dans la lutte pour de meilleures conditions de travail dans le secteur de la construction. <\/p>\n\n\n\n<p>Les syndicats esp\u00e8rent qu\u2019avec un soutien accru des autres secteurs, leurs revendications seront prises en compte. \u00ab <em>Les travailleurs ne veulent plus de journ\u00e9es \u00e0 rallonge et demandent des mesures concr\u00e8tes pour am\u00e9liorer leur quotidien<\/em> \u00bb, ont-ils insist\u00e9, ajoutant que si aucune mesure n\u2019est prise, une gr\u00e8ve pourrait \u00eatre envisag\u00e9e pour faire entendre leur voix.<\/p>\n","protected":false},"excerpt":{"rendered":"<p>Les syndicats Unia et Syna d\u00e9noncent des conditions de travail des ma\u00e7ons incompatibles avec la vie de famille et menacent de gr\u00e8ve.<\/p>\n","protected":false},"author":37,"featured_media":102796,"comment_status":"open","ping_status":"closed","sticky":false,"template":"","format":"standard","meta":{"footnotes":""},"categories":[26],"tags":[],"class_list":["post-102795","post","type-post","status-publish","format-standard","has-post-thumbnail","hentry","category-emploi","generate-columns","tablet-grid-50","mobile-grid-100","grid-parent","grid-33","no-featured-image-padding"],"_links":{"self":[{"href":"https:\/\/econostrum.info\/suisse\/wp-json\/wp\/v2\/posts\/102795","targetHints":{"allow":["GET"]}}],"collection":[{"href":"https:\/\/econostrum.info\/suisse\/wp-json\/wp\/v2\/posts"}],"about":[{"href":"https:\/\/econostrum.info\/suisse\/wp-json\/wp\/v2\/types\/post"}],"author":[{"embeddable":true,"href":"https:\/\/econostrum.info\/suisse\/wp-json\/wp\/v2\/users\/37"}],"replies":[{"embeddable":true,"href":"https:\/\/econostrum.info\/suisse\/wp-json\/wp\/v2\/comments?post=102795"}],"version-history":[{"count":0,"href":"https:\/\/econostrum.info\/suisse\/wp-json\/wp\/v2\/posts\/102795\/revisions"}],"wp:featuredmedia":[{"embeddable":true,"href":"https:\/\/econostrum.info\/suisse\/wp-json\/wp\/v2\/media\/102796"}],"wp:attachment":[{"href":"https:\/\/econostrum.info\/suisse\/wp-json\/wp\/v2\/media?parent=102795"}],"wp:term":[{"taxonomy":"category","embeddable":true,"href":"https:\/\/econostrum.info\/suisse\/wp-json\/wp\/v2\/categories?post=102795"},{"taxonomy":"post_tag","embeddable":true,"href":"https:\/\/econostrum.info\/suisse\/wp-json\/wp\/v2\/tags?post=102795"}],"curies":[{"name":"wp","href":"https:\/\/api.w.org\/{rel}","templated":true}]}}