{"id":102580,"date":"2025-04-01T16:34:00","date_gmt":"2025-04-01T14:34:00","guid":{"rendered":"https:\/\/econostrum.info\/suisse\/?p=102580"},"modified":"2025-04-01T15:40:20","modified_gmt":"2025-04-01T13:40:20","slug":"migros-vend-mibelle-persan-boucle-cession-filiales","status":"publish","type":"post","link":"https:\/\/econostrum.info\/suisse\/migros-vend-mibelle-persan-boucle-cession-filiales\/","title":{"rendered":"Migros vend Mibelle \u00e0 l&rsquo;espagnol Pers\u00e1n et boucle la cession de ses filiales"},"content":{"rendered":"\n<p>La vente de Mibelle intervient dans le cadre du processus de recentrage de Migros sur son c\u0153ur de m\u00e9tier. Entam\u00e9e en 2024, cette strat\u00e9gie a d\u00e9j\u00e0 conduit \u00e0 la cession de plusieurs enseignes appartenant au groupe. Avec cette derni\u00e8re op\u00e9ration, Migros met un terme \u00e0 une r\u00e9organisation d\u2019envergure.<\/p>\n\n\n\n<p>La filiale vendue, Mibelle, appartenait \u00e0 la M-Industrie et comptait environ 1400 employ\u00e9s. Elle produisait notamment les marques Handy, I am et Zo\u00e9, bien connues des consommateurs suisses. L\u2019entreprise r\u00e9alisait environ 70 % de son chiffre d\u2019affaires \u00e0 l\u2019\u00e9tranger, atteignant 670 millions de francs suisses en 2024, selon les informations rapport\u00e9es par <em><a href=\"https:\/\/www.arcinfo.ch\/suisse\/grande-distribution-migros-vend-mibelle-a-lespagnol-persan-1446794\" target=\"_blank\" rel=\"noopener\">ArcInfo<\/a><\/em>.<\/p>\n\n\n\n<h2 class=\"wp-block-heading\">Une cession coh\u00e9rente avec la strat\u00e9gie de recentrage<\/h2>\n\n\n\n<p>Contrairement \u00e0 d\u2019autres entit\u00e9s vendues pour des raisons \u00e9conomiques, Mibelle n\u2019\u00e9tait pas d\u00e9ficitaire. Sa cession repose sur la volont\u00e9 de Migros de se recentrer sur des activit\u00e9s en lien direct avec son m\u00e9tier principal en Suisse. La dimension internationale croissante de Mibelle, dont la majorit\u00e9 du chiffre d\u2019affaires est g\u00e9n\u00e9r\u00e9e hors du pays, a progressivement affaibli les synergies avec la maison m\u00e8re.<\/p>\n\n\n\n<p>Dans son communiqu\u00e9, <a href=\"https:\/\/econostrum.info\/suisse\/migros-hausse-chiffre-daffaires-ecommerce\/\" data-type=\"post\" data-id=\"100435\">Migros<\/a> pr\u00e9cise que Mibelle \u00ab<em> vole depuis longtemps de ses propres ailes <\/em>\u00bb et que cette vente conclut la strat\u00e9gie de restructuration lanc\u00e9e l\u2019ann\u00e9e pr\u00e9c\u00e9dente. Ce processus a d\u00e9j\u00e0 permis de trouver de nouveaux propri\u00e9taires pour SportX, Melectronics, Bike World, OBI, Micasa et Hotelplan. En parall\u00e8le, les derniers magasins Do it + Garden encore ouverts doivent fermer d\u2019ici fin juin.<\/p>\n\n\n\n<p>Le m\u00e9dia helv\u00e9tique indique \u00e9galement que cette r\u00e9organisation, si elle est achev\u00e9e sur le plan des cessions, pourrait encore entra\u00eener des suppressions de postes. Quelque 450 employ\u00e9s restent concern\u00e9s par la fermeture annonc\u00e9e de Do it + Garden, sans visibilit\u00e9 imm\u00e9diate sur leur avenir professionnel.<\/p>\n\n\n\n<h2 class=\"wp-block-heading\">Pers\u00e1n reprend les actifs de Mibelle sur six pays<\/h2>\n\n\n\n<p>Le groupe espagnol Pers\u00e1n, bas\u00e9 \u00e0 S\u00e9ville, reprend l\u2019ensemble des installations de Mibelle en Suisse, en France, au Royaume-Uni, aux Pays-Bas, aux \u00c9tats-Unis et en Australie. Seule la filiale sud-cor\u00e9enne, Gowoonsesang Cosmetics, est exclue de la transaction, son rachat par L\u2019Or\u00e9al ayant \u00e9t\u00e9 annonc\u00e9 en d\u00e9cembre dernier.<\/p>\n\n\n\n<p>Pers\u00e1n, qui emploie actuellement plus de 2000 personnes r\u00e9parties sur trois sites industriels (S\u00e9ville, Wr\u00f3blowice en Pologne et Saint-Vulbas en France), int\u00e9grera les 1400 collaborateurs du Mibelle Group. Le groupe andalou atteindra ainsi un effectif de plus de 3000 employ\u00e9s et pr\u00e9voit de d\u00e9passer le milliard d\u2019euros de chiffre d\u2019affaires, contre 862 millions r\u00e9alis\u00e9s en 2024, le plus haut niveau de son histoire.<\/p>\n\n\n\n<p>Selon les propos rapport\u00e9s par <em><a href=\"https:\/\/www.watson.ch\/fr\/suisse\/economie\/938246126-migros-vend-mibelle-a-l-espagnol-persan\" target=\"_blank\" rel=\"noopener\">Watson<\/a><\/em>, Antonio Som\u00e9, PDG de Pers\u00e1n, s\u2019est dit \u00ab <em>tr\u00e8s heureux d\u2019annoncer cet accord avec Migros<\/em> \u00bb qui permettra \u00e0 son entreprise d\u2019\u00e9largir son portefeuille vers de nouvelles cat\u00e9gories de produits technologiquement avanc\u00e9es, tout en conservant les priorit\u00e9s du groupe : innovation, durabilit\u00e9, engagement envers les personnes et technologie.<\/p>\n\n\n\n<h2 class=\"wp-block-heading\">Des contrats de fourniture pr\u00e9serv\u00e9s avec Migros<\/h2>\n\n\n\n<p>Bien que Mibelle quitte le giron de Migros, elle continuera de fournir ses produits \u00e0 l\u2019enseigne helv\u00e9tique. Des contrats de longue dur\u00e9e ont \u00e9t\u00e9 conclus pour garantir la pr\u00e9sence continue des marques Handy, I am et Zo\u00e9 dans les rayons des supermarch\u00e9s du groupe orange.<\/p>\n\n\n\n<p>L\u2019ensemble du personnel sera maintenu par Pers\u00e1n, sans annonce de restructuration. Ce maintien des effectifs et la s\u00e9curisation des d\u00e9bouch\u00e9s commerciaux avec Migros visent \u00e0 assurer une transition stable pour les salari\u00e9s comme pour les clients. Le montant de la transaction, lui, n\u2019a pas \u00e9t\u00e9 communiqu\u00e9 par les parties.<\/p>\n","protected":false},"excerpt":{"rendered":"<p>Migros a vendu sa filiale Mibelle, sp\u00e9cialis\u00e9e dans les cosm\u00e9tiques et produits d\u2019entretien, au groupe espagnol Pers\u00e1n. L\u2019op\u00e9ration marque la fin du d\u00e9sengagement strat\u00e9gique entam\u00e9 par le g\u00e9ant suisse.<\/p>\n","protected":false},"author":37,"featured_media":102585,"comment_status":"open","ping_status":"closed","sticky":false,"template":"","format":"standard","meta":{"footnotes":""},"categories":[15],"tags":[],"class_list":["post-102580","post","type-post","status-publish","format-standard","has-post-thumbnail","hentry","category-entreprise","generate-columns","tablet-grid-50","mobile-grid-100","grid-parent","grid-33","no-featured-image-padding"],"_links":{"self":[{"href":"https:\/\/econostrum.info\/suisse\/wp-json\/wp\/v2\/posts\/102580","targetHints":{"allow":["GET"]}}],"collection":[{"href":"https:\/\/econostrum.info\/suisse\/wp-json\/wp\/v2\/posts"}],"about":[{"href":"https:\/\/econostrum.info\/suisse\/wp-json\/wp\/v2\/types\/post"}],"author":[{"embeddable":true,"href":"https:\/\/econostrum.info\/suisse\/wp-json\/wp\/v2\/users\/37"}],"replies":[{"embeddable":true,"href":"https:\/\/econostrum.info\/suisse\/wp-json\/wp\/v2\/comments?post=102580"}],"version-history":[{"count":0,"href":"https:\/\/econostrum.info\/suisse\/wp-json\/wp\/v2\/posts\/102580\/revisions"}],"wp:featuredmedia":[{"embeddable":true,"href":"https:\/\/econostrum.info\/suisse\/wp-json\/wp\/v2\/media\/102585"}],"wp:attachment":[{"href":"https:\/\/econostrum.info\/suisse\/wp-json\/wp\/v2\/media?parent=102580"}],"wp:term":[{"taxonomy":"category","embeddable":true,"href":"https:\/\/econostrum.info\/suisse\/wp-json\/wp\/v2\/categories?post=102580"},{"taxonomy":"post_tag","embeddable":true,"href":"https:\/\/econostrum.info\/suisse\/wp-json\/wp\/v2\/tags?post=102580"}],"curies":[{"name":"wp","href":"https:\/\/api.w.org\/{rel}","templated":true}]}}