{"id":102549,"date":"2025-03-31T15:43:00","date_gmt":"2025-03-31T13:43:00","guid":{"rendered":"https:\/\/econostrum.info\/suisse\/?p=102549"},"modified":"2025-03-31T02:11:10","modified_gmt":"2025-03-31T00:11:10","slug":"droits-de-douane-conseil-federal-eviter-tempete-commerciale-trump","status":"publish","type":"post","link":"https:\/\/econostrum.info\/suisse\/droits-de-douane-conseil-federal-eviter-tempete-commerciale-trump\/","title":{"rendered":"Droits de douane : le Conseil f\u00e9d\u00e9ral mobilis\u00e9 pour \u00e9viter la temp\u00eate commerciale d\u00e9clench\u00e9e par Trump"},"content":{"rendered":"\n<p>Le 2 avril, les nouvelles taxes am\u00e9ricaines entreront en vigueur. C\u2019est \u00e9galement ce jour-l\u00e0 que le Conseil f\u00e9d\u00e9ral tiendra une r\u00e9union \u00e0 huis clos pour discuter des implications de cette politique commerciale sur l\u2019\u00e9conomie suisse. La menace d\u2019une guerre \u00e9conomique impose une r\u00e9activit\u00e9 accrue de la part des autorit\u00e9s.<\/p>\n\n\n\n<p>Cette mobilisation survient alors que les <a href=\"https:\/\/econostrum.info\/suisse\/dirty-15-trump-suisse-risque-t-elle-payer-prix-fort\/\" data-type=\"post\" data-id=\"102535\">\u00c9tats-Unis<\/a> durcissent leur position sur les importations. Pour la Suisse, la crainte est double : \u00eatre cibl\u00e9e par les mesures am\u00e9ricaines et ne pas \u00eatre \u00e9pargn\u00e9e par les contre-mesures que l\u2019Union europ\u00e9enne pourrait adopter. L\u2019enjeu est d\u2019\u00e9viter que le pays soit pris entre deux fronts dans un conflit commercial global.<\/p>\n\n\n\n<h2 class=\"wp-block-heading\">Une r\u00e9union d\u2019urgence pour clarifier la position suisse<\/h2>\n\n\n\n<p>Le 2 avril, le pr\u00e9sident am\u00e9ricain imposera des droits de douane de 25 % sur les voitures \u00e9trang\u00e8res ainsi que sur d\u2019autres produits dont les montants ne sont pas encore pr\u00e9cis\u00e9s. Cette annonce a \u00e9t\u00e9 faite le vendredi pr\u00e9c\u00e9dent. Le m\u00eame jour, le Conseil f\u00e9d\u00e9ral organisera une r\u00e9union \u00e0 huis clos pour analyser les cons\u00e9quences de cette politique. Selon <em><a href=\"https:\/\/www.watson.ch\/fr\/economie\/conseil-federal\/518398600-le-conseil-federal-veut-eviter-la-guerre-contre-trump\" target=\"_blank\" rel=\"noopener\">Watson<\/a><\/em>, cette session r\u00e9unira des experts renomm\u00e9s, notamment Philipp Hildebrand, ancien pr\u00e9sident de la Banque nationale suisse et actuellement dirigeant chez BlackRock, ainsi que Martin Dahinden, ancien ambassadeur suisse aux \u00c9tats-Unis.<\/p>\n\n\n\n<p>Certains critiques jugent que cette r\u00e9union intervient tardivement. Pourtant, selon des sources proches du dossier cit\u00e9es par le m\u00e9dia helv\u00e9tique, \u00ab<em> on ignore ce qui va se passer concr\u00e8tement <\/em>\u00bb. Ce flou laisse le gouvernement peu de marge pour anticiper. Des r\u00e9unions pr\u00e9paratoires ont n\u00e9anmoins d\u00e9j\u00e0 eu lieu, t\u00e9moignant d\u2019une volont\u00e9 de ne pas rester inactif face \u00e0 l\u2019instabilit\u00e9 de la politique am\u00e9ricaine. La r\u00e9union du 2 avril vise ainsi \u00e0 poser les bases d\u2019une r\u00e9ponse coordonn\u00e9e, m\u00eame si la strat\u00e9gie \u00e0 adopter d\u00e9pendra du d\u00e9tail des mesures am\u00e9ricaines.<\/p>\n\n\n\n<h2 class=\"wp-block-heading\">Une strat\u00e9gie d\u2019approche directe avec Washington<\/h2>\n\n\n\n<p>Le Conseil f\u00e9d\u00e9ral tente de pr\u00e9venir les cons\u00e9quences de cette nouvelle donne commerciale par une strat\u00e9gie d\u2019ouverture avec les autorit\u00e9s am\u00e9ricaines. La secr\u00e9taire d\u2019\u00c9tat Helene Budliger Artieda a d\u00e9j\u00e0 organis\u00e9 plusieurs entretiens \u00e0 Washington avec des responsables du commerce, ce que la source qualifie de \u00ab succ\u00e8s \u00bb.<\/p>\n\n\n\n<p> Un objectif sous-jacent est de faire valoir le r\u00f4le \u00e9conomique de la Suisse sur le sol am\u00e9ricain. Les arguments suisses sont clairs : les investissements helv\u00e9tiques aux \u00c9tats-Unis cr\u00e9ent 400 000 emplois, avec une moyenne salariale de 130 000 dollars par an.<\/p>\n\n\n\n<p>Dans une lettre adress\u00e9e \u00e0 l\u2019autorit\u00e9 \u00e9conomique am\u00e9ricaine, le Secr\u00e9tariat d\u2019\u00c9tat \u00e0 l\u2019\u00e9conomie (Seco) rappelle que 99 % des exportations am\u00e9ricaines entrent librement sur le territoire suisse gr\u00e2ce \u00e0 l\u2019abolition des droits industriels. Le message officiel se veut ferme : \u00ab <em>La Suisse ne participera pas \u00e0 une guerre commerciale<\/em> \u00bb, a d\u00e9clar\u00e9 Helene Budliger Artieda dans une interview \u00e0 l\u2019<em>Aargauer Zeitung<\/em>. <\/p>\n\n\n\n<p>Dans cette optique, le ministre de l\u2019\u00c9conomie Guy Parmelin et la pr\u00e9sidente de la Conf\u00e9d\u00e9ration Karin Keller-Sutter se rendront aux \u00c9tats-Unis fin avril pour la r\u00e9union de printemps de la Banque mondiale. Ce d\u00e9placement pourrait ouvrir la voie \u00e0 un entretien avec des repr\u00e9sentants du gouvernement am\u00e9ricain.<\/p>\n\n\n\n<h2 class=\"wp-block-heading\">Entre Washington et Bruxelles, une position d\u00e9licate<\/h2>\n\n\n\n<p>La Suisse ne doit pas seulement composer avec les \u00c9tats-Unis. Si l\u2019Union europ\u00e9enne d\u00e9cide de r\u00e9pondre aux mesures am\u00e9ricaines par des droits de douane, elle pourrait aussi inclure la Suisse dans ses contre-mesures. Cette situation s\u2019est d\u00e9j\u00e0 produite sous le premier mandat de Trump, notamment dans le dossier de l\u2019aluminium et des m\u00e9taux. Le risque que la Suisse soit consid\u00e9r\u00e9e comme un pays tiers est r\u00e9el. Helene Budliger Artieda souligne que ce sc\u00e9nario ne doit pas se r\u00e9p\u00e9ter.<\/p>\n\n\n\n<p>Dans ce contexte, la diplomatie suisse adopte un ton m\u00ealant avertissement et coop\u00e9ration. \u00ab <em>Nous attirons \u00e9galement l\u2019attention de Bruxelles sur le fait que des droits de douane touchant aussi la Suisse seraient contre-productifs dans la perspective de ces accords \u00e0 venir <\/em>\u00bb, a d\u00e9clar\u00e9 Budliger. <\/p>\n\n\n\n<p>Ces accords bilat\u00e9raux, encore en attente d\u2019une votation populaire, sont utilis\u00e9s comme levier pour inciter l\u2019UE \u00e0 la mod\u00e9ration. \u00c0 Berne, certains redoutent que Bruxelles adopte une position dure pour rappeler \u00e0 la Suisse l\u2019importance d\u2019une relation contractuelle, dont elle s\u2019est toujours tenue \u00e0 l\u2019\u00e9cart jusqu\u2019ici.<\/p>\n","protected":false},"excerpt":{"rendered":"<p>Face aux nouveaux droits de douane annonc\u00e9s par Donald Trump, la Suisse redoute une escalade commerciale. Le Conseil f\u00e9d\u00e9ral pr\u00e9pare une r\u00e9ponse discr\u00e8te, entre diplomatie et d\u00e9fense \u00e9conomique.<\/p>\n","protected":false},"author":37,"featured_media":102552,"comment_status":"open","ping_status":"closed","sticky":false,"template":"","format":"standard","meta":{"footnotes":""},"categories":[1],"tags":[],"class_list":["post-102549","post","type-post","status-publish","format-standard","has-post-thumbnail","hentry","category-economie","generate-columns","tablet-grid-50","mobile-grid-100","grid-parent","grid-33","no-featured-image-padding"],"_links":{"self":[{"href":"https:\/\/econostrum.info\/suisse\/wp-json\/wp\/v2\/posts\/102549","targetHints":{"allow":["GET"]}}],"collection":[{"href":"https:\/\/econostrum.info\/suisse\/wp-json\/wp\/v2\/posts"}],"about":[{"href":"https:\/\/econostrum.info\/suisse\/wp-json\/wp\/v2\/types\/post"}],"author":[{"embeddable":true,"href":"https:\/\/econostrum.info\/suisse\/wp-json\/wp\/v2\/users\/37"}],"replies":[{"embeddable":true,"href":"https:\/\/econostrum.info\/suisse\/wp-json\/wp\/v2\/comments?post=102549"}],"version-history":[{"count":0,"href":"https:\/\/econostrum.info\/suisse\/wp-json\/wp\/v2\/posts\/102549\/revisions"}],"wp:featuredmedia":[{"embeddable":true,"href":"https:\/\/econostrum.info\/suisse\/wp-json\/wp\/v2\/media\/102552"}],"wp:attachment":[{"href":"https:\/\/econostrum.info\/suisse\/wp-json\/wp\/v2\/media?parent=102549"}],"wp:term":[{"taxonomy":"category","embeddable":true,"href":"https:\/\/econostrum.info\/suisse\/wp-json\/wp\/v2\/categories?post=102549"},{"taxonomy":"post_tag","embeddable":true,"href":"https:\/\/econostrum.info\/suisse\/wp-json\/wp\/v2\/tags?post=102549"}],"curies":[{"name":"wp","href":"https:\/\/api.w.org\/{rel}","templated":true}]}}