{"id":102535,"date":"2025-03-30T17:12:21","date_gmt":"2025-03-30T15:12:21","guid":{"rendered":"https:\/\/econostrum.info\/suisse\/?p=102535"},"modified":"2025-03-30T17:12:27","modified_gmt":"2025-03-30T15:12:27","slug":"dirty-15-trump-suisse-risque-t-elle-payer-prix-fort","status":"publish","type":"post","link":"https:\/\/econostrum.info\/suisse\/dirty-15-trump-suisse-risque-t-elle-payer-prix-fort\/","title":{"rendered":"\u00ab\u00a0Dirty 15\u00a0\u00bb de Trump : la Suisse risque-t-elle de payer le prix fort ?"},"content":{"rendered":"\n<p>Le 2 avril 2025 marquera l&rsquo;entr\u00e9e en vigueur des nouveaux droits de douane am\u00e9ricains, une mesure que Donald Trump d\u00e9crit comme une \u00ab\u00a0lib\u00e9ration\u00a0\u00bb pour les \u00c9tats-Unis. La Suisse, ainsi que d&rsquo;autres pays, pourrait bien en faire les frais, se retrouvant potentiellement dans la ligne de mire du pr\u00e9sident am\u00e9ricain.<\/p>\n\n\n\n<p>Donald Trump a annonc\u00e9 que cette date serait celle o\u00f9 les \u00c9tats-Unis appliqueront de nouveaux tarifs douaniers \u00e0 un certain nombre de pays jug\u00e9s responsables de pratiques commerciales \u00ab\u00a0injustes\u00a0\u00bb. Bien que la liste officielle des pays vis\u00e9s ne soit pas encore publi\u00e9e, la Suisse pourrait bien figurer parmi ceux-ci. Ce qui soul\u00e8ve des questions sur les r\u00e9percussions de cette politique protectionniste et la fa\u00e7on dont la Suisse s&rsquo;y pr\u00e9pare.<\/p>\n\n\n\n<h2 class=\"wp-block-heading\">Le contexte : une politique commerciale am\u00e9ricaine plus agressive<\/h2>\n\n\n\n<p>Le 2 avril 2025, les \u00c9tats-Unis appliqueront des droits de douane plus \u00e9lev\u00e9s \u00e0 un ensemble de pays qualifi\u00e9s par Donald Trump de \u00ab\u00a0Dirty 15\u00a0\u00bb, un terme p\u00e9joratif d\u00e9signant les nations accus\u00e9es de manipuler les \u00e9changes commerciaux au d\u00e9triment des \u00c9tats-Unis. Ces mesures sont per\u00e7ues par Trump comme un moyen de corriger un pr\u00e9tendu \u00ab\u00a0d\u00e9s\u00e9quilibre\u00a0\u00bb dans les relations commerciales, notamment \u00e0 travers des d\u00e9ficits commerciaux structurels. Dans ce contexte, la Suisse fait partie des pays susceptibles de subir cette politique, ce qui soul\u00e8ve des pr\u00e9occupations quant \u00e0 l\u2019impact \u00e9conomique pour le pays.<\/p>\n\n\n\n<p>Trump consid\u00e8re certaines pratiques fiscales, comme la TVA, comme des obstacles au commerce, les voyant comme des formes d\u00e9guis\u00e9es de droits de douane.<em> Le Wall Street Journal<\/em> indique que les pays concern\u00e9s par cette mesure repr\u00e9sentent environ 15 % des nations avec lesquelles les \u00c9tats-Unis ont un d\u00e9ficit commercial important, rapporte <em><a href=\"https:\/\/www.watson.ch\/fr\/suisse\/donald-trump\/696390417-la-suisse-tente-d-echapper-aux-dirty-15-que-trump-veut-punir\" target=\"_blank\" rel=\"noopener\">Watson<\/a><\/em>. La Suisse, bien que n\u2019ayant pas encore re\u00e7u de notification officielle, fait partie de ces pays potentiellement vis\u00e9s. L\u2019incertitude plane encore, mais la situation pourrait rapidement devenir un point de tension entre les deux pays.<\/p>\n\n\n\n<h2 class=\"wp-block-heading\">Les pays vis\u00e9s : parmi eux, la Suisse<\/h2>\n\n\n\n<p>Les \u00ab\u00a0Dirty 15\u00a0\u00bb font partie des nations accus\u00e9es de b\u00e9n\u00e9ficier d\u2019un traitement commercial jug\u00e9 d\u00e9loyal envers les \u00c9tats-Unis. La Suisse est ainsi incluse dans cette liste, bien que le nom de ces pays n&rsquo;ait pas encore \u00e9t\u00e9 officiellement communiqu\u00e9 par le gouvernement am\u00e9ricain. Selon des informations relay\u00e9es par le Wall Street Journal, ces pays sont principalement responsables d\u2019un d\u00e9ficit commercial structurel avec les \u00c9tats-Unis.<\/p>\n\n\n\n<p>Parmi les autres nations vis\u00e9es, on retrouve des pays comme l&rsquo;Argentine, le Br\u00e9sil, le Mexique, l\u2019Australie, le Japon, la Cor\u00e9e du Sud, le Canada, la Chine, l\u2019Afrique du Sud, l\u2019Union europ\u00e9enne, la Turquie, le <a href=\"https:\/\/econostrum.info\/suisse\/entrer-royaume-uni-plus-aussi-simple-suisses\/\" data-type=\"post\" data-id=\"101843\">Royaume-Uni<\/a>, l\u2019Indon\u00e9sie, la Malaisie, le Vietnam, la Tha\u00eflande et l\u2019Inde. La Suisse fait donc partie de cette liste potentielle, \u00e9tant accus\u00e9e d\u2019avoir des pratiques commerciales qui d\u00e9favorisent les \u00c9tats-Unis. <\/p>\n\n\n\n<p>Ce climat de tension \u00e9conomique est renforc\u00e9 par la volont\u00e9 de Trump d\u2019ajuster les droits de douane en fonction des politiques commerciales, notamment les taxes sur la valeur ajout\u00e9e, qui, selon lui, nuisent \u00e0 la comp\u00e9titivit\u00e9 des produits am\u00e9ricains.<\/p>\n\n\n\n<h2 class=\"wp-block-heading\">Les n\u00e9gociations suisses \u00e0 Washington<\/h2>\n\n\n\n<p>Face \u00e0 la perspective d\u2019\u00eatre touch\u00e9e par ces mesures, la Suisse a rapidement r\u00e9agi. Le ministre de l\u2019\u00c9conomie, Guy Parmelin, a envoy\u00e9 la secr\u00e9taire d\u2019\u00c9tat \u00e0 l\u2019\u00c9conomie, Helene Budliger, \u00e0 Washington pour tenter de n\u00e9gocier une issue favorable. Cependant, les discussions restent pour l\u2019instant incertaines et aucun accord concret n\u2019a \u00e9t\u00e9 trouv\u00e9. <\/p>\n\n\n\n<p>Guy Parmelin a reconnu qu&rsquo;il \u00e9tait difficile de comprendre pr\u00e9cis\u00e9ment la nature du probl\u00e8me. Dans une interview \u00e0 la radio SRF, il a pr\u00e9cis\u00e9 que, selon lui, Trump pourrait prendre une d\u00e9cision globale sans faire d\u2019exception pour la Suisse. Parmelin a ajout\u00e9 qu&rsquo;aucune mesure particuli\u00e8re ne serait prise avant que les \u00c9tats-Unis ne d\u00e9finissent une politique globale concernant ces taxes.<\/p>\n\n\n\n<p>En ce qui concerne la TVA, un point sensible dans les n\u00e9gociations, Parmelin a indiqu\u00e9 que la Suisse ne comptait pas supprimer ce syst\u00e8me fiscal, contrairement aux attentes de Washington. Trump consid\u00e8re en effet la TVA comme une forme d\u00e9guis\u00e9e de droit de douane, ce qui complique les discussions, notamment pour les pays europ\u00e9ens, dont la Suisse.<\/p>\n\n\n\n<h2 class=\"wp-block-heading\">L&rsquo;impact potentiel sur l\u2019\u00e9conomie suisse<\/h2>\n\n\n\n<p>Les experts suisses, tels que Rudolf Minsch, \u00e9conomiste en chef d&rsquo;Economiesuisse, estiment que les droits de douane sont g\u00e9n\u00e9ralement nuisibles pour une \u00e9conomie ax\u00e9e sur l&rsquo;exportation. La Suisse, en tant que pays largement orient\u00e9 vers l\u2019export, pourrait voir ses exportations affect\u00e9es si ces taxes sont appliqu\u00e9es. <\/p>\n\n\n\n<p>Toutefois, Minsch temp\u00e8re en expliquant que l&rsquo;\u00e9conomie suisse repose sur des produits haut de gamme, comme des m\u00e9dicaments et des horlogers, qui sont difficiles \u00e0 substituer. Par cons\u00e9quent, m\u00eame si ces nouvelles taxes sont mises en place, il est probable que l&rsquo;impact sur les exportations suisses vers les \u00c9tats-Unis ne soit pas aussi massif qu&rsquo;on pourrait le craindre.<\/p>\n\n\n\n<p>N\u00e9anmoins, les autorit\u00e9s suisses restent vigilantes et tentent de pr\u00e9parer le terrain pour \u00e9viter des sanctions trop lourdes. Le ministre Parmelin a pr\u00e9cis\u00e9 que la Suisse devait comprendre pr\u00e9cis\u00e9ment o\u00f9 se situe le probl\u00e8me avant de pouvoir n\u00e9gocier une solution viable avec les \u00c9tats-Unis. Le futur des relations commerciales entre les deux pays d\u00e9pendra donc largement de l\u2019\u00e9volution de cette situation.<\/p>\n","protected":false},"excerpt":{"rendered":"<p>Le 2 avril 2025, les nouveaux droits de douane am\u00e9ricains entreront en vigueur, et la Suisse pourrait en faire les frais.<\/p>\n","protected":false},"author":37,"featured_media":102537,"comment_status":"open","ping_status":"closed","sticky":false,"template":"","format":"standard","meta":{"footnotes":""},"categories":[1],"tags":[],"class_list":["post-102535","post","type-post","status-publish","format-standard","has-post-thumbnail","hentry","category-economie","generate-columns","tablet-grid-50","mobile-grid-100","grid-parent","grid-33","no-featured-image-padding"],"_links":{"self":[{"href":"https:\/\/econostrum.info\/suisse\/wp-json\/wp\/v2\/posts\/102535","targetHints":{"allow":["GET"]}}],"collection":[{"href":"https:\/\/econostrum.info\/suisse\/wp-json\/wp\/v2\/posts"}],"about":[{"href":"https:\/\/econostrum.info\/suisse\/wp-json\/wp\/v2\/types\/post"}],"author":[{"embeddable":true,"href":"https:\/\/econostrum.info\/suisse\/wp-json\/wp\/v2\/users\/37"}],"replies":[{"embeddable":true,"href":"https:\/\/econostrum.info\/suisse\/wp-json\/wp\/v2\/comments?post=102535"}],"version-history":[{"count":0,"href":"https:\/\/econostrum.info\/suisse\/wp-json\/wp\/v2\/posts\/102535\/revisions"}],"wp:featuredmedia":[{"embeddable":true,"href":"https:\/\/econostrum.info\/suisse\/wp-json\/wp\/v2\/media\/102537"}],"wp:attachment":[{"href":"https:\/\/econostrum.info\/suisse\/wp-json\/wp\/v2\/media?parent=102535"}],"wp:term":[{"taxonomy":"category","embeddable":true,"href":"https:\/\/econostrum.info\/suisse\/wp-json\/wp\/v2\/categories?post=102535"},{"taxonomy":"post_tag","embeddable":true,"href":"https:\/\/econostrum.info\/suisse\/wp-json\/wp\/v2\/tags?post=102535"}],"curies":[{"name":"wp","href":"https:\/\/api.w.org\/{rel}","templated":true}]}}