{"id":102525,"date":"2025-03-30T15:22:39","date_gmt":"2025-03-30T13:22:39","guid":{"rendered":"https:\/\/econostrum.info\/suisse\/?p=102525"},"modified":"2025-03-30T15:22:41","modified_gmt":"2025-03-30T13:22:41","slug":"inflation-suisse-prix-logement-mobilite-atteignent-niveaux-records","status":"publish","type":"post","link":"https:\/\/econostrum.info\/suisse\/inflation-suisse-prix-logement-mobilite-atteignent-niveaux-records\/","title":{"rendered":"L&rsquo;inflation en Suisse : les prix du logement et de la mobilit\u00e9 atteignent des niveaux records"},"content":{"rendered":"\n<p>Depuis 2021, l\u2019inflation en Suisse s\u2019est concentr\u00e9e sur deux postes essentiels de la vie quotidienne : se loger et se d\u00e9placer. Cette progression rapide s\u2019inscrit dans une dynamique sans pr\u00e9c\u00e9dent, marquant une rupture avec les tendances des d\u00e9cennies pr\u00e9c\u00e9dentes.<\/p>\n\n\n\n<p>Derri\u00e8re les chiffres, ce sont les r\u00e9alit\u00e9s \u00e9conomiques des familles, des personnes seules, et des diff\u00e9rentes r\u00e9gions suisses qui se dessinent. L\u2019accumulation de ces hausses met en \u00e9vidence des tensions structurelles sur le march\u00e9 du logement et une \u00e9volution des prix de l\u2019\u00e9nergie qui ne montre aucun signe d\u2019apaisement.<\/p>\n\n\n\n<h2 class=\"wp-block-heading\">Une inflation acc\u00e9l\u00e9r\u00e9e sur le logement et la mobilit\u00e9<\/h2>\n\n\n\n<p>L\u2019indice Lomo, \u00e9tabli par Comparis en collaboration avec le Centre de recherches conjoncturelles (KOF) de l\u2019EPFZ, mesure l\u2019\u00e9volution des prix dans les domaines du logement et de la mobilit\u00e9. En f\u00e9vrier 2025, il affichait une hausse de 0,7 % par rapport au m\u00eame mois de l\u2019ann\u00e9e pr\u00e9c\u00e9dente. \u00c0 titre de comparaison, l\u2019indice suisse des prix \u00e0 la consommation (IPC) de l\u2019Office f\u00e9d\u00e9ral de la statistique a progress\u00e9 de 0,3 % sur la m\u00eame p\u00e9riode.<\/p>\n\n\n\n<p>Entre 2021 et 2025, l\u2019augmentation cumul\u00e9e dans ces deux secteurs atteint 9,7 %, soit presque autant que sur les seize ann\u00e9es pr\u00e9c\u00e9dentes. En vingt ans, la hausse totale s\u2019\u00e9l\u00e8ve \u00e0 21,2 %, selon les donn\u00e9es de Comparis relay\u00e9es par <em><a href=\"https:\/\/www.watson.ch\/fr\/suisse\/loyer\/367126627-inflation-en-suisse-a-quel-point-la-vie-devient-plus-chere\" target=\"_blank\" rel=\"noopener\">Watson<\/a><\/em>. Cette tendance influe directement sur la consommation des m\u00e9nages, d\u2019autant plus que le logement et la mobilit\u00e9 repr\u00e9sentent environ 40 % de leur budget.<\/p>\n\n\n\n<h2 class=\"wp-block-heading\">Les loyers poursuivent leur hausse, l\u2019offre reste insuffisante<\/h2>\n\n\n\n<p>Les loyers ont progress\u00e9 de 3,2 % en un an et de 9,3 % en quatre ans. Depuis vingt ans, leur augmentation cumul\u00e9e atteint 31,5 %. Dirk Renkert, expert chez Comparis, explique que \u00ab<em> l\u2019offre insuffisante de logements continue de faire grimper les loyers <\/em>\u00bb. Le ph\u00e9nom\u00e8ne est amplifi\u00e9 par l\u2019absence de mesures structurelles visant \u00e0 encourager la cr\u00e9ation de <a href=\"https:\/\/econostrum.info\/suisse\/suisse-logements-abordables-existent-plus\/\">logements abordables<\/a>.<\/p>\n\n\n\n<p>L\u2019indice Lomo prend \u00e9galement en compte l\u2019\u00e9volution des prix des biens m\u00e9nagers, comme les meubles. Certaines baisses ont \u00e9t\u00e9 observ\u00e9es dans ce segment : les prix de certains meubles ont diminu\u00e9 de 4,3 % en un an, et les voitures d\u2019occasion de 4,6 %.<\/p>\n\n\n\n<h2 class=\"wp-block-heading\">L\u2019\u00e9nergie explose : chauffage et \u00e9lectricit\u00e9 p\u00e8sent sur les foyers<\/h2>\n\n\n\n<p>Le co\u00fbt de l\u2019\u00e9nergie a fortement contribu\u00e9 \u00e0 la hausse du co\u00fbt de la vie. En quatre ans, le prix de l\u2019\u00e9nergie de chauffage a bondi de pr\u00e8s de 50 %, et celui de l\u2019\u00e9lectricit\u00e9 de plus de 40 %. Sur vingt ans, ces hausses atteignent respectivement 102,2 % et 67 %. Ces \u00e9volutions affectent directement les d\u00e9penses des m\u00e9nages.<\/p>\n\n\n\n<p>Malgr\u00e9 une baisse ponctuelle des prix en 2024, avec -8,7 % pour l\u2019\u00e9lectricit\u00e9 et -7,4 % pour le chauffage, le rench\u00e9rissement global reste marqu\u00e9. Pour une famille d\u00e9pensant 2500 francs par mois en loyer, 1000 francs pour la voiture et 200 francs pour les transports publics, une hausse de 0,7 % de l\u2019indice Lomo \u00e9quivaut \u00e0 un surco\u00fbt mensuel d\u2019environ 26 francs, soit 311 francs suppl\u00e9mentaires sur l\u2019ann\u00e9e.<\/p>\n\n\n\n<h2 class=\"wp-block-heading\">Disparit\u00e9s r\u00e9gionales et profils les plus expos\u00e9s<\/h2>\n\n\n\n<p>L\u2019impact de cette inflation varie selon les r\u00e9gions et les profils de m\u00e9nages. La Suisse romande enregistre la hausse la plus forte avec +0,7 %, contre +0,5 % en Suisse italienne. Parmi les cat\u00e9gories les plus touch\u00e9es, les personnes vivant seules et \u00e2g\u00e9es de moins de 65 ans subissent un taux d\u2019inflation annuel de 1,2 %, bien au-dessus de la moyenne.<\/p>\n\n\n\n<p>L\u2019indice Lomo tient compte de plusieurs facteurs\u202f; \u00e0 savoir le type de m\u00e9nage, la cat\u00e9gorie de revenus et la r\u00e9gion linguistique. Cette approche permet une lecture affin\u00e9e de l\u2019inflation r\u00e9elle ressentie, \u00e0 la diff\u00e9rence de l\u2019IPC, qui ne prend pas en compte des \u00e9l\u00e9ments comme les primes des assurances sociales ou les imp\u00f4ts directs.<\/p>\n","protected":false},"excerpt":{"rendered":"<p>En quatre ans, les hausses des prix du logement et de la mobilit\u00e9 ont presque \u00e9gal\u00e9 celles des 16 ann\u00e9es pr\u00e9c\u00e9dentes, pesant lourdement sur les budgets des m\u00e9nages.<\/p>\n","protected":false},"author":37,"featured_media":102527,"comment_status":"open","ping_status":"closed","sticky":false,"template":"","format":"standard","meta":{"footnotes":""},"categories":[1],"tags":[],"class_list":["post-102525","post","type-post","status-publish","format-standard","has-post-thumbnail","hentry","category-economie","generate-columns","tablet-grid-50","mobile-grid-100","grid-parent","grid-33","no-featured-image-padding"],"_links":{"self":[{"href":"https:\/\/econostrum.info\/suisse\/wp-json\/wp\/v2\/posts\/102525","targetHints":{"allow":["GET"]}}],"collection":[{"href":"https:\/\/econostrum.info\/suisse\/wp-json\/wp\/v2\/posts"}],"about":[{"href":"https:\/\/econostrum.info\/suisse\/wp-json\/wp\/v2\/types\/post"}],"author":[{"embeddable":true,"href":"https:\/\/econostrum.info\/suisse\/wp-json\/wp\/v2\/users\/37"}],"replies":[{"embeddable":true,"href":"https:\/\/econostrum.info\/suisse\/wp-json\/wp\/v2\/comments?post=102525"}],"version-history":[{"count":0,"href":"https:\/\/econostrum.info\/suisse\/wp-json\/wp\/v2\/posts\/102525\/revisions"}],"wp:featuredmedia":[{"embeddable":true,"href":"https:\/\/econostrum.info\/suisse\/wp-json\/wp\/v2\/media\/102527"}],"wp:attachment":[{"href":"https:\/\/econostrum.info\/suisse\/wp-json\/wp\/v2\/media?parent=102525"}],"wp:term":[{"taxonomy":"category","embeddable":true,"href":"https:\/\/econostrum.info\/suisse\/wp-json\/wp\/v2\/categories?post=102525"},{"taxonomy":"post_tag","embeddable":true,"href":"https:\/\/econostrum.info\/suisse\/wp-json\/wp\/v2\/tags?post=102525"}],"curies":[{"name":"wp","href":"https:\/\/api.w.org\/{rel}","templated":true}]}}