{"id":102474,"date":"2025-03-28T14:51:10","date_gmt":"2025-03-28T13:51:10","guid":{"rendered":"https:\/\/econostrum.info\/suisse\/?p=102474"},"modified":"2025-03-28T14:51:12","modified_gmt":"2025-03-28T13:51:12","slug":"suisse-faillites-hausse-economie-vacille-secteurs","status":"publish","type":"post","link":"https:\/\/econostrum.info\/suisse\/suisse-faillites-hausse-economie-vacille-secteurs\/","title":{"rendered":"En Suisse, les faillites en forte hausse, voici secteurs sont les plus touch\u00e9s"},"content":{"rendered":"\n<p>Depuis janvier 2024, les cessations d&rsquo;activit\u00e9 se multiplient \u00e0 un rythme pr\u00e9occupant. Le cas de l\u2019entreprise Constantin Isolations SA \u00e0 Sion, qui a mis fin \u00e0 ses activit\u00e9s le 12 mars avec 34 postes supprim\u00e9s, en est un exemple marquant. Cette dynamique traduit une d\u00e9gradation progressive de la situation \u00e9conomique nationale.<\/p>\n\n\n\n<p>Les effets visibles de cette \u00e9volution ne sont pas encore pleinement refl\u00e9t\u00e9s dans les chiffres du ch\u00f4mage. Mais les signaux envoy\u00e9s par l\u2019accroissement des faillites indiquent un affaiblissement structurel qui touche divers secteurs de l\u2019\u00e9conomie suisse, rapporte <em><a href=\"https:\/\/www.blick.ch\/fr\/economie\/des-signaux-inquietants-les-faillites-se-multiplient-leconomie-suisse-va-t-elle-bientot-sombrer-id20718874.html\" target=\"_blank\" rel=\"noopener\">Blick<\/a><\/em>.<\/p>\n\n\n\n<h2 class=\"wp-block-heading\">Une croissance continue des faillites sur deux ann\u00e9es cons\u00e9cutives<\/h2>\n\n\n\n<p>En 2024, la Suisse a enregistr\u00e9 11 506 faillites, soit une augmentation de 15 % par rapport \u00e0 l\u2019ann\u00e9e pr\u00e9c\u00e9dente. Cette progression se poursuit en 2025 : au cours des deux premiers mois de l\u2019ann\u00e9e, une nouvelle hausse de 7,7 % est observ\u00e9e, selon les chiffres relay\u00e9s par Creditreform.<\/p>\n\n\n\n<p>Claude Federer, directeur de cette union suisse des cr\u00e9anciers, pr\u00e9cise que les donn\u00e9es sectorielles compl\u00e8tes pour l\u2019ann\u00e9e en cours ne sont pas encore disponibles. Toutefois, les branches historiquement vuln\u00e9rables, o\u00f9 les barri\u00e8res \u00e0 l\u2019entr\u00e9e sont faibles, semblent toujours les plus expos\u00e9es. Il cite notamment la construction, l\u2019h\u00f4tellerie\/restauration, le commerce et les services. Pour ouvrir une entreprise de conseil, il suffit d\u2019un bureau, d\u2019un ordinateur et d\u2019un t\u00e9l\u00e9phone, rappelle-t-il, ce qui rend ces secteurs particuli\u00e8rement sensibles aux retournements de conjoncture.<\/p>\n\n\n\n<h2 class=\"wp-block-heading\">Les entreprises zombies disparaissent avec la fin des aides post-Covid<\/h2>\n\n\n\n<p>Parmi les causes principales de cette vague de faillites figure la gestion post-pand\u00e9mie. Selon Claude Federer, de nombreuses entreprises dites zombies ont \u00e9t\u00e9 maintenues artificiellement en vie gr\u00e2ce aux aides Covid. Ces structures n\u2019auraient pas surv\u00e9cu dans des conditions \u00e9conomiques normales, et peinent aujourd\u2019hui \u00e0 rembourser les pr\u00eats contract\u00e9s \u00e0 l\u2019\u00e9poque. Leur incapacit\u00e9 \u00e0 faire face \u00e0 ces obligations financi\u00e8res conduit d\u00e9sormais \u00e0 leur disparition.<\/p>\n\n\n\n<p>Cette situation s\u2019inscrit dans un contexte \u00e9conomique globalement difficile. Plusieurs secteurs enregistrent des reculs d\u2019activit\u00e9. Dans la construction, par exemple, un affaiblissement du chiffre d\u2019affaires est attendu pour le premier trimestre 2025. Fredy Hasenmaile, \u00e9conomiste en chef \u00e0 la banque Raiffeisen, explique avoir longtemps \u00e9t\u00e9 surpris par la relative r\u00e9sistance du secteur face \u00e0 l\u2019augmentation des co\u00fbts et des taux d\u2019int\u00e9r\u00eat. Il constate d\u00e9sormais que de nombreuses entreprises ont consomm\u00e9 leurs derni\u00e8res r\u00e9serves, ce qui conduit \u00e0 une hausse marqu\u00e9e des faillites dans ce domaine.<\/p>\n\n\n\n<h2 class=\"wp-block-heading\">Pression sur les co\u00fbts malgr\u00e9 des chiffres d\u2019affaires en apparence solides<\/h2>\n\n\n\n<p>L\u2019h\u00f4tellerie illustre cette contradiction entre performance apparente et difficult\u00e9s r\u00e9elles. Fredy Hasenmaile souligne que m\u00eame si les nuit\u00e9es atteignent des niveaux records, cela ne suffit pas \u00e0 garantir la p\u00e9rennit\u00e9 financi\u00e8re des \u00e9tablissements. Nombre d\u2019entre eux sont contraints de fermer en raison de la hausse des charges.<\/p>\n\n\n\n<p>Dans l\u2019industrie, la situation reste tendue, en partie \u00e0 cause d\u2019une crise mondiale persistante depuis deux ans. Le ralentissement de l\u2019\u00e9conomie allemande, partenaire strat\u00e9gique pour les exportations suisses, aggrave les difficult\u00e9s. Si le secteur industriel semble pour l\u2019instant partiellement \u00e9pargn\u00e9 par la vague de faillites, certains domaines comme la m\u00e9tallurgie, la production de meubles ou encore l\u2019impression commencent \u00e0 montrer des signes de faiblesse, selon Fredy Hasenmaile.<\/p>\n\n\n\n<p>Le commerce de d\u00e9tail, quant \u00e0 lui, conserve une certaine stabilit\u00e9. Dagmar Jenni, de la Swiss Retail Federation, indique que les cr\u00e9ations d\u2019entreprises et les faillites s\u2019\u00e9quilibrent dans ce secteur. N\u00e9anmoins, elle reconna\u00eet l\u2019existence de restructurations comme celle en cours chez <a href=\"https:\/\/econostrum.info\/suisse\/migros-ejectee-top-3-entreprises-preferees-suisses\/\" data-type=\"post\" data-id=\"102419\">Migros<\/a>, ou de faillites marquantes telles que celle de la cha\u00eene de magasins Depot.<\/p>\n\n\n\n<p>La tendance pourrait se renforcer dans les mois \u00e0 venir. Claude Federer rappelle qu\u2019\u00e0 compter de 2025, les cr\u00e9ances de droit public \u2014 comme les imp\u00f4ts ou les cotisations AVS impay\u00e9es \u2014 ne font plus l\u2019objet de poursuites par voie de saisie, mais directement par voie de faillite. Ce changement de proc\u00e9dure devrait provoquer, avec un l\u00e9ger d\u00e9calage, une hausse notable des faillites d\u00e8s avril ou mai.<\/p>\n\n\n\n<p><\/p>\n","protected":false},"excerpt":{"rendered":"<p>Faillites en hausse en 2024 et d\u00e9but 2025, suppressions d\u2019emplois, secteurs fragilis\u00e9s. L\u2019\u00e9conomie suisse montre des signes clairs de tension, malgr\u00e9 quelques indicateurs localement favorables.<\/p>\n","protected":false},"author":37,"featured_media":102477,"comment_status":"open","ping_status":"closed","sticky":false,"template":"","format":"standard","meta":{"footnotes":""},"categories":[1],"tags":[],"class_list":["post-102474","post","type-post","status-publish","format-standard","has-post-thumbnail","hentry","category-economie","generate-columns","tablet-grid-50","mobile-grid-100","grid-parent","grid-33","no-featured-image-padding"],"_links":{"self":[{"href":"https:\/\/econostrum.info\/suisse\/wp-json\/wp\/v2\/posts\/102474","targetHints":{"allow":["GET"]}}],"collection":[{"href":"https:\/\/econostrum.info\/suisse\/wp-json\/wp\/v2\/posts"}],"about":[{"href":"https:\/\/econostrum.info\/suisse\/wp-json\/wp\/v2\/types\/post"}],"author":[{"embeddable":true,"href":"https:\/\/econostrum.info\/suisse\/wp-json\/wp\/v2\/users\/37"}],"replies":[{"embeddable":true,"href":"https:\/\/econostrum.info\/suisse\/wp-json\/wp\/v2\/comments?post=102474"}],"version-history":[{"count":0,"href":"https:\/\/econostrum.info\/suisse\/wp-json\/wp\/v2\/posts\/102474\/revisions"}],"wp:featuredmedia":[{"embeddable":true,"href":"https:\/\/econostrum.info\/suisse\/wp-json\/wp\/v2\/media\/102477"}],"wp:attachment":[{"href":"https:\/\/econostrum.info\/suisse\/wp-json\/wp\/v2\/media?parent=102474"}],"wp:term":[{"taxonomy":"category","embeddable":true,"href":"https:\/\/econostrum.info\/suisse\/wp-json\/wp\/v2\/categories?post=102474"},{"taxonomy":"post_tag","embeddable":true,"href":"https:\/\/econostrum.info\/suisse\/wp-json\/wp\/v2\/tags?post=102474"}],"curies":[{"name":"wp","href":"https:\/\/api.w.org\/{rel}","templated":true}]}}