{"id":102407,"date":"2025-03-26T18:16:00","date_gmt":"2025-03-26T17:16:00","guid":{"rendered":"https:\/\/econostrum.info\/suisse\/?p=102407"},"modified":"2025-03-26T15:27:56","modified_gmt":"2025-03-26T14:27:56","slug":"violence-hausse-suisse-canton-tete-statistiques","status":"publish","type":"post","link":"https:\/\/econostrum.info\/suisse\/violence-hausse-suisse-canton-tete-statistiques\/","title":{"rendered":"La violence en hausse en Suisse : ce canton en t\u00eate des statistiques"},"content":{"rendered":"\n<p>La Suisse enregistre une augmentation constante des infractions violentes, avec une hausse notable de 3,3 % en 2024 par rapport \u00e0 l&rsquo;ann\u00e9e pr\u00e9c\u00e9dente. Selon les donn\u00e9es de l&rsquo;<a href=\"https:\/\/www.bfs.admin.ch\/bfs\/fr\/home.html\" target=\"_blank\" rel=\"noopener\">Office f\u00e9d\u00e9ral de la statistique (OFS)<\/a>, pr\u00e8s de 49 000 actes violents ont \u00e9t\u00e9 recens\u00e9s, et cette tendance s&rsquo;inscrit dans un ph\u00e9nom\u00e8ne de long terme. Au cours des dix derni\u00e8res ann\u00e9es, les infractions violentes ont augment\u00e9 de 15 %. <\/p>\n\n\n\n<p>La violence la plus grave, notamment les violences physiques s\u00e9v\u00e8res, a connu une progression particuli\u00e8rement marqu\u00e9e, avec une hausse de 19,4 % par rapport \u00e0 2023. En d\u00e9pit de cette forte augmentation, ces actes graves restent relativement peu fr\u00e9quents, repr\u00e9sentant un peu plus de 2400 cas en 2024.<\/p>\n\n\n\n<p>Les actes violents sont classifi\u00e9s en diff\u00e9rentes cat\u00e9gories, allant des violences mineures comme les gifles ou coups de poing, aux infractions plus graves, telles que les homicides, les viols ou les s\u00e9questrations. En 2024, la majorit\u00e9 des actes violents recens\u00e9s \u00e9taient de nature moins grave, comme les voies de fait, qui repr\u00e9sentent pr\u00e8s d&rsquo;un tiers du total des infractions. <\/p>\n\n\n\n<p>Ces actes n&rsquo;ont pas caus\u00e9 de l\u00e9sion corporelle ou de dommage \u00e0 la sant\u00e9 des victimes, mais t\u00e9moignent de la violence grandissante dans la soci\u00e9t\u00e9. L&rsquo;injure et les menaces viennent ensuite, repr\u00e9sentant environ 20 % des infractions enregistr\u00e9es, suivis par les l\u00e9sions corporelles simples, qui repr\u00e9sentent 15 % des actes violents.<\/p>\n\n\n\n<h2 class=\"wp-block-heading\">Lausanne : un district largement touch\u00e9 par la violence<\/h2>\n\n\n\n<p>Avec un taux de <strong>12,9 infractions violentes pour 1000 habitants<\/strong>, le district de Lausanne occupe la premi\u00e8re place des zones les plus touch\u00e9es par la violence en Suisse. Ce chiffre le place devant d&rsquo;autres grandes villes suisses, comme B\u00e2le-Ville (12,7) et <a href=\"https:\/\/econostrum.info\/suisse\/zurich-meilleure-ville-deurope\/\" data-type=\"post\" data-id=\"4263\">Zurich<\/a> (10,7), qui figurent \u00e9galement parmi les zones les plus concern\u00e9es. <\/p>\n\n\n\n<p>La situation \u00e0 Lausanne est particuli\u00e8rement marqu\u00e9e, avec des statistiques qui r\u00e9v\u00e8lent l&rsquo;ampleur du ph\u00e9nom\u00e8ne. Le district de l&rsquo;Ouest lausannois, qui comprend des communes comme Nyon et Morges, enregistre \u00e9galement un taux \u00e9lev\u00e9 de <strong>9,5 infractions violentes pour 1000 habitants<\/strong>, ce qui place cette r\u00e9gion parmi les plus touch\u00e9es par la violence.<\/p>\n\n\n\n<p>Outre Lausanne, d&rsquo;autres r\u00e9gions de Suisse romande enregistrent \u00e9galement des taux \u00e9lev\u00e9s d&rsquo;infractions violentes. La Broye-Vully, dans le canton de Fribourg, ainsi que les districts d&rsquo;Aigle et du Jura-Nord vaudois (VD), et de Bienne (BE), figurent \u00e9galement parmi les zones les plus touch\u00e9es. En revanche, la Suisse centrale et orientale, ainsi que le Haut-Valais, affichent des chiffres nettement inf\u00e9rieurs, se classant parmi les r\u00e9gions les moins concern\u00e9es par les actes violents.<\/p>\n\n\n\n<h2 class=\"wp-block-heading\">Les victimes et les auteurs : les hommes principalement touch\u00e9s<\/h2>\n\n\n\n<p>L&rsquo;Office f\u00e9d\u00e9ral de la statistique r\u00e9v\u00e8le que les hommes sont les plus touch\u00e9s par les infractions violentes, repr\u00e9sentant <strong>56,7 % des victimes<\/strong> en 2024. Cependant, les donn\u00e9es sur les infractions graves montrent une tendance diff\u00e9rente. Les <strong>violences graves<\/strong>, comme les blessures corporelles graves, les s\u00e9questrations, et les actes sexuels violents, touchent davantage les femmes. <\/p>\n\n\n\n<p>En revanche, la majorit\u00e9 des auteurs de violences sont des hommes. Cette r\u00e9partition de genre est particuli\u00e8rement marqu\u00e9e pour les infractions graves, o\u00f9 pr\u00e8s de <strong>95 % des pr\u00e9venus<\/strong> sont des hommes, selon les statistiques de l&rsquo;OFS.<\/p>\n\n\n\n<p>Cette forte concentration masculine parmi les pr\u00e9venus d&rsquo;actes violents soul\u00e8ve des questions concernant les causes sous-jacentes de cette violence, notamment en lien avec les r\u00f4les sociaux et les in\u00e9galit\u00e9s de genre. Par ailleurs, la r\u00e9partition des victimes montre \u00e9galement que, bien que les hommes soient plus nombreux parmi les victimes d&rsquo;actes violents en g\u00e9n\u00e9ral, les femmes sont davantage concern\u00e9es par les violences graves.<\/p>\n","protected":false},"excerpt":{"rendered":"<p>En 2024, la Suisse a enregistr\u00e9 pr\u00e8s de 49 000 infractions violentes, en hausse de 3,3 %. Lausanne affiche le taux le plus \u00e9lev\u00e9 parmi les grandes villes suisses.<\/p>\n","protected":false},"author":37,"featured_media":102409,"comment_status":"open","ping_status":"closed","sticky":false,"template":"","format":"standard","meta":{"footnotes":""},"categories":[1],"tags":[],"class_list":["post-102407","post","type-post","status-publish","format-standard","has-post-thumbnail","hentry","category-economie","generate-columns","tablet-grid-50","mobile-grid-100","grid-parent","grid-33","no-featured-image-padding"],"_links":{"self":[{"href":"https:\/\/econostrum.info\/suisse\/wp-json\/wp\/v2\/posts\/102407","targetHints":{"allow":["GET"]}}],"collection":[{"href":"https:\/\/econostrum.info\/suisse\/wp-json\/wp\/v2\/posts"}],"about":[{"href":"https:\/\/econostrum.info\/suisse\/wp-json\/wp\/v2\/types\/post"}],"author":[{"embeddable":true,"href":"https:\/\/econostrum.info\/suisse\/wp-json\/wp\/v2\/users\/37"}],"replies":[{"embeddable":true,"href":"https:\/\/econostrum.info\/suisse\/wp-json\/wp\/v2\/comments?post=102407"}],"version-history":[{"count":0,"href":"https:\/\/econostrum.info\/suisse\/wp-json\/wp\/v2\/posts\/102407\/revisions"}],"wp:featuredmedia":[{"embeddable":true,"href":"https:\/\/econostrum.info\/suisse\/wp-json\/wp\/v2\/media\/102409"}],"wp:attachment":[{"href":"https:\/\/econostrum.info\/suisse\/wp-json\/wp\/v2\/media?parent=102407"}],"wp:term":[{"taxonomy":"category","embeddable":true,"href":"https:\/\/econostrum.info\/suisse\/wp-json\/wp\/v2\/categories?post=102407"},{"taxonomy":"post_tag","embeddable":true,"href":"https:\/\/econostrum.info\/suisse\/wp-json\/wp\/v2\/tags?post=102407"}],"curies":[{"name":"wp","href":"https:\/\/api.w.org\/{rel}","templated":true}]}}