{"id":102347,"date":"2025-03-24T12:38:00","date_gmt":"2025-03-24T11:38:00","guid":{"rendered":"https:\/\/econostrum.info\/suisse\/?p=102347"},"modified":"2025-03-24T02:31:41","modified_gmt":"2025-03-24T01:31:41","slug":"ce-qui-change-suisses-avril","status":"publish","type":"post","link":"https:\/\/econostrum.info\/suisse\/ce-qui-change-suisses-avril\/","title":{"rendered":"Ce qui va changer pour les Suisses en avril"},"content":{"rendered":"\n<p>Le nouveau conseiller f\u00e9d\u00e9ral Martin Pfister prendra le 1\u1d49\u02b3 avril la t\u00eate du D\u00e9partement f\u00e9d\u00e9ral de la d\u00e9fense (DDPS), mais il ne sera pas seul \u00e0 marquer ce changement de mois. D\u2019autres \u00e9volutions juridiques viendront modifier les obligations de certains secteurs ou pratiques du quotidien, avec des implications concr\u00e8tes pour les citoyens et les entreprises, rapporte<em><a href=\"https:\/\/www.watson.ch\/fr\/suisse\/voyage\/869144738-attention-a-ces-changements-de-loi-en-avril\" target=\"_blank\" rel=\"noopener\"> Watson<\/a><\/em>.<\/p>\n\n\n\n<p>Ces changements sont introduits dans un souci de s\u00e9curit\u00e9, d\u2019adaptation aux exigences internationales et d&rsquo;encouragement \u00e0 la transition \u00e9nerg\u00e9tique. Ils traduisent un mouvement l\u00e9gislatif qui va au-del\u00e0 des traditionnels ajustements de d\u00e9but d\u2019ann\u00e9e.<\/p>\n\n\n\n<h2 class=\"wp-block-heading\">Signalement obligatoire des cyberattaques<\/h2>\n\n\n\n<p>\u00c0 partir du 1\u1d49\u02b3 avril, toutes les cyberattaques visant des infrastructures critiques devront \u00eatre rapport\u00e9es dans un d\u00e9lai de 24 heures. Le signalement devra \u00eatre effectu\u00e9 aupr\u00e8s de l\u2019Office f\u00e9d\u00e9ral de la cybers\u00e9curit\u00e9 (OFCS). Sont concern\u00e9s les incidents qui compromettent le fonctionnement d\u2019une structure essentielle, provoquent une fuite ou une manipulation de donn\u00e9es, ou encore s\u2019accompagnent de chantage, de menaces ou de formes de contrainte.<\/p>\n\n\n\n<p>Cette obligation sera assortie de sanctions financi\u00e8res, bien que celles-ci ne soient applicables qu\u2019\u00e0 compter du mois d\u2019octobre. Cette p\u00e9riode transitoire permet aux acteurs concern\u00e9s d\u2019adapter leurs processus internes de signalement aux nouvelles exigences de la Conf\u00e9d\u00e9ration.<\/p>\n\n\n\n<h2 class=\"wp-block-heading\">Nouvelle formalit\u00e9 pour se rendre au Royaume-Uni<\/h2>\n\n\n\n<p>\u00c0 compter du 2 avril, les ressortissants suisses devront pr\u00e9senter une <a href=\"https:\/\/econostrum.info\/suisse\/entrer-royaume-uni-plus-aussi-simple-suisses\/\" data-type=\"post\" data-id=\"101843\">autorisation de voyage \u00e9lectronique (ETA) pour entrer au Royaume-Uni<\/a>, en plus d\u2019un passeport. Ce changement d\u00e9coule du nouveau syst\u00e8me britannique de contr\u00f4le aux fronti\u00e8res post-Brexit.<\/p>\n\n\n\n<p>Cette autorisation, factur\u00e9e 10 livres (environ 11 francs suisses), sera valable pendant deux ans. Elle permettra plusieurs s\u00e9jours, chacun ne pouvant exc\u00e9der six mois. Pour l\u2019obtenir, les voyageurs devront en faire la demande en ligne sur le site officiel du gouvernement britannique ou via l\u2019application UK ETA. Une fois expir\u00e9e, l\u2019autorisation devra \u00eatre renouvel\u00e9e selon les m\u00eames modalit\u00e9s.<\/p>\n\n\n\n<h2 class=\"wp-block-heading\">Ajustements financiers pour les installations solaires<\/h2>\n\n\n\n<p>Le 1\u1d49\u02b3 avril verra \u00e9galement l\u2019entr\u00e9e en vigueur de nouvelles mesures de soutien \u00e0 l\u2019\u00e9nergie photovolta\u00efque. Le suppl\u00e9ment destin\u00e9 aux installations pr\u00e9sentant un angle d\u2019inclinaison d\u2019au moins 75 degr\u00e9s sera revaloris\u00e9. Il passera de 250 \u00e0 400 francs par kilowatt pour les installations int\u00e9gr\u00e9es, et de 100 \u00e0 200 francs pour les syst\u00e8mes ajout\u00e9s ou isol\u00e9s.<\/p>\n\n\n\n<p>L\u2019Office f\u00e9d\u00e9ral de l\u2019\u00e9nergie (OFEN), cit\u00e9 par les deux sources, justifie cette hausse par le potentiel de production accru de ces installations durant la saison hivernale. D\u2019autres ajustements concernent les grandes installations : celles dont la puissance exc\u00e8de 100 kW b\u00e9n\u00e9ficieront d\u2019un tarif diff\u00e9renci\u00e9, avec 330 francs par kilowatt jusqu\u2019\u00e0 100 kW et 250 francs au-del\u00e0.<\/p>\n\n\n\n<p>Enfin, la r\u00e9tribution unique li\u00e9e \u00e0 la puissance baissera de 20 francs pour deux cat\u00e9gories d\u2019installations : celles inf\u00e9rieures \u00e0 30 kW, et celles ajout\u00e9es ou isol\u00e9es au-del\u00e0 de 100 kW. Ce dernier segment est d\u00e9crit comme en forte croissance par les autorit\u00e9s. En revanche, aucune modification n\u2019est pr\u00e9vue pour les installations comprises entre 30 et 100 kW, qui enregistrent une progression plus mod\u00e9r\u00e9e.<\/p>\n\n\n\n<p><\/p>\n","protected":false},"excerpt":{"rendered":"<p>D\u00e8s avril, plusieurs ajustements l\u00e9gislatifs entrent en vigueur en Suisse, touchant la cybers\u00e9curit\u00e9, les voyages vers le Royaume-Uni et l\u2019\u00e9nergie solaire.<\/p>\n","protected":false},"author":37,"featured_media":101330,"comment_status":"open","ping_status":"closed","sticky":false,"template":"","format":"standard","meta":{"footnotes":""},"categories":[1],"tags":[],"class_list":["post-102347","post","type-post","status-publish","format-standard","has-post-thumbnail","hentry","category-economie","generate-columns","tablet-grid-50","mobile-grid-100","grid-parent","grid-33","no-featured-image-padding"],"_links":{"self":[{"href":"https:\/\/econostrum.info\/suisse\/wp-json\/wp\/v2\/posts\/102347","targetHints":{"allow":["GET"]}}],"collection":[{"href":"https:\/\/econostrum.info\/suisse\/wp-json\/wp\/v2\/posts"}],"about":[{"href":"https:\/\/econostrum.info\/suisse\/wp-json\/wp\/v2\/types\/post"}],"author":[{"embeddable":true,"href":"https:\/\/econostrum.info\/suisse\/wp-json\/wp\/v2\/users\/37"}],"replies":[{"embeddable":true,"href":"https:\/\/econostrum.info\/suisse\/wp-json\/wp\/v2\/comments?post=102347"}],"version-history":[{"count":0,"href":"https:\/\/econostrum.info\/suisse\/wp-json\/wp\/v2\/posts\/102347\/revisions"}],"wp:featuredmedia":[{"embeddable":true,"href":"https:\/\/econostrum.info\/suisse\/wp-json\/wp\/v2\/media\/101330"}],"wp:attachment":[{"href":"https:\/\/econostrum.info\/suisse\/wp-json\/wp\/v2\/media?parent=102347"}],"wp:term":[{"taxonomy":"category","embeddable":true,"href":"https:\/\/econostrum.info\/suisse\/wp-json\/wp\/v2\/categories?post=102347"},{"taxonomy":"post_tag","embeddable":true,"href":"https:\/\/econostrum.info\/suisse\/wp-json\/wp\/v2\/tags?post=102347"}],"curies":[{"name":"wp","href":"https:\/\/api.w.org\/{rel}","templated":true}]}}