{"id":102297,"date":"2025-03-22T17:28:00","date_gmt":"2025-03-22T16:28:00","guid":{"rendered":"https:\/\/econostrum.info\/suisse\/?p=102297"},"modified":"2025-03-22T02:38:31","modified_gmt":"2025-03-22T01:38:31","slug":"ce-que-gagne-classe-moyenne-suisse","status":"publish","type":"post","link":"https:\/\/econostrum.info\/suisse\/ce-que-gagne-classe-moyenne-suisse\/","title":{"rendered":"Entre 4126 et 18 569 francs : ce que gagne la classe moyenne en Suisse"},"content":{"rendered":"\n<p>L\u2019expression \u00ab classe moyenne \u00bb revient fr\u00e9quemment dans les discours politiques, quels que soient les partis. Elle est au centre de nombreuses revendications fiscales, sociales ou \u00e9conomiques. Derri\u00e8re ce terme, souvent utilis\u00e9 de mani\u00e8re vague, se cachent pourtant des d\u00e9finitions concr\u00e8tes et des r\u00e9alit\u00e9s chiffr\u00e9es.<\/p>\n\n\n\n<p><a href=\"https:\/\/www.bfs.admin.ch\/bfs\/fr\/home\/statistiques\/situation-economique-sociale-population\/bien-etre-pauvrete\/classe-moyenne.html\" target=\"_blank\" rel=\"noopener\">L\u2019Office f\u00e9d\u00e9ral de la statistique (OFS)<\/a> rappelle que la classe moyenne en Suisse est clairement codifi\u00e9e. Elle englobe une part quantifiable de la population, \u00e9tablie selon des seuils de revenus bien d\u00e9finis, qui \u00e9voluent chaque ann\u00e9e en fonction des donn\u00e9es \u00e9conomiques.<\/p>\n\n\n\n<h2 class=\"wp-block-heading\">Une d\u00e9finition codifi\u00e9e et des seuils ajust\u00e9s<\/h2>\n\n\n\n<p>L\u2019appartenance \u00e0 la classe moyenne d\u00e9pend du revenu mensuel brut. En 2022, pour une personne seule, ce revenu devait se situer entre 4126 et 8842 francs. Pour un couple avec deux enfants, les seuils allaient de 8666 \u00e0 18 569 francs. Ces montants ont \u00e9volu\u00e9 au fil des ann\u00e9es. En 2000, par exemple, ils \u00e9taient fix\u00e9s \u00e0 3399 et 7284 francs pour une personne seule.<\/p>\n\n\n\n<p>L\u2019OFS pr\u00e9cise que cette d\u00e9finition permet de quantifier objectivement ce groupe social, souvent \u00e9voqu\u00e9 dans les d\u00e9bats sans pr\u00e9cision. Cette codification permet \u00e9galement de suivre son \u00e9volution au fil du temps.<\/p>\n\n\n\n<h2 class=\"wp-block-heading\">Une majorit\u00e9 de la population concern\u00e9e<\/h2>\n\n\n\n<p>En 2022, 57,6 % de la population r\u00e9sidante permanente en Suisse faisaient partie de la classe moyenne. Ce chiffre reste relativement stable depuis vingt ans, malgr\u00e9 quelques variations ponctuelles. L\u2019OFS souligne qu\u2019\u00ab <em>on ne peut pas parler d\u2019une \u00e9volution nette de ce groupe sur la totalit\u00e9 de la p\u00e9riode consid\u00e9r\u00e9e <\/em>\u00bb.<\/p>\n\n\n\n<p>Le reste de la population se r\u00e9partit entre le groupe \u00e0 faibles revenus et celui \u00e0 revenus \u00e9lev\u00e9s, chacun repr\u00e9sentant environ 20 % des habitants du pays. Les fronti\u00e8res entre ces groupes ne sont pas fig\u00e9es. En effet, chaque ann\u00e9e, une part \u00e9quivalente de la classe moyenne bascule vers les groupes inf\u00e9rieur ou sup\u00e9rieur, traduisant une certaine mobilit\u00e9 sociale.<\/p>\n\n\n\n<h2 class=\"wp-block-heading\">Revenus, charges et pouvoir d&rsquo;achat<\/h2>\n\n\n\n<p>En 2022, le revenu moyen brut des membres de la classe moyenne \u00e9tait de 6173 francs par mois. Apr\u00e8s d\u00e9duction des imp\u00f4ts, des cotisations sociales et des <a href=\"https:\/\/econostrum.info\/suisse\/hausse-primes-caisses-maladie-gagnent-guerre-prix\/\" data-type=\"post\" data-id=\"101899\">primes de l\u2019assurance maladie<\/a> de base, le revenu disponible mensuel atteignait 4418 francs.<\/p>\n\n\n\n<p>Sur les vingt derni\u00e8res ann\u00e9es, les revenus bruts moyens de la classe moyenne ont augment\u00e9 de 15 %, tandis que les revenus disponibles n\u2019ont progress\u00e9 que de 10 %. L\u2019OFS rel\u00e8ve que cette progression a \u00e9t\u00e9 marqu\u00e9e par de nombreuses fluctuations, avec parfois des baisses d\u2019une ann\u00e9e sur l\u2019autre.<\/p>\n\n\n\n<p>En parall\u00e8le, les d\u00e9penses obligatoires ont \u00e9galement augment\u00e9. Il s\u2019agit notamment des imp\u00f4ts, des assurances sociales et des primes maladie. Contrairement \u00e0 certaines id\u00e9es re\u00e7ues, l\u2019OFS indique que cette hausse p\u00e8se un peu moins sur la classe moyenne que sur les deux autres groupes de revenus.<\/p>\n","protected":false},"excerpt":{"rendered":"<p>En 2022, pr\u00e8s de six Suisses sur dix faisaient partie de la classe moyenne, d\u00e9finie par des crit\u00e8res pr\u00e9cis de l\u2019Office f\u00e9d\u00e9ral de la statistique.<\/p>\n","protected":false},"author":37,"featured_media":102299,"comment_status":"open","ping_status":"closed","sticky":false,"template":"","format":"standard","meta":{"footnotes":""},"categories":[1],"tags":[],"class_list":["post-102297","post","type-post","status-publish","format-standard","has-post-thumbnail","hentry","category-economie","generate-columns","tablet-grid-50","mobile-grid-100","grid-parent","grid-33","no-featured-image-padding"],"_links":{"self":[{"href":"https:\/\/econostrum.info\/suisse\/wp-json\/wp\/v2\/posts\/102297","targetHints":{"allow":["GET"]}}],"collection":[{"href":"https:\/\/econostrum.info\/suisse\/wp-json\/wp\/v2\/posts"}],"about":[{"href":"https:\/\/econostrum.info\/suisse\/wp-json\/wp\/v2\/types\/post"}],"author":[{"embeddable":true,"href":"https:\/\/econostrum.info\/suisse\/wp-json\/wp\/v2\/users\/37"}],"replies":[{"embeddable":true,"href":"https:\/\/econostrum.info\/suisse\/wp-json\/wp\/v2\/comments?post=102297"}],"version-history":[{"count":0,"href":"https:\/\/econostrum.info\/suisse\/wp-json\/wp\/v2\/posts\/102297\/revisions"}],"wp:featuredmedia":[{"embeddable":true,"href":"https:\/\/econostrum.info\/suisse\/wp-json\/wp\/v2\/media\/102299"}],"wp:attachment":[{"href":"https:\/\/econostrum.info\/suisse\/wp-json\/wp\/v2\/media?parent=102297"}],"wp:term":[{"taxonomy":"category","embeddable":true,"href":"https:\/\/econostrum.info\/suisse\/wp-json\/wp\/v2\/categories?post=102297"},{"taxonomy":"post_tag","embeddable":true,"href":"https:\/\/econostrum.info\/suisse\/wp-json\/wp\/v2\/tags?post=102297"}],"curies":[{"name":"wp","href":"https:\/\/api.w.org\/{rel}","templated":true}]}}