{"id":102266,"date":"2025-03-22T12:25:00","date_gmt":"2025-03-22T11:25:00","guid":{"rendered":"https:\/\/econostrum.info\/suisse\/?p=102266"},"modified":"2025-03-22T02:36:56","modified_gmt":"2025-03-22T01:36:56","slug":"51-000-menages-romands-cherchent-logement-france","status":"publish","type":"post","link":"https:\/\/econostrum.info\/suisse\/51-000-menages-romands-cherchent-logement-france\/","title":{"rendered":"51 000 m\u00e9nages romands cherchent un logement en France"},"content":{"rendered":"\n<p>Les prix du logement et des biens de consommation ne cessent d\u2019augmenter en Suisse romande, rendant la situation particuli\u00e8rement difficile pour de nombreux m\u00e9nages. Cette pression financi\u00e8re pousse certains habitants \u00e0 envisager une installation en France tout en conservant leur emploi en Suisse. Un choix qui pourrait transformer en profondeur le paysage \u00e9conomique et social de la r\u00e9gion.<\/p>\n\n\n\n<p>Loin d\u2019\u00eatre une simple intention, le ph\u00e9nom\u00e8ne prend de l\u2019ampleur. D\u2019apr\u00e8s <a href=\"https:\/\/fr.comparis.ch\/immobilien\/wohnungssuche\/romandie-report\" target=\"_blank\" rel=\"noopener\">l\u2019enqu\u00eate de Comparis<\/a>, un tiers des Romands interrog\u00e9s envisage l\u2019option d\u2019un d\u00e9m\u00e9nagement, et 5,1 % d\u2019entre eux, soit environ 51 000 m\u00e9nages, sont d\u00e9j\u00e0 en qu\u00eate d\u2019un bien immobilier en France. Cette tendance, qui touche particuli\u00e8rement les jeunes adultes, pourrait encore s\u2019intensifier dans les ann\u00e9es \u00e0 venir.<\/p>\n\n\n\n<h2 class=\"wp-block-heading\">Un exil motiv\u00e9 par des raisons financi\u00e8res<\/h2>\n\n\n\n<p>Les principales motivations de ce d\u00e9part massif sont avant tout \u00e9conomiques. Selon l\u2019\u00e9tude de Comparis, 40,3 % des sond\u00e9s citent le co\u00fbt de la vie en Suisse comme principal facteur d\u2019incitation. Viennent ensuite les prix de l\u2019immobilier, jug\u00e9s plus avantageux en France par 33,9 % des participants \u00e0 l\u2019enqu\u00eate.<\/p>\n\n\n\n<p>Si certains recherchent avant tout une meilleure qualit\u00e9 de vie, cet aspect reste secondaire pour beaucoup. Seuls 29,3 % des sond\u00e9s estiment qu\u2019un d\u00e9m\u00e9nagement en France leur offrirait un cadre de vie globalement plus agr\u00e9able. L\u2019espace et la superficie des logements ne figurent pas parmi les priorit\u00e9s principales, comme l\u2019a soulign\u00e9 Comparis dans ses analyses.<\/p>\n\n\n\n<p>L\u2019impact de ces d\u00e9parts est particuli\u00e8rement visible dans les cantons de <a href=\"https:\/\/econostrum.info\/suisse\/geneve-aeroport-ete-nouveautes-125-destinations-vol-direct\/\" data-type=\"post\" data-id=\"102100\">Gen\u00e8ve<\/a>, Vaud et Neuch\u00e2tel, o\u00f9 la pression immobili\u00e8re est la plus forte. \u00c0 la fin de l\u2019ann\u00e9e 2024, le canton de Gen\u00e8ve comptait d\u00e9j\u00e0 114 900 travailleurs frontaliers, un chiffre en constante progression.<\/p>\n\n\n\n<h2 class=\"wp-block-heading\">Des obstacles qui freinent certains candidats au d\u00e9part<\/h2>\n\n\n\n<p>Si de nombreux m\u00e9nages sont pr\u00eats \u00e0 franchir la fronti\u00e8re, plusieurs barri\u00e8res ralentissent encore leur d\u00e9cision. L\u2019\u00e9loignement des proches est l\u2019un des principaux freins, cit\u00e9 par 47,7 % des sond\u00e9s. Le temps de trajet entre le domicile et le lieu de travail en Suisse est \u00e9galement une inqui\u00e9tude majeure pour 47,4 % des participants.<\/p>\n\n\n\n<p>Au-del\u00e0 des aspects logistiques, des questions administratives et fiscales compliquent aussi les d\u00e9marches. Selon Comparis, 45,1 % des personnes interrog\u00e9es redoutent la complexit\u00e9 des syst\u00e8mes d\u2019imp\u00f4t et d\u2019assurance maladie en France. \u00ab Beaucoup de personnes semblent avoir l\u2019impression que l\u2019administration et la bureaucratie sont plus faciles \u00e0 g\u00e9rer en Suisse qu\u2019en France \u00bb, explique Harry B\u00fcsser, expert immobilier chez Comparis.<\/p>\n\n\n\n<p>Ces inqui\u00e9tudes n\u2019emp\u00eachent cependant pas le ph\u00e9nom\u00e8ne de prendre de l\u2019ampleur. Comme le souligne l\u2019\u00e9tude, plus de 67 % des Romands ayant s\u00e9rieusement envisag\u00e9 de d\u00e9m\u00e9nager connaissent d\u00e9j\u00e0 des amis ou des proches install\u00e9s en France. Cette influence du r\u00e9seau social joue un r\u00f4le cl\u00e9 dans la d\u00e9cision finale.<\/p>\n\n\n\n<h2 class=\"wp-block-heading\">Une tendance qui pourrait s\u2019acc\u00e9l\u00e9rer<\/h2>\n\n\n\n<p>L\u2019effet d\u2019entra\u00eenement est un \u00e9l\u00e9ment cl\u00e9 de cette vague de d\u00e9parts. Selon Comparis, pr\u00e8s de 90 % des sond\u00e9s ayant pris la d\u00e9cision de s\u2019installer en France connaissent d\u00e9j\u00e0 des personnes ayant franchi le pas avant eux. \u00c0 l\u2019inverse, ce pourcentage chute \u00e0 60 % chez ceux qui excluent totalement cette option.<\/p>\n\n\n\n<p>Cet exode vers la France pourrait donc s\u2019amplifier dans les ann\u00e9es \u00e0 venir. \u00ab <em>Plus il y aura de m\u00e9nages qui d\u00e9m\u00e9nagent en France, plus les Romands auront d\u2019amis qui ont d\u00e9j\u00e0 franchi le pas. Cela augmentera ainsi leur disposition \u00e0 en faire de m\u00eame <\/em>\u00bb, conclut Harry B\u00fcsser dans l\u2019\u00e9tude.<\/p>\n","protected":false},"excerpt":{"rendered":"<p>Face \u00e0 la vie ch\u00e8re, 51 000 m\u00e9nages romands cherchent un logement en France, attir\u00e9s par des co\u00fbts r\u00e9duits mais frein\u00e9s par l\u2019\u00e9loignement et la bureaucratie.<\/p>\n","protected":false},"author":37,"featured_media":102268,"comment_status":"open","ping_status":"closed","sticky":false,"template":"","format":"standard","meta":{"footnotes":""},"categories":[29],"tags":[],"class_list":["post-102266","post","type-post","status-publish","format-standard","has-post-thumbnail","hentry","category-immobilier","generate-columns","tablet-grid-50","mobile-grid-100","grid-parent","grid-33","no-featured-image-padding"],"_links":{"self":[{"href":"https:\/\/econostrum.info\/suisse\/wp-json\/wp\/v2\/posts\/102266","targetHints":{"allow":["GET"]}}],"collection":[{"href":"https:\/\/econostrum.info\/suisse\/wp-json\/wp\/v2\/posts"}],"about":[{"href":"https:\/\/econostrum.info\/suisse\/wp-json\/wp\/v2\/types\/post"}],"author":[{"embeddable":true,"href":"https:\/\/econostrum.info\/suisse\/wp-json\/wp\/v2\/users\/37"}],"replies":[{"embeddable":true,"href":"https:\/\/econostrum.info\/suisse\/wp-json\/wp\/v2\/comments?post=102266"}],"version-history":[{"count":0,"href":"https:\/\/econostrum.info\/suisse\/wp-json\/wp\/v2\/posts\/102266\/revisions"}],"wp:featuredmedia":[{"embeddable":true,"href":"https:\/\/econostrum.info\/suisse\/wp-json\/wp\/v2\/media\/102268"}],"wp:attachment":[{"href":"https:\/\/econostrum.info\/suisse\/wp-json\/wp\/v2\/media?parent=102266"}],"wp:term":[{"taxonomy":"category","embeddable":true,"href":"https:\/\/econostrum.info\/suisse\/wp-json\/wp\/v2\/categories?post=102266"},{"taxonomy":"post_tag","embeddable":true,"href":"https:\/\/econostrum.info\/suisse\/wp-json\/wp\/v2\/tags?post=102266"}],"curies":[{"name":"wp","href":"https:\/\/api.w.org\/{rel}","templated":true}]}}