{"id":102261,"date":"2025-03-21T14:43:00","date_gmt":"2025-03-21T13:43:00","guid":{"rendered":"https:\/\/econostrum.info\/suisse\/?p=102261"},"modified":"2025-03-21T02:12:28","modified_gmt":"2025-03-21T01:12:28","slug":"argent-principale-preoccupation-familles-suisses-2025","status":"publish","type":"post","link":"https:\/\/econostrum.info\/suisse\/argent-principale-preoccupation-familles-suisses-2025\/","title":{"rendered":"Argent, primes, travail&#8230; voici la principale pr\u00e9occupation des familles suisses en 2025"},"content":{"rendered":"\n<p>Les familles suisses sont de plus en plus pr\u00e9occup\u00e9es par leur situation financi\u00e8re, d\u2019apr\u00e8s le dernier Barom\u00e8tre suisse des familles r\u00e9alis\u00e9 par Pro Familia Suisse et l\u2019assurance-vie Pax. <\/p>\n\n\n\n<p>La hausse des primes d&rsquo;assurance maladie, l\u2019inflation, et la conciliation entre travail et vie familiale se placent au sommet des pr\u00e9occupations. Ces r\u00e9sultats soulignent les difficult\u00e9s \u00e9conomiques croissantes pour de nombreuses familles, alors que les pr\u00e9occupations environnementales et climatiques reculent.<\/p>\n\n\n\n<h2 class=\"wp-block-heading\">Les finances des familles suisses en tension<\/h2>\n\n\n\n<p>Les r\u00e9sultats du<a href=\"https:\/\/www.familienbarometer.ch\/fr\" target=\"_blank\" rel=\"noopener\"> Barom\u00e8tre suisse des familles 2025 <\/a>montrent une situation financi\u00e8re de plus en plus tendue pour les familles suisses. Selon l\u2019enqu\u00eate, men\u00e9e aupr\u00e8s de 2200 familles de toutes les r\u00e9gions du pays, 47% des familles affirment que leur revenu suffit juste \u00e0 couvrir leurs besoins quotidiens. En outre, 7% des familles estiment que leurs revenus ne sont pas suffisants pour vivre. <\/p>\n\n\n\n<p>Un constat particuli\u00e8rement alarmant pour les familles de la classe moyenne, qui subissent de plein fouet la pression \u00e9conomique. Environ un tiers des familles d\u00e9clare qu&rsquo;elles ne sont pas en mesure d&rsquo;\u00e9pargner. Ces chiffres r\u00e9v\u00e8lent l\u2019incapacit\u00e9 pour une partie significative de la population \u00e0 pr\u00e9voir un avenir financier serein. Dans ce contexte, les demandes pour des mesures d&rsquo;aide se multiplient, et pr\u00e8s de 40% des familles r\u00e9clament une aide financi\u00e8re plus g\u00e9n\u00e9reuse pour les soutenir.<\/p>\n\n\n\n<h2 class=\"wp-block-heading\">L\u2019inqui\u00e9tude face aux primes d&rsquo;assurance maladie et \u00e0 l\u2019inflation<\/h2>\n\n\n\n<p>Les <a href=\"https:\/\/econostrum.info\/suisse\/hausse-primes-caisses-maladie-gagnent-guerre-prix\/\" data-type=\"post\" data-id=\"101899\">primes d&rsquo;assurance maladie<\/a> repr\u00e9sentent la principale source d\u2019inqui\u00e9tude pour 45% des familles interrog\u00e9es. Cela refl\u00e8te une pression croissante sur les budgets familiaux, dans un contexte o\u00f9 les co\u00fbts des soins de sant\u00e9 sont en constante augmentation. \u00c0 c\u00f4t\u00e9 de cette pr\u00e9occupation, l\u2019inflation inqui\u00e8te \u00e9galement 39% des familles, affectant leur pouvoir d&rsquo;achat et leur capacit\u00e9 \u00e0 maintenir leur niveau de vie.<\/p>\n\n\n\n<p>Selon les r\u00e9sultats de l\u2019enqu\u00eate, pr\u00e8s de la moiti\u00e9 des familles (46%) envisagent de travailler plus pour compenser cette pression \u00e9conomique. La situation se complique davantage pour 14% des familles, qui d\u00e9clarent ne pas pouvoir \u00e9conomiser plus de 500 francs par mois, tandis qu\u2019\u00e0 l&rsquo;oppos\u00e9, seulement 14% parviennent \u00e0 \u00e9conomiser plus de 1500 francs.<\/p>\n\n\n\n<h2 class=\"wp-block-heading\">Les priorit\u00e9s familiales : conciliation travail et vie personnelle<\/h2>\n\n\n\n<p>En parall\u00e8le de ces pr\u00e9occupations financi\u00e8res, la conciliation entre la vie professionnelle et la vie familiale figure parmi les attentes les plus fortes. Pr\u00e8s de 29% des familles interrog\u00e9es jugent que des politiques favorisant cette conciliation, comme le t\u00e9l\u00e9travail ou des horaires plus flexibles, seraient les plus efficaces pour am\u00e9liorer leur quotidien. Ces mesures sont per\u00e7ues comme essentielles pour all\u00e9ger le fardeau des parents, en particulier ceux qui jonglent avec des emplois exigeants et des responsabilit\u00e9s familiales.<\/p>\n\n\n\n<p>Le sondage a \u00e9galement r\u00e9v\u00e9l\u00e9 que 50% des familles consid\u00e8rent que la r\u00e9duction des primes d&rsquo;assurance maladie serait l&rsquo;une des mesures les plus b\u00e9n\u00e9fiques pour am\u00e9liorer leur situation, suivie par 40% qui demandent un soutien financier plus g\u00e9n\u00e9reux de la part des pouvoirs publics. Ces attentes mettent en lumi\u00e8re la pression grandissante sur les finances des familles suisses et soulignent la n\u00e9cessit\u00e9 de r\u00e9formes adapt\u00e9es pour r\u00e9pondre aux besoins imm\u00e9diats de la population.<\/p>\n\n\n\n<h2 class=\"wp-block-heading\">Le recul des pr\u00e9occupations environnementales<\/h2>\n\n\n\n<p>Enfin, une \u00e9volution notable ressort des r\u00e9sultats de l&rsquo;enqu\u00eate : les pr\u00e9occupations li\u00e9es \u00e0 l&rsquo;environnement et au changement climatique sont en recul. En comparaison avec les ann\u00e9es pr\u00e9c\u00e9dentes, la question du climat a perdu de son importance, passant de 21% \u00e0 14% des pr\u00e9occupations des familles. Cette diminution pourrait \u00eatre li\u00e9e \u00e0 l\u2019accent mis sur les difficult\u00e9s \u00e9conomiques imm\u00e9diates, qui semblent occuper la premi\u00e8re place dans l\u2019agenda des familles. <\/p>\n\n\n\n<p>En parall\u00e8le, la question de l\u2019approvisionnement \u00e9nerg\u00e9tique, qui faisait \u00e9cho \u00e0 la crise de l\u2019\u00e9nergie, est pass\u00e9e de 17% \u00e0 seulement 5%, un signe suppl\u00e9mentaire que les priorit\u00e9s des familles suisses se sont d\u00e9plac\u00e9es vers des enjeux plus pressants.<\/p>\n\n\n\n<h2 class=\"wp-block-heading\">Des pr\u00e9occupations sociales diversifi\u00e9es selon les r\u00e9gions<\/h2>\n\n\n\n<p>Les pr\u00e9occupations des familles ne sont pas uniformes \u00e0 travers la Suisse. En Suisse al\u00e9manique, l\u2019\u00e9ducation et la politique scolaire pr\u00e9occupent 28% des familles, contre seulement 13% en Suisse romande. De m\u00eame, la question de la violence juv\u00e9nile est plus marqu\u00e9e en Suisse romande, o\u00f9 23% des familles l\u2019identifient comme une priorit\u00e9, contre seulement 8% en Suisse al\u00e9manique. <\/p>\n\n\n\n<p>Ces diff\u00e9rences r\u00e9gionales soulignent la diversit\u00e9 des pr\u00e9occupations au sein de la population suisse, en fonction des contextes locaux et des enjeux sp\u00e9cifiques \u00e0 chaque r\u00e9gion.<\/p>\n\n\n\n<p><\/p>\n","protected":false},"excerpt":{"rendered":"<p>Les familles suisses sont de plus en plus pr\u00e9occup\u00e9es par leurs finances, tandis que les enjeux environnementaux diminuent.<\/p>\n","protected":false},"author":37,"featured_media":102265,"comment_status":"open","ping_status":"closed","sticky":false,"template":"","format":"standard","meta":{"footnotes":""},"categories":[1],"tags":[],"class_list":["post-102261","post","type-post","status-publish","format-standard","has-post-thumbnail","hentry","category-economie","generate-columns","tablet-grid-50","mobile-grid-100","grid-parent","grid-33","no-featured-image-padding"],"_links":{"self":[{"href":"https:\/\/econostrum.info\/suisse\/wp-json\/wp\/v2\/posts\/102261","targetHints":{"allow":["GET"]}}],"collection":[{"href":"https:\/\/econostrum.info\/suisse\/wp-json\/wp\/v2\/posts"}],"about":[{"href":"https:\/\/econostrum.info\/suisse\/wp-json\/wp\/v2\/types\/post"}],"author":[{"embeddable":true,"href":"https:\/\/econostrum.info\/suisse\/wp-json\/wp\/v2\/users\/37"}],"replies":[{"embeddable":true,"href":"https:\/\/econostrum.info\/suisse\/wp-json\/wp\/v2\/comments?post=102261"}],"version-history":[{"count":0,"href":"https:\/\/econostrum.info\/suisse\/wp-json\/wp\/v2\/posts\/102261\/revisions"}],"wp:featuredmedia":[{"embeddable":true,"href":"https:\/\/econostrum.info\/suisse\/wp-json\/wp\/v2\/media\/102265"}],"wp:attachment":[{"href":"https:\/\/econostrum.info\/suisse\/wp-json\/wp\/v2\/media?parent=102261"}],"wp:term":[{"taxonomy":"category","embeddable":true,"href":"https:\/\/econostrum.info\/suisse\/wp-json\/wp\/v2\/categories?post=102261"},{"taxonomy":"post_tag","embeddable":true,"href":"https:\/\/econostrum.info\/suisse\/wp-json\/wp\/v2\/tags?post=102261"}],"curies":[{"name":"wp","href":"https:\/\/api.w.org\/{rel}","templated":true}]}}