{"id":102124,"date":"2025-03-19T11:41:00","date_gmt":"2025-03-19T10:41:00","guid":{"rendered":"https:\/\/econostrum.info\/suisse\/?p=102124"},"modified":"2025-03-19T01:17:33","modified_gmt":"2025-03-19T00:17:33","slug":"parlement-refuse-assouplissement-regroupement-familial-parents-etrangers-suisses","status":"publish","type":"post","link":"https:\/\/econostrum.info\/suisse\/parlement-refuse-assouplissement-regroupement-familial-parents-etrangers-suisses\/","title":{"rendered":"Le Parlement refuse l&rsquo;assouplissement du regroupement familial pour les parents \u00e9trangers de Suisses"},"content":{"rendered":"\n<p>Le Parlement suisse a d\u00e9finitivement rejet\u00e9 l\u2019assouplissement du regroupement familial pour les parents \u00e9trangers des citoyens suisses. Apr\u00e8s un premier refus du Conseil des Etats, le National a confirm\u00e9 sa position en rejetant le projet par 113 voix contre 71, maintenant ainsi une disparit\u00e9 importante entre les Suisses et les citoyens europ\u00e9ens. Cette d\u00e9cision suscite des d\u00e9bats sur l\u2019\u00e9galit\u00e9 de traitement et l\u2019int\u00e9gration des familles immigr\u00e9es en Suisse.<\/p>\n\n\n\n<p>Le lundi, la Chambre du peuple a suivi le Conseil des Etats dans son refus de r\u00e9former le regroupement familial, malgr\u00e9 un soutien initial du projet en juin 2024. Le rejet du projet par le National, contre l&rsquo;avis de la gauche, a de nouveau mis en lumi\u00e8re les tensions entre les partis sur les questions d\u2019immigration et d\u2019int\u00e9gration. Le projet de loi visait \u00e0 permettre aux Suissesses et Suisses de faire venir leurs parents \u00e9trangers sous certaines conditions, sur le m\u00eame pied d&rsquo;\u00e9galit\u00e9 que les citoyens europ\u00e9ens.<\/p>\n\n\n\n<h2 class=\"wp-block-heading\">Le projet et ses objectifs : vers une \u00e9galit\u00e9 de traitement ?<\/h2>\n\n\n\n<p>Le projet de r\u00e9vision l\u00e9gislative visait \u00e0 supprimer l\u2019in\u00e9galit\u00e9 de traitement entre les citoyens suisses et europ\u00e9ens concernant le regroupement familial. Actuellement, les Suisses n\u2019ont pas les m\u00eames droits pour faire venir leurs parents \u00e9trangers d\u2019un pays tiers, contrairement aux citoyens europ\u00e9ens. Le projet permettait d\u2019\u00e9liminer cette discrimination en autorisant les Suisses \u00e0 faire venir leurs parents \u00e9trangers, \u00e0 condition qu\u2019ils puissent garantir leur entretien, leur logement et favoriser leur int\u00e9gration en Suisse.<\/p>\n\n\n\n<p>Le texte avait \u00e9t\u00e9 adopt\u00e9 en juin 2024 par la Chambre du peuple, mais il avait \u00e9t\u00e9 mis en \u00e9chec apr\u00e8s un veto de la Chambre des cantons en septembre. Le rejet d\u00e9finitif par le National marque l&rsquo;abandon de cette proposition. Les arguments des opposants \u00e0 la r\u00e9forme reposaient principalement sur des pr\u00e9occupations concernant l\u2019impact migratoire potentiel. Peter Schilliger (PLR\/LU), membre de la commission, a exprim\u00e9 des craintes concernant une possible \u00ab augmentation massive \u00bb du nombre de demandes de regroupement familial si cette r\u00e9vision \u00e9tait adopt\u00e9e, rapporte <em><a href=\"https:\/\/www.blick.ch\/fr\/suisse\/pas-dassouplissement-regroupement-familial-pour-les-parents-etrangers-de-suisses-refuse-id20691310.html\" target=\"_blank\" rel=\"noopener\">Blick<\/a><\/em>.<\/p>\n\n\n\n<h2 class=\"wp-block-heading\">Les partisans de l&rsquo;\u00e9galit\u00e9 d\u00e9noncent une injustice<\/h2>\n\n\n\n<p>Les partisans du projet de loi, notamment les partis de gauche comme le PS, les Verts et le PVL, ont vivement critiqu\u00e9 ce rejet, arguant qu&rsquo;il perp\u00e9tuait une injustice. Jean Tschopp (PS\/VD) a soulign\u00e9 l\u2019absurdit\u00e9 d&rsquo;une telle in\u00e9galit\u00e9 en remarquant qu\u2019il est difficile de justifier que les Suisses aient des droits moins \u00e9tendus que les Europ\u00e9ens dans un domaine aussi fondamental que celui du regroupement familial.<\/p>\n\n\n\n<p>Beat Flach (PVL\/AG) a quant \u00e0 lui rappel\u00e9 que le regroupement familial est un droit humain essentiel, et Delphine Klopfenstein Broggini (Verts\/GE) a insist\u00e9 sur son r\u00f4le crucial pour l\u2019int\u00e9gration des familles immigr\u00e9es dans la soci\u00e9t\u00e9 suisse.<\/p>\n\n\n\n<p>Le ministre de la Justice, Beat Jans, a \u00e9galement soutenu la r\u00e9vision en affirmant que l\u2019\u00e9galit\u00e9 de traitement dans ce domaine \u00e9tait justifi\u00e9e. Pour lui, la r\u00e9vision permettrait de mieux accueillir les familles et de faciliter leur int\u00e9gration. Cependant, ces arguments n&rsquo;ont pas suffi \u00e0 convaincre la majorit\u00e9 des parlementaires. La proposition a \u00e9t\u00e9 rejet\u00e9e malgr\u00e9 un soutien important au sein de certains partis, indique le m\u00e9dia helv\u00e9tique.<\/p>\n\n\n\n<h2 class=\"wp-block-heading\">L&rsquo;impact des pr\u00e9occupations migratoires<\/h2>\n\n\n\n<p>L&rsquo;une des principales raisons du rejet de ce projet de r\u00e9vision l\u00e9gislative r\u00e9side dans les pr\u00e9occupations exprim\u00e9es par les partis de droite concernant <a href=\"https:\/\/econostrum.info\/suisse\/suisse-taxe-nouveaux-arrivants-limiter-immigration\/\" data-type=\"post\" data-id=\"102085\">l\u2019immigration<\/a>. Piero Marchesi (UDC\/TI) a mis en garde contre ce qu&rsquo;il consid\u00e8re comme des \u00ab cons\u00e9quences ind\u00e9sirables \u00bb pour le pays. Il a notamment rappel\u00e9 le r\u00e9sultat de l\u2019initiative populaire contre l&rsquo;immigration de masse, adopt\u00e9e en 2014, et a fait valoir que cette r\u00e9vision risquait de favoriser l&rsquo;immigration de mani\u00e8re excessive.<\/p>\n\n\n\n<p>Les partis comme l\u2019UDC et le PLR ont insist\u00e9 sur le fait qu\u2019une telle mesure pourrait entra\u00eener une augmentation importante des demandes de regroupement familial et ainsi fragiliser le contr\u00f4le de l\u2019immigration. Selon leurs opposants, cependant, les craintes concernant une hausse de l&rsquo;immigration sont exag\u00e9r\u00e9es, et la r\u00e9vision n\u2019aurait que peu d&rsquo;impact sur le nombre d\u2019immigrants entrants, tout en contribuant \u00e0 l\u2019am\u00e9lioration de l\u2019\u00e9galit\u00e9 de traitement pour les citoyens suisses, souligne la m\u00eame source.<\/p>\n","protected":false},"excerpt":{"rendered":"<p>Le Parlement suisse a rejet\u00e9 l\u2019assouplissement du regroupement familial, maintenant une disparit\u00e9 avec les citoyens europ\u00e9ens et relan\u00e7ant le d\u00e9bat sur l\u2019int\u00e9gration des familles immigr\u00e9es.<\/p>\n","protected":false},"author":37,"featured_media":102136,"comment_status":"open","ping_status":"closed","sticky":false,"template":"","format":"standard","meta":{"footnotes":""},"categories":[1],"tags":[],"class_list":["post-102124","post","type-post","status-publish","format-standard","has-post-thumbnail","hentry","category-economie","generate-columns","tablet-grid-50","mobile-grid-100","grid-parent","grid-33","no-featured-image-padding"],"_links":{"self":[{"href":"https:\/\/econostrum.info\/suisse\/wp-json\/wp\/v2\/posts\/102124","targetHints":{"allow":["GET"]}}],"collection":[{"href":"https:\/\/econostrum.info\/suisse\/wp-json\/wp\/v2\/posts"}],"about":[{"href":"https:\/\/econostrum.info\/suisse\/wp-json\/wp\/v2\/types\/post"}],"author":[{"embeddable":true,"href":"https:\/\/econostrum.info\/suisse\/wp-json\/wp\/v2\/users\/37"}],"replies":[{"embeddable":true,"href":"https:\/\/econostrum.info\/suisse\/wp-json\/wp\/v2\/comments?post=102124"}],"version-history":[{"count":0,"href":"https:\/\/econostrum.info\/suisse\/wp-json\/wp\/v2\/posts\/102124\/revisions"}],"wp:featuredmedia":[{"embeddable":true,"href":"https:\/\/econostrum.info\/suisse\/wp-json\/wp\/v2\/media\/102136"}],"wp:attachment":[{"href":"https:\/\/econostrum.info\/suisse\/wp-json\/wp\/v2\/media?parent=102124"}],"wp:term":[{"taxonomy":"category","embeddable":true,"href":"https:\/\/econostrum.info\/suisse\/wp-json\/wp\/v2\/categories?post=102124"},{"taxonomy":"post_tag","embeddable":true,"href":"https:\/\/econostrum.info\/suisse\/wp-json\/wp\/v2\/tags?post=102124"}],"curies":[{"name":"wp","href":"https:\/\/api.w.org\/{rel}","templated":true}]}}