{"id":102081,"date":"2025-03-17T09:54:00","date_gmt":"2025-03-17T08:54:00","guid":{"rendered":"https:\/\/econostrum.info\/suisse\/?p=102081"},"modified":"2025-03-17T01:29:17","modified_gmt":"2025-03-17T00:29:17","slug":"geneve-coupes-budgetaires-americaines-centaines-emplois-peril","status":"publish","type":"post","link":"https:\/\/econostrum.info\/suisse\/geneve-coupes-budgetaires-americaines-centaines-emplois-peril\/","title":{"rendered":"Gen\u00e8ve en crise : les coupes budg\u00e9taires am\u00e9ricaines mettent des centaines d&#8217;emplois en p\u00e9ril"},"content":{"rendered":"\n<p>Depuis plusieurs mois, la Gen\u00e8ve internationale traverse une p\u00e9riode critique, exacerb\u00e9e par les d\u00e9cisions de l\u2019administration am\u00e9ricaine, qui affectent de mani\u00e8re significative l\u2019\u00e9conomie et l\u2019\u00e9quilibre de la ville. <\/p>\n\n\n\n<p>Les r\u00e9ductions des financements en provenance des \u00c9tats-Unis, combin\u00e9es aux tensions g\u00e9opolitiques actuelles, ont des r\u00e9percussions majeures sur les nombreuses ONG et organisations internationales bas\u00e9es \u00e0 Gen\u00e8ve. Le canton et la Conf\u00e9d\u00e9ration peinent \u00e0 trouver des solutions concr\u00e8tes pour soutenir un secteur vital pour la diplomatie et l&rsquo;\u00e9conomie suisse, rapporte <em><a href=\"https:\/\/www.blick.ch\/fr\/suisse\/romande\/des-centaines-demplois-menaces-les-coupes-budgetaires-de-trump-plongent-geneve-dans-la-crise-id20683812.html\" target=\"_blank\" rel=\"noopener\">Blick<\/a><\/em>.<\/p>\n\n\n\n<h2 class=\"wp-block-heading\">Des coupes budg\u00e9taires am\u00e9ricaines qui menacent l\u2019\u00e9quilibre de Gen\u00e8ve<\/h2>\n\n\n\n<p>Depuis l&rsquo;\u00e9lection de Donald Trump, la politique \u00e9trang\u00e8re am\u00e9ricaine a pris un tournant qui affecte particuli\u00e8rement les organisations humanitaires et de coop\u00e9ration internationale. L\u2019un des impacts les plus directs de ces changements a \u00e9t\u00e9 la r\u00e9duction drastique des financements pour l&rsquo;aide au d\u00e9veloppement. Cette d\u00e9cision a des r\u00e9percussions sur Gen\u00e8ve, qui abrite de nombreuses ONG cruciales pour l\u2019aide humanitaire mondiale. Plusieurs d&rsquo;entre elles sont d\u00e9sormais confront\u00e9es \u00e0 des difficult\u00e9s financi\u00e8res qui compromettent leurs missions.<\/p>\n\n\n\n<p>En janvier 2025, l\u2019annonce du retrait des \u00c9tats-Unis de l&rsquo;Organisation mondiale de la Sant\u00e9 (OMS) a marqu\u00e9 un <a href=\"https:\/\/econostrum.info\/suisse\/trump-met-pression-geneve-internationale-avec-un-questionnaire-controverse\/\" data-type=\"post\" data-id=\"101970\">nouveau coup dur pour la Gen\u00e8ve internationale<\/a>. Parall\u00e8lement, un gel des paiements des agences am\u00e9ricaines, incluant des fonds allou\u00e9s \u00e0 l\u2019aide humanitaire, a \u00e9t\u00e9 mis en place pour une dur\u00e9e de 90 jours. <\/p>\n\n\n\n<p>Ces mesures concernent un budget colossal de 40 milliards de dollars et affectent directement les ONG op\u00e9rant \u00e0 Gen\u00e8ve, notamment dans des zones de crise humanitaire. Cette situation a intensifi\u00e9 la fragilit\u00e9 du syst\u00e8me d\u2019aide international bas\u00e9 \u00e0 Gen\u00e8ve, indique <em>Blick<\/em>.<\/p>\n\n\n\n<h2 class=\"wp-block-heading\">L\u2019incapacit\u00e9 de la Suisse \u00e0 r\u00e9pondre rapidement \u00e0 la crise<\/h2>\n\n\n\n<p>Face \u00e0 l\u2019urgence, le canton de Gen\u00e8ve a propos\u00e9 un cr\u00e9dit d\u2019aide pour soutenir les ONG et \u00e9viter des licenciements massifs. Cependant, cette initiative n\u2019a pas \u00e9t\u00e9 approuv\u00e9e par le Parlement genevois, faute de la majorit\u00e9 des deux tiers requise. Cette d\u00e9cision a retard\u00e9 l\u2019application imm\u00e9diate de l\u2019aide n\u00e9cessaire. <\/p>\n\n\n\n<p>De plus, l\u2019Union d\u00e9mocratique du Centre (UDC) a annonc\u00e9 son intention de lancer un r\u00e9f\u00e9rendum contre cette mesure, prolongeant ainsi l\u2019incertitude et la crise. La situation s\u2019aggrave chaque jour, mais la Conf\u00e9d\u00e9ration suisse reste largement en retrait, sans mesures concr\u00e8tes pour soutenir Gen\u00e8ve face \u00e0 cette crise internationale, souligne le m\u00e9dia helv\u00e9tique.<\/p>\n\n\n\n<p>L\u2019absence d\u2019action f\u00e9d\u00e9rale dans cette situation critique soul\u00e8ve des interrogations sur le r\u00f4le de la Suisse en tant qu&rsquo;\u00c9tat h\u00f4te des organisations internationales. La conseill\u00e8re nationale des Vert-e-s, Christine Badertscher, a exprim\u00e9 sa pr\u00e9occupation en soulignant que le gouvernement suisse devait d\u00e9fendre fermement la Gen\u00e8ve internationale et son r\u00f4le cl\u00e9 dans la coop\u00e9ration au d\u00e9veloppement. Le gouvernement f\u00e9d\u00e9ral, cependant, a renvoy\u00e9 la question \u00e0 l\u2019\u00e9t\u00e9, ce qui laisse la ville de Gen\u00e8ve dans l\u2019incertitude, rapport la source.<\/p>\n\n\n\n<h2 class=\"wp-block-heading\">La Gen\u00e8ve internationale, un pilier \u00e9conomique et diplomatique sous pression<\/h2>\n\n\n\n<p>La Gen\u00e8ve internationale est un acteur majeur dans la diplomatie mondiale et un pilier \u00e9conomique essentiel pour la Suisse. Avec plus de 30 000 emplois et pr\u00e8s de 60 organisations internationales, la ville joue un r\u00f4le central dans les n\u00e9gociations internationales et les missions de paix. <\/p>\n\n\n\n<p>De plus, les organisations internationales pr\u00e9sentes \u00e0 Gen\u00e8ve contribuent consid\u00e9rablement \u00e0 l&rsquo;\u00e9conomie locale, en versant des salaires, en souscrivant \u00e0 des assurances et en alimentant les caisses de pension suisses. Cependant, la pression exerc\u00e9e par les coupes budg\u00e9taires et la r\u00e9duction des financements affecte l&rsquo;ensemble de ce syst\u00e8me.<\/p>\n\n\n\n<p>Le Comit\u00e9 international de la Croix-Rouge (CICR), fond\u00e9 en 1863, et l\u2019ONU, fond\u00e9e dans les ann\u00e9es 1940, sont parmi les institutions les plus embl\u00e9matiques pr\u00e9sentes \u00e0 Gen\u00e8ve. Ces organisations ont permis \u00e0 la ville de s\u2019imposer comme une plaque tournante de la diplomatie internationale. Pourtant, ce statut est d\u00e9sormais mis en danger. L\u2019affaiblissement des financements publics, conjugu\u00e9 aux choix politiques controvers\u00e9s des \u00c9tats-Unis, fragilise cet \u00e9quilibre. <\/p>\n\n\n\n<p>Le politicien de l\u2019UDC, Roland Rino B\u00fcchel, a exprim\u00e9 sa position en sugg\u00e9rant que la Suisse ne devrait pas intervenir davantage et que Gen\u00e8ve devait se recentrer sur une gestion plus efficace de ses ressources. Toutefois, cette opinion est loin de faire l\u2019unanimit\u00e9, comme le montrent les appels \u00e0 l&rsquo;action des Vert-e-s et d\u2019autres partis politiques. Gen\u00e8ve se retrouve ainsi \u00e0 un tournant d\u00e9cisif de son histoire, pr\u00e9cise <em>Blick<\/em>.<\/p>\n","protected":false},"excerpt":{"rendered":"<p>Gen\u00e8ve, centre de coop\u00e9ration mondiale, est en crise \u00e0 cause des coupes budg\u00e9taires de Trump, mena\u00e7ant emplois et missions humanitaires.<\/p>\n","protected":false},"author":37,"featured_media":102084,"comment_status":"open","ping_status":"closed","sticky":false,"template":"","format":"standard","meta":{"footnotes":""},"categories":[1,26],"tags":[],"class_list":["post-102081","post","type-post","status-publish","format-standard","has-post-thumbnail","hentry","category-economie","category-emploi","generate-columns","tablet-grid-50","mobile-grid-100","grid-parent","grid-33","no-featured-image-padding"],"_links":{"self":[{"href":"https:\/\/econostrum.info\/suisse\/wp-json\/wp\/v2\/posts\/102081","targetHints":{"allow":["GET"]}}],"collection":[{"href":"https:\/\/econostrum.info\/suisse\/wp-json\/wp\/v2\/posts"}],"about":[{"href":"https:\/\/econostrum.info\/suisse\/wp-json\/wp\/v2\/types\/post"}],"author":[{"embeddable":true,"href":"https:\/\/econostrum.info\/suisse\/wp-json\/wp\/v2\/users\/37"}],"replies":[{"embeddable":true,"href":"https:\/\/econostrum.info\/suisse\/wp-json\/wp\/v2\/comments?post=102081"}],"version-history":[{"count":0,"href":"https:\/\/econostrum.info\/suisse\/wp-json\/wp\/v2\/posts\/102081\/revisions"}],"wp:featuredmedia":[{"embeddable":true,"href":"https:\/\/econostrum.info\/suisse\/wp-json\/wp\/v2\/media\/102084"}],"wp:attachment":[{"href":"https:\/\/econostrum.info\/suisse\/wp-json\/wp\/v2\/media?parent=102081"}],"wp:term":[{"taxonomy":"category","embeddable":true,"href":"https:\/\/econostrum.info\/suisse\/wp-json\/wp\/v2\/categories?post=102081"},{"taxonomy":"post_tag","embeddable":true,"href":"https:\/\/econostrum.info\/suisse\/wp-json\/wp\/v2\/tags?post=102081"}],"curies":[{"name":"wp","href":"https:\/\/api.w.org\/{rel}","templated":true}]}}