{"id":101967,"date":"2025-03-12T12:32:00","date_gmt":"2025-03-12T11:32:00","guid":{"rendered":"https:\/\/econostrum.info\/suisse\/?p=101967"},"modified":"2025-03-12T00:59:13","modified_gmt":"2025-03-11T23:59:13","slug":"confederation-suisse-cherche-apprentis-divers-secteurs","status":"publish","type":"post","link":"https:\/\/econostrum.info\/suisse\/confederation-suisse-cherche-apprentis-divers-secteurs\/","title":{"rendered":"La Suisse cherche d\u00e9sesp\u00e9r\u00e9ment des apprentis dans ces secteurs"},"content":{"rendered":"\n<p>Depuis plusieurs ann\u00e9es, les petites entreprises suisses peinent \u00e0 recruter des apprentis pour les postes qu\u2019elles proposent. Aujourd\u2019hui, ce ph\u00e9nom\u00e8ne touche aussi la Conf\u00e9d\u00e9ration, pourtant consid\u00e9r\u00e9e comme un employeur attractif. L\u2019administration f\u00e9d\u00e9rale, qui offre plus de <strong>1000 places d\u2019apprentissage dans une cinquantaine de m\u00e9tiers<\/strong>, constate une difficult\u00e9 croissante \u00e0 pourvoir ces postes.<\/p>\n\n\n\n<p>Selon l\u2019Office f\u00e9d\u00e9ral du personnel, la proportion d\u2019apprentis au sein de l\u2019administration f\u00e9d\u00e9rale a recul\u00e9 de mani\u00e8re significative. En 2024, elle s\u2019\u00e9levait \u00e0 4 % de l\u2019effectif total, atteignant de justesse l\u2019objectif fix\u00e9. En comparaison, elle \u00e9tait de 4,7 % en 2019 et de 5,4 % en 2014. Cette baisse illustre la difficult\u00e9 croissante \u00e0 attirer de nouveaux apprentis, notamment dans certains secteurs sp\u00e9cifiques, explique <em><a href=\"https:\/\/www.blick.ch\/fr\/suisse\/penurie-la-confederation-cherche-desesperement-des-apprentis-id20668189.html\" target=\"_blank\" rel=\"noopener\">Blick<\/a><\/em>.<\/p>\n\n\n\n<h2 class=\"wp-block-heading\">Les m\u00e9tiers artisanaux particuli\u00e8rement touch\u00e9s<\/h2>\n\n\n\n<p>Si la Conf\u00e9d\u00e9ration peine \u00e0 <a href=\"https:\/\/econostrum.info\/suisse\/suisse-metiers-recrutent-plus-actuellement\/\" data-type=\"post\" data-id=\"5362\">recruter dans plusieurs domaines<\/a>, les m\u00e9tiers artisanaux sont particuli\u00e8rement concern\u00e9s par cette p\u00e9nurie. Les formations de menuisiers, de mar\u00e9chaux-ferrants et de constructeurs m\u00e9talliques, bien que propos\u00e9es par l\u2019administration f\u00e9d\u00e9rale, peinent \u00e0 attirer des candidats. Pourtant, ces professions jouent un r\u00f4le essentiel dans le maintien des infrastructures et des services publics.<\/p>\n\n\n\n<p>L\u2019Office f\u00e9d\u00e9ral du personnel souligne que pourvoir ces postes repr\u00e9sente \u00ab un d\u00e9fi particulier \u00bb. Malgr\u00e9 les efforts de l\u2019\u00c9tat pour proposer des conditions de travail attractives, de nombreux postes restent vacants. Cette situation inqui\u00e8te les autorit\u00e9s, qui redoutent un manque de rel\u00e8ve dans ces m\u00e9tiers techniques et indispensables, rapporte le m\u00e9dia helv\u00e9tique.<\/p>\n\n\n\n<h2 class=\"wp-block-heading\">Une strat\u00e9gie de recrutement renforc\u00e9e<\/h2>\n\n\n\n<p>Face \u00e0 cette p\u00e9nurie persistante, la Conf\u00e9d\u00e9ration cherche \u00e0 renforcer ses efforts de recrutement. Une des mesures adopt\u00e9es consiste \u00e0 valoriser les m\u00e9tiers artisanaux lors d\u2019\u00e9v\u00e9nements d\u00e9di\u00e9s \u00e0 l\u2019orientation professionnelle. Lors du Salon des m\u00e9tiers et de la formation BAM, les <strong>m\u00e9tiers manuels <\/strong>sont mis en avant de mani\u00e8re cibl\u00e9e, tandis que les autres professions ne sont pr\u00e9sent\u00e9es qu\u2019\u00e0 travers des informations orales.<\/p>\n\n\n\n<p>Depuis 2024, l\u2019administration f\u00e9d\u00e9rale a \u00e9galement renforc\u00e9 sa pr\u00e9sence sur les r\u00e9seaux sociaux, notamment sur Instagram, pour mieux toucher les jeunes g\u00e9n\u00e9rations. L\u2019objectif est de partager du contenu destin\u00e9 aux \u00e9tudiants afin de susciter l\u2019int\u00e9r\u00eat pour les formations propos\u00e9es par l\u2019\u00c9tat. En misant sur une communication moderne et directe, la Conf\u00e9d\u00e9ration esp\u00e8re inverser la tendance et attirer davantage de jeunes vers ses offres d\u2019apprentissage.<\/p>\n\n\n\n<h2 class=\"wp-block-heading\">Une \u00e9volution pr\u00e9occupante pour l\u2019avenir<\/h2>\n\n\n\n<p>La diminution du nombre d\u2019apprentis au sein de l\u2019administration f\u00e9d\u00e9rale soul\u00e8ve des questions sur l\u2019avenir des m\u00e9tiers artisanaux et techniques en Suisse. Malgr\u00e9 les mesures mises en place, la Conf\u00e9d\u00e9ration peine encore \u00e0 susciter l\u2019int\u00e9r\u00eat des jeunes pour ces professions. Si la tendance ne s\u2019inverse pas, certains m\u00e9tiers pourraient \u00eatre confront\u00e9s \u00e0 une grave p\u00e9nurie de main-d\u2019\u0153uvre dans les ann\u00e9es \u00e0 venir.<\/p>\n\n\n\n<p>D&rsquo;apr\u00e8s la source, l\u2019\u00c9tat esp\u00e8re que ses efforts de communication et de promotion permettront de redonner de l\u2019attractivit\u00e9 aux formations professionnelles. Mais pour l\u2019instant, la Conf\u00e9d\u00e9ration, comme de nombreuses entreprises priv\u00e9es, doit faire face \u00e0 un d\u00e9fi de taille pour assurer la rel\u00e8ve dans ses rangs.<\/p>\n","protected":false},"excerpt":{"rendered":"<p>La Conf\u00e9d\u00e9ration suisse fait face \u00e0 une p\u00e9nurie d&rsquo;apprentis, surtout dans les m\u00e9tiers artisanaux, et met en place des mesures pour y rem\u00e9dier.<\/p>\n","protected":false},"author":37,"featured_media":101968,"comment_status":"open","ping_status":"closed","sticky":false,"template":"","format":"standard","meta":{"footnotes":""},"categories":[26],"tags":[],"class_list":["post-101967","post","type-post","status-publish","format-standard","has-post-thumbnail","hentry","category-emploi","generate-columns","tablet-grid-50","mobile-grid-100","grid-parent","grid-33","no-featured-image-padding"],"_links":{"self":[{"href":"https:\/\/econostrum.info\/suisse\/wp-json\/wp\/v2\/posts\/101967","targetHints":{"allow":["GET"]}}],"collection":[{"href":"https:\/\/econostrum.info\/suisse\/wp-json\/wp\/v2\/posts"}],"about":[{"href":"https:\/\/econostrum.info\/suisse\/wp-json\/wp\/v2\/types\/post"}],"author":[{"embeddable":true,"href":"https:\/\/econostrum.info\/suisse\/wp-json\/wp\/v2\/users\/37"}],"replies":[{"embeddable":true,"href":"https:\/\/econostrum.info\/suisse\/wp-json\/wp\/v2\/comments?post=101967"}],"version-history":[{"count":0,"href":"https:\/\/econostrum.info\/suisse\/wp-json\/wp\/v2\/posts\/101967\/revisions"}],"wp:featuredmedia":[{"embeddable":true,"href":"https:\/\/econostrum.info\/suisse\/wp-json\/wp\/v2\/media\/101968"}],"wp:attachment":[{"href":"https:\/\/econostrum.info\/suisse\/wp-json\/wp\/v2\/media?parent=101967"}],"wp:term":[{"taxonomy":"category","embeddable":true,"href":"https:\/\/econostrum.info\/suisse\/wp-json\/wp\/v2\/categories?post=101967"},{"taxonomy":"post_tag","embeddable":true,"href":"https:\/\/econostrum.info\/suisse\/wp-json\/wp\/v2\/tags?post=101967"}],"curies":[{"name":"wp","href":"https:\/\/api.w.org\/{rel}","templated":true}]}}