{"id":101882,"date":"2025-03-09T18:32:00","date_gmt":"2025-03-09T17:32:00","guid":{"rendered":"https:\/\/econostrum.info\/suisse\/?p=101882"},"modified":"2025-03-09T15:48:13","modified_gmt":"2025-03-09T14:48:13","slug":"abolition-valeur-locative-suisse-impact-banques-proprietaires","status":"publish","type":"post","link":"https:\/\/econostrum.info\/suisse\/abolition-valeur-locative-suisse-impact-banques-proprietaires\/","title":{"rendered":"Abolition de la valeur locative en Suisse : quel impact sur les banques et les propri\u00e9taires ?"},"content":{"rendered":"\n<p>Les propri\u00e9taires suisses r\u00e9clament depuis des d\u00e9cennies la fin de la valeur locative, consid\u00e9r\u00e9e comme une imposition injuste sur un revenu qu\u2019ils ne per\u00e7oivent pas r\u00e9ellement. En d\u00e9cembre, apr\u00e8s de longues discussions, le Parlement a adopt\u00e9 cette suppression. Toutefois, la d\u00e9cision finale appartient aux citoyens, qui devront se prononcer lors d\u2019un vote \u00e0 l\u2019automne.<\/p>\n\n\n\n<p>Ce changement concerne \u00e9galement les r\u00e9sidences secondaires, ce qui complique son acceptation par certains cantons alpins. Pour compenser la perte de recettes fiscales, ces cantons souhaitent instaurer un nouvel imp\u00f4t sur la propri\u00e9t\u00e9, une mesure n\u00e9cessitant une modification de la Constitution. Si le vote populaire valide cette r\u00e9forme, la mise en \u0153uvre pourrait s\u2019\u00e9tendre jusqu\u2019en 2028, modifiant durablement le r\u00e9gime fiscal du logement en Suisse, selon les informations relay\u00e9es par<em><a href=\"https:\/\/www.blick.ch\/fr\/suisse\/abolition-de-la-valeur-locative-les-banques-suisses-risquent-de-perdre-60-milliards-mais-elles-sen-moquent-id20654254.html\" target=\"_blank\" rel=\"noopener\"> Blick<\/a><\/em>.<\/p>\n\n\n\n<h2 class=\"wp-block-heading\">Une modification aux cons\u00e9quences fiscales contrast\u00e9es<\/h2>\n\n\n\n<p>L\u2019abolition de la valeur locative entra\u00eenera des effets variables selon les cat\u00e9gories de propri\u00e9taires. Les couples retrait\u00e9s poss\u00e9dant une hypoth\u00e8que modeste et les jeunes familles achetant leur premier logement b\u00e9n\u00e9ficieront d\u2019une r\u00e9duction d\u2019imp\u00f4t. En revanche, ceux qui poss\u00e8dent des biens n\u00e9cessitant des r\u00e9novations seront d\u00e9savantag\u00e9s, car les frais d\u2019entretien ne seront plus d\u00e9ductibles.<\/p>\n\n\n\n<p>L\u2019impact sur les finances publiques sera significatif. Selon la <a href=\"https:\/\/econostrum.info\/suisse\/banque-alemanique-vise-suisse-romande-croissance\/\" data-type=\"post\" data-id=\"101134\">Banque cantonale de Zurich<\/a>, entre 2008 et 2020, la valeur locative \u00e9tait g\u00e9n\u00e9ralement plus \u00e9lev\u00e9e que les d\u00e9ductions autoris\u00e9es. La suppression de cet imp\u00f4t pourrait donc entra\u00eener une diminution des recettes fiscales pour la Conf\u00e9d\u00e9ration et les cantons. La source rapporte \u00e9galement que d\u2019apr\u00e8s les estimations de Raiffeisen, un niveau de taux d\u2019int\u00e9r\u00eat proche de 3 % serait n\u00e9cessaire pour \u00e9quilibrer la perte des revenus fiscaux avec la suppression des d\u00e9ductions.<\/p>\n\n\n\n<h2 class=\"wp-block-heading\">Un effet mesur\u00e9 sur les banques malgr\u00e9 un risque de pertes<\/h2>\n\n\n\n<p>Les banques suisses devraient \u00eatre parmi les principales affect\u00e9es par cette r\u00e9forme. Actuellement, la d\u00e9ductibilit\u00e9 des int\u00e9r\u00eats hypoth\u00e9caires incite de nombreux propri\u00e9taires \u00e0 conserver un endettement \u00e9lev\u00e9. La disparition de cet avantage fiscal pourrait encourager un remboursement plus rapide des cr\u00e9dits, r\u00e9duisant ainsi l\u2019activit\u00e9 hypoth\u00e9caire, un pilier fondamental du mod\u00e8le \u00e9conomique bancaire suisse.<\/p>\n\n\n\n<p>Selon la Banque des r\u00e8glements internationaux, la dette hypoth\u00e9caire des m\u00e9nages en Suisse repr\u00e9sente environ 1200 milliards de francs, soit pr\u00e8s de 130 % du PIB. Malgr\u00e9 cela, les banques ne manifestent pas d\u2019opposition forte \u00e0 cette r\u00e9forme. <em>Blick <\/em>cite Andreas Dietrich, professeur \u00e0 la Haute \u00e9cole de Lucerne, qui estime que l\u2019effet de cette r\u00e9forme sur le volume total des hypoth\u00e8ques pourrait se traduire par un remboursement de 3 \u00e0 5 %, soit entre 40 et 60 milliards de francs. Ce montant correspond toutefois \u00e0 la croissance annuelle du march\u00e9 hypoth\u00e9caire, rendant l\u2019ajustement plus progressif qu\u2019instantan\u00e9.<\/p>\n\n\n\n<p><a href=\"https:\/\/econostrum.info\/suisse\/raiffeisen-realise-deuxieme-meilleur-benefice\/\" data-type=\"post\" data-id=\"101602\">Raiffeisen<\/a>, particuli\u00e8rement expos\u00e9e avec un portefeuille hypoth\u00e9caire repr\u00e9sentant 72 % de son bilan, reste prudente. Interrog\u00e9e par le m\u00e9dia, elle affirme qu\u2019il est trop t\u00f4t pour \u00e9valuer pr\u00e9cis\u00e9ment les effets de cette r\u00e9forme. Les autres grandes banques, telles que les banques cantonales et UBS, adoptent une position similaire, sans opposition publique marqu\u00e9e. Ce silence peut s\u2019expliquer par la volont\u00e9 d\u2019\u00e9viter une image n\u00e9gative, alors que ce changement touche directement le march\u00e9 du logement et la fiscalit\u00e9 des m\u00e9nages.<\/p>\n\n\n\n<p><\/p>\n","protected":false},"excerpt":{"rendered":"<p>Le Parlement suisse a vot\u00e9 la fin de la valeur locative, un imp\u00f4t sur un revenu fictif des propri\u00e9taires. Ce changement majeur soul\u00e8ve des enjeux financiers, mais les banques restent discr\u00e8tes.<\/p>\n","protected":false},"author":37,"featured_media":101883,"comment_status":"open","ping_status":"closed","sticky":false,"template":"","format":"standard","meta":{"footnotes":""},"categories":[29],"tags":[],"class_list":["post-101882","post","type-post","status-publish","format-standard","has-post-thumbnail","hentry","category-immobilier","generate-columns","tablet-grid-50","mobile-grid-100","grid-parent","grid-33","no-featured-image-padding"],"_links":{"self":[{"href":"https:\/\/econostrum.info\/suisse\/wp-json\/wp\/v2\/posts\/101882","targetHints":{"allow":["GET"]}}],"collection":[{"href":"https:\/\/econostrum.info\/suisse\/wp-json\/wp\/v2\/posts"}],"about":[{"href":"https:\/\/econostrum.info\/suisse\/wp-json\/wp\/v2\/types\/post"}],"author":[{"embeddable":true,"href":"https:\/\/econostrum.info\/suisse\/wp-json\/wp\/v2\/users\/37"}],"replies":[{"embeddable":true,"href":"https:\/\/econostrum.info\/suisse\/wp-json\/wp\/v2\/comments?post=101882"}],"version-history":[{"count":0,"href":"https:\/\/econostrum.info\/suisse\/wp-json\/wp\/v2\/posts\/101882\/revisions"}],"wp:featuredmedia":[{"embeddable":true,"href":"https:\/\/econostrum.info\/suisse\/wp-json\/wp\/v2\/media\/101883"}],"wp:attachment":[{"href":"https:\/\/econostrum.info\/suisse\/wp-json\/wp\/v2\/media?parent=101882"}],"wp:term":[{"taxonomy":"category","embeddable":true,"href":"https:\/\/econostrum.info\/suisse\/wp-json\/wp\/v2\/categories?post=101882"},{"taxonomy":"post_tag","embeddable":true,"href":"https:\/\/econostrum.info\/suisse\/wp-json\/wp\/v2\/tags?post=101882"}],"curies":[{"name":"wp","href":"https:\/\/api.w.org\/{rel}","templated":true}]}}