{"id":101875,"date":"2025-03-09T11:00:00","date_gmt":"2025-03-09T10:00:00","guid":{"rendered":"https:\/\/econostrum.info\/suisse\/?p=101875"},"modified":"2025-03-09T10:17:55","modified_gmt":"2025-03-09T09:17:55","slug":"suisse-union-europeenne-baisse-taux-fecondite","status":"publish","type":"post","link":"https:\/\/econostrum.info\/suisse\/suisse-union-europeenne-baisse-taux-fecondite\/","title":{"rendered":"La Suisse et l&rsquo;Union europ\u00e9enne face \u00e0 la baisse du taux de f\u00e9condit\u00e9"},"content":{"rendered":"\n<p>La baisse du taux de f\u00e9condit\u00e9 en Europe s\u2019inscrit dans une dynamique de long terme. Depuis plusieurs d\u00e9cennies, de nombreux pays europ\u00e9ens enregistrent un nombre de naissances insuffisant pour assurer le renouvellement des g\u00e9n\u00e9rations. Ce ph\u00e9nom\u00e8ne s\u2019explique par divers facteurs, allant de l\u2019instabilit\u00e9 \u00e9conomique aux \u00e9volutions soci\u00e9tales qui modifient la perception de la parentalit\u00e9.<\/p>\n\n\n\n<p>Au-del\u00e0 des tendances globales, certaines disparit\u00e9s existent entre les \u00c9tats. Alors que la France maintient un taux de f\u00e9condit\u00e9 relativement \u00e9lev\u00e9 \u00e0 1,66, d\u2019autres pays affichent des chiffres bien plus bas. Malte (1,06), l\u2019Espagne (1,12) et la Lituanie (1,18) comptent parmi les nations les moins f\u00e9condes du continent. La Suisse se situe \u00e9galement dans cette cat\u00e9gorie, avec un taux de 1,33, comme l\u2019indiquent les donn\u00e9es relay\u00e9es par <em><a href=\"https:\/\/www.20min.ch\/fr\/story\/population-la-suisse-et-l-ue-face-a-un-taux-de-fecondite-en-baisse-103296861\" target=\"_blank\" rel=\"noopener\">20 minutes<\/a><\/em>.<\/p>\n\n\n\n<h2 class=\"wp-block-heading\">Une chute historique des naissances<\/h2>\n\n\n\n<p>D\u2019apr\u00e8s <a href=\"https:\/\/ec.europa.eu\/eurostat\/web\/products-eurostat-news\/w\/ddn-20250307-1\" target=\"_blank\" rel=\"noopener\">Eurostat<\/a>, environ 3,67 millions de b\u00e9b\u00e9s sont n\u00e9s dans l\u2019Union europ\u00e9enne en 2023. Ce chiffre repr\u00e9sente une baisse de 5,4 % par rapport \u00e0 2022, soit le plus fort recul annuel depuis 1961. Cette diminution touche l\u2019ensemble du continent et s\u2019accompagne d\u2019un vieillissement de la population, ce qui accentue les d\u00e9s\u00e9quilibres d\u00e9mographiques.<\/p>\n\n\n\n<p>Si certains pays r\u00e9sistent mieux que d\u2019autres \u00e0 cette tendance, aucun ne parvient \u00e0 atteindre le seuil de 2,1 enfants par femme, qui permettrait d\u2019assurer un renouvellement naturel des g\u00e9n\u00e9rations. En Suisse, o\u00f9 le taux de f\u00e9condit\u00e9 est pass\u00e9 \u00e0 1,33, la situation est particuli\u00e8rement pr\u00e9occupante, comme le souligne <a href=\"https:\/\/www.webradio.media\/news\/7257-le-taux-de-fecondite-en-ue-chute-a-1-38-en-2023-la-suisse-a-1-33\" target=\"_blank\" rel=\"noopener\"><em>Webradio.media<\/em><\/a>.<\/p>\n\n\n\n<h2 class=\"wp-block-heading\">Une maternit\u00e9 toujours plus tardive<\/h2>\n\n\n\n<p>L\u2019un des facteurs contribuant \u00e0 cette baisse de la natalit\u00e9 est l\u2019augmentation de l\u2019\u00e2ge moyen des m\u00e8res lors de la naissance de leur premier enfant. Selon Eurostat, cet \u00e2ge est pass\u00e9 de 28,8 ans en 2013 \u00e0 29,8 ans en 2023. Ce report de la maternit\u00e9 est observ\u00e9 dans la plupart des pays europ\u00e9ens et a des r\u00e9percussions directes sur le nombre total d\u2019enfants par femme.<\/p>\n\n\n\n<p>Les causes de ce ph\u00e9nom\u00e8ne sont multiples. La pr\u00e9carit\u00e9 du march\u00e9 du travail, la difficult\u00e9 d\u2019acc\u00e8s au logement ou encore la recherche d\u2019une plus grande stabilit\u00e9 financi\u00e8re avant d\u2019avoir un enfant jouent un r\u00f4le important. Ces \u00e9l\u00e9ments p\u00e8sent sur les d\u00e9cisions des couples, retardant ainsi l\u2019arriv\u00e9e du premier enfant et r\u00e9duisant les chances d\u2019avoir plusieurs enfants au cours de la vie.<\/p>\n\n\n\n<h2 class=\"wp-block-heading\">Une question d\u00e9mographique cruciale<\/h2>\n\n\n\n<p>Avec un taux de f\u00e9condit\u00e9 en chute libre, l\u2019Europe et la Suisse se dirigent vers un vieillissement de leur population. Cette \u00e9volution aura des cons\u00e9quences sur les syst\u00e8mes sociaux, notamment les retraites, et pourrait entra\u00eener une baisse de la population active. Les besoins en main-d\u2019\u0153uvre risquent d\u2019augmenter, rendant les politiques migratoires encore plus centrales dans les d\u00e9bats publics.<\/p>\n\n\n\n<p>Face \u00e0 cette situation, plusieurs pays cherchent \u00e0 inverser la tendance en mettant en place des politiques de soutien \u00e0 la natalit\u00e9. Des mesures telles que des aides financi\u00e8res aux familles, des cong\u00e9s parentaux plus longs et un meilleur acc\u00e8s aux structures de garde sont envisag\u00e9es pour tenter de redynamiser la f\u00e9condit\u00e9. Comme le rappelle<em> 20 minutes<\/em>, ces enjeux sont au c\u0153ur des pr\u00e9occupations d\u00e9mographiques actuelles.<\/p>\n\n\n\n<p><\/p>\n","protected":false},"excerpt":{"rendered":"<p>Le taux de f\u00e9condit\u00e9 a chut\u00e9 en 2023 \u00e0 1,38 enfant par femme dans l\u2019UE et 1,33 en Suisse. Eurostat confirme une baisse continue, suscitant des inqui\u00e9tudes \u00e9conomiques et sociales.<\/p>\n","protected":false},"author":37,"featured_media":101877,"comment_status":"open","ping_status":"closed","sticky":false,"template":"","format":"standard","meta":{"footnotes":""},"categories":[1],"tags":[],"class_list":["post-101875","post","type-post","status-publish","format-standard","has-post-thumbnail","hentry","category-economie","generate-columns","tablet-grid-50","mobile-grid-100","grid-parent","grid-33","no-featured-image-padding"],"_links":{"self":[{"href":"https:\/\/econostrum.info\/suisse\/wp-json\/wp\/v2\/posts\/101875","targetHints":{"allow":["GET"]}}],"collection":[{"href":"https:\/\/econostrum.info\/suisse\/wp-json\/wp\/v2\/posts"}],"about":[{"href":"https:\/\/econostrum.info\/suisse\/wp-json\/wp\/v2\/types\/post"}],"author":[{"embeddable":true,"href":"https:\/\/econostrum.info\/suisse\/wp-json\/wp\/v2\/users\/37"}],"replies":[{"embeddable":true,"href":"https:\/\/econostrum.info\/suisse\/wp-json\/wp\/v2\/comments?post=101875"}],"version-history":[{"count":0,"href":"https:\/\/econostrum.info\/suisse\/wp-json\/wp\/v2\/posts\/101875\/revisions"}],"wp:featuredmedia":[{"embeddable":true,"href":"https:\/\/econostrum.info\/suisse\/wp-json\/wp\/v2\/media\/101877"}],"wp:attachment":[{"href":"https:\/\/econostrum.info\/suisse\/wp-json\/wp\/v2\/media?parent=101875"}],"wp:term":[{"taxonomy":"category","embeddable":true,"href":"https:\/\/econostrum.info\/suisse\/wp-json\/wp\/v2\/categories?post=101875"},{"taxonomy":"post_tag","embeddable":true,"href":"https:\/\/econostrum.info\/suisse\/wp-json\/wp\/v2\/tags?post=101875"}],"curies":[{"name":"wp","href":"https:\/\/api.w.org\/{rel}","templated":true}]}}