{"id":101823,"date":"2025-03-08T08:33:00","date_gmt":"2025-03-08T07:33:00","guid":{"rendered":"https:\/\/econostrum.info\/suisse\/?p=101823"},"modified":"2025-03-08T01:04:39","modified_gmt":"2025-03-08T00:04:39","slug":"suisse-suit-ue-base-de-donnees-passagers-aeriens","status":"publish","type":"post","link":"https:\/\/econostrum.info\/suisse\/suisse-suit-ue-base-de-donnees-passagers-aeriens\/","title":{"rendered":"La Suisse suit l\u2019UE et adopte une base de donn\u00e9es des passagers a\u00e9riens"},"content":{"rendered":"\n<p>Le Parlement suisse a valid\u00e9 la cr\u00e9ation d\u2019une base de donn\u00e9es nationale des passagers a\u00e9riens, destin\u00e9e \u00e0 renforcer la lutte contre le terrorisme et la grande criminalit\u00e9. Ce syst\u00e8me, align\u00e9 sur le mod\u00e8le europ\u00e9en et am\u00e9ricain, permettra aux autorit\u00e9s de recueillir et d\u2019analyser les informations transmises par les compagnies a\u00e9riennes.<\/p>\n\n\n\n<p>Le Conseil des \u00c9tats a approuv\u00e9 cette mesure \u00e0 l\u2019unanimit\u00e9, apr\u00e8s un vote favorable du Conseil national. Selon <em><a href=\"https:\/\/www.watson.ch\/fr\/suisse\/politique\/560322600-avions-la-suisse-introduira-une-base-de-donnees-des-passagers\" target=\"_blank\" rel=\"noopener\">Watson<\/a><\/em>, cette d\u00e9cision vise \u00e0 \u00e9viter que la Suisse ne devienne une faille s\u00e9curitaire en Europe et \u00e0 garantir que les compagnies a\u00e9riennes suisses ne subissent pas de sanctions \u00e9conomiques. En l\u2019absence de ce dispositif, elles risqueraient notamment des amendes et des restrictions d\u2019atterrissage dans certains pays.<\/p>\n\n\n\n<h2 class=\"wp-block-heading\">Une mise en conformit\u00e9 avec les normes internationales<\/h2>\n\n\n\n<p>La base de donn\u00e9es repose sur le syst\u00e8me Passenger Name Record (PNR), d\u00e9j\u00e0 adopt\u00e9 par l\u2019<a href=\"https:\/\/econostrum.info\/suisse\/suisse-treize-mesures-proteger-salaires-union-europeenne\/\" data-type=\"post\" data-id=\"101390\">Union europ\u00e9enne<\/a> et les \u00c9tats-Unis. Il oblige les compagnies a\u00e9riennes \u00e0 collecter et transmettre des informations essentielles sur les passagers, telles que leur nom, leur itin\u00e9raire ou encore leur mode de paiement.<\/p>\n\n\n\n<p>Mauro Poggia, membre de la commission en charge du projet, a soulign\u00e9 devant le Parlement que l\u2019absence d\u2019un tel dispositif en Suisse pourrait permettre \u00e0 des individus de contourner les contr\u00f4les de l\u2019espace Schengen. <\/p>\n\n\n\n<p>Sans cette mesure, un passager pourrait entrer en Suisse en avion, puis poursuivre son voyage par voie terrestre sans \u00eatre d\u00e9tect\u00e9. Le m\u00e9dia rapporte que le ministre de la Justice, Beat Jans, consid\u00e8re ce dispositif comme un outil \u00e9prouv\u00e9 \u00e0 l\u2019international et crucial pour garantir la s\u00e9curit\u00e9.<\/p>\n\n\n\n<p>L\u2019adoption du PNR constitue \u00e9galement une condition impos\u00e9e par les \u00c9tats-Unis pour maintenir l\u2019exemption de visa des ressortissants suisses. Ce programme leur permet de voyager aux \u00c9tats-Unis pour des s\u00e9jours touristiques ou professionnels de 90 jours maximum sans visa.<\/p>\n\n\n\n<h2 class=\"wp-block-heading\">Des donn\u00e9es limit\u00e9es et un encadrement strict<\/h2>\n\n\n\n<p>Les informations collect\u00e9es proviendront directement des r\u00e9servations effectu\u00e9es par les passagers. Elles incluront notamment le pr\u00e9nom, le nom, les r\u00e9f\u00e9rences de contact, l\u2019itin\u00e9raire et le mode de paiement. En revanche, certaines donn\u00e9es sensibles, telles que la couleur de peau, les pr\u00e9f\u00e9rences alimentaires ou l\u2019appartenance syndicale, ne seront pas enregistr\u00e9es.<\/p>\n\n\n\n<p>La dur\u00e9e de conservation des donn\u00e9es a fait l\u2019objet de d\u00e9bats. Finalement, les informations ne pr\u00e9sentant aucun lien avec une infraction terroriste ou p\u00e9nale grave ne seront conserv\u00e9es que six mois. De plus, elles seront pseudonymis\u00e9es apr\u00e8s un mois, r\u00e9duisant ainsi les risques d\u2019atteinte \u00e0 la vie priv\u00e9e.<\/p>\n\n\n\n<p><em>Watson<\/em> pr\u00e9cise que ces mesures ont suscit\u00e9 des discussions au Conseil national, notamment sur l\u2019\u00e9quilibre entre s\u00e9curit\u00e9 et respect des droits individuels. Toutefois, au Conseil des \u00c9tats, le projet a \u00e9t\u00e9 adopt\u00e9 sans opposition.<\/p>\n\n\n\n<h2 class=\"wp-block-heading\">Une unit\u00e9 d\u00e9di\u00e9e au traitement des informations<\/h2>\n\n\n\n<p>Un nouveau service, l\u2019Unit\u00e9 d\u2019information passagers (UIP), sera cr\u00e9\u00e9 en 2025 et rattach\u00e9 \u00e0 la police f\u00e9d\u00e9rale. Il sera charg\u00e9 de traiter les donn\u00e9es PNR et devrait \u00eatre pleinement op\u00e9rationnel en 2026. La moiti\u00e9 de ses collaborateurs seront d\u00e9tach\u00e9s par les cantons, qui devront en assumer une partie des co\u00fbts.<\/p>\n\n\n\n<p>L\u2019UIP recevra les donn\u00e9es des compagnies a\u00e9riennes \u00e0 deux moments : une premi\u00e8re fois entre 24 et 48 heures avant le d\u00e9part d\u2019un vol \u00e0 destination ou en provenance de la Suisse, puis une seconde fois juste avant le d\u00e9collage. Ces informations seront automatiquement compar\u00e9es aux bases de donn\u00e9es de la police. Si une correspondance est d\u00e9tect\u00e9e, un contr\u00f4le manuel sera effectu\u00e9 avant transmission aux autorit\u00e9s comp\u00e9tentes.<\/p>\n\n\n\n<p>Les infractions cibl\u00e9es par ce dispositif sont strictement d\u00e9finies par la loi. La m\u00eame source pr\u00e9cise qu\u2019elles incluent le terrorisme, l\u2019appartenance \u00e0 une organisation criminelle, la traite d\u2019\u00eatres humains, l\u2019exploitation sexuelle des enfants, le trafic d\u2019armes, le blanchiment d\u2019argent, la cybercriminalit\u00e9 et l\u2019homicide volontaire.<\/p>\n\n\n\n<p>Contrairement \u00e0 d\u2019autres pays, cette mesure ne concernera que l\u2019aviation commerciale et exclura l\u2019aviation priv\u00e9e. <em>Watson<\/em> souligne que cet \u00e9l\u00e9ment du projet n\u2019a pas fait l\u2019objet de contestations lors des d\u00e9bats parlementaires.<\/p>\n\n\n\n<p><\/p>\n","protected":false},"excerpt":{"rendered":"<p>La Suisse adopte une base de donn\u00e9es des passagers a\u00e9riens pour lutter contre le terrorisme et aligner sa politique sur l\u2019UE et les \u00c9tats-Unis.<\/p>\n","protected":false},"author":37,"featured_media":101826,"comment_status":"open","ping_status":"closed","sticky":false,"template":"","format":"standard","meta":{"footnotes":""},"categories":[1],"tags":[],"class_list":["post-101823","post","type-post","status-publish","format-standard","has-post-thumbnail","hentry","category-economie","generate-columns","tablet-grid-50","mobile-grid-100","grid-parent","grid-33","no-featured-image-padding"],"_links":{"self":[{"href":"https:\/\/econostrum.info\/suisse\/wp-json\/wp\/v2\/posts\/101823","targetHints":{"allow":["GET"]}}],"collection":[{"href":"https:\/\/econostrum.info\/suisse\/wp-json\/wp\/v2\/posts"}],"about":[{"href":"https:\/\/econostrum.info\/suisse\/wp-json\/wp\/v2\/types\/post"}],"author":[{"embeddable":true,"href":"https:\/\/econostrum.info\/suisse\/wp-json\/wp\/v2\/users\/37"}],"replies":[{"embeddable":true,"href":"https:\/\/econostrum.info\/suisse\/wp-json\/wp\/v2\/comments?post=101823"}],"version-history":[{"count":0,"href":"https:\/\/econostrum.info\/suisse\/wp-json\/wp\/v2\/posts\/101823\/revisions"}],"wp:featuredmedia":[{"embeddable":true,"href":"https:\/\/econostrum.info\/suisse\/wp-json\/wp\/v2\/media\/101826"}],"wp:attachment":[{"href":"https:\/\/econostrum.info\/suisse\/wp-json\/wp\/v2\/media?parent=101823"}],"wp:term":[{"taxonomy":"category","embeddable":true,"href":"https:\/\/econostrum.info\/suisse\/wp-json\/wp\/v2\/categories?post=101823"},{"taxonomy":"post_tag","embeddable":true,"href":"https:\/\/econostrum.info\/suisse\/wp-json\/wp\/v2\/tags?post=101823"}],"curies":[{"name":"wp","href":"https:\/\/api.w.org\/{rel}","templated":true}]}}