{"id":101742,"date":"2025-03-05T16:22:00","date_gmt":"2025-03-05T15:22:00","guid":{"rendered":"https:\/\/econostrum.info\/suisse\/?p=101742"},"modified":"2025-03-05T13:47:06","modified_gmt":"2025-03-05T12:47:06","slug":"droits-douane-taxes-trump-effets-inquietants","status":"publish","type":"post","link":"https:\/\/econostrum.info\/suisse\/droits-douane-taxes-trump-effets-inquietants\/","title":{"rendered":"Droits de douane : les taxes de Trump font d\u00e9j\u00e0 sentir leurs effets inqui\u00e9tants"},"content":{"rendered":"\n<p>Lundi, Donald Trump a annonc\u00e9 l\u2019application de nouveaux droits de douane sur les importations agricoles \u00e0 compter du 2 avril. Il a simultan\u00e9ment invit\u00e9 les agriculteurs am\u00e9ricains \u00e0 \u00ab<em> produire beaucoup plus de produits agricoles pour les vendre \u00e0 l&rsquo;int\u00e9rieur<\/em> \u00bb du pays, via un message publi\u00e9 sur Truth Social. Cette mesure s\u2019inscrit dans une logique protectionniste plus large, qui cible \u00e9galement l\u2019acier, l\u2019aluminium et d\u2019autres secteurs strat\u00e9giques, rapporte<em><a href=\"https:\/\/www.watson.ch\/fr\/economie\/international\/964670920-le-choc-des-taxes-de-trump-commence-a-se-faire-sentir\" target=\"_blank\" rel=\"noopener\"> Watson<\/a><\/em>.<\/p>\n\n\n\n<p>Au-del\u00e0 des enjeux \u00e9conomiques, l\u2019administration Trump justifie ces taxes comme un levier politique pour contraindre le Canada, le Mexique et la Chine \u00e0 renforcer leur lutte contre le trafic de fentanyl. En f\u00e9vrier, les \u00c9tats-Unis avaient impos\u00e9 des droits de douane de 25 % sur tous les produits en provenance du Canada et du Mexique, malgr\u00e9 l\u2019accord de libre-\u00e9change en vigueur.<\/p>\n\n\n\n<p>Face aux premiers engagements pris par Ottawa et Mexico, notamment l\u2019envoi de 10 000 soldats suppl\u00e9mentaires \u00e0 la fronti\u00e8re par le Mexique et la cr\u00e9ation d\u2019une unit\u00e9 sp\u00e9cialis\u00e9e au Canada, <a href=\"https:\/\/econostrum.info\/suisse\/suisse-seco-negocier-washington-nouvelles-menaces-commerciales\/\" data-type=\"post\" data-id=\"101430\">Washington<\/a> avait suspendu ces mesures pour un mois. Cette tr\u00eave arrive maintenant \u00e0 son terme, et la menace d\u2019un nouvel assaut tarifaire se pr\u00e9cise.<\/p>\n\n\n\n<h2 class=\"wp-block-heading\">Un premier \u00e9lectrochoc pour l\u2019\u00e9conomie am\u00e9ricaine<\/h2>\n\n\n\n<p>Les entreprises am\u00e9ricaines ressentent d\u00e9j\u00e0 les effets de cette politique commerciale. Selon l\u2019indice ISM publi\u00e9 lundi, l\u2019activit\u00e9 manufacturi\u00e8re a ralenti en f\u00e9vrier, passant de 50,9 % en janvier \u00e0 50,3 %. Bien que toujours en croissance, cette tendance inqui\u00e8te les observateurs. <\/p>\n\n\n\n<p><em>Watson<\/em> cite Timothy Fiore, responsable de l\u2019enqu\u00eate ISM, qui rapporte que \u00ab<em> la demande a diminu\u00e9, la production s\u2019est stabilis\u00e9e et la r\u00e9duction des effectifs s\u2019est poursuivie alors que les entreprises sond\u00e9es subissent le premier choc op\u00e9rationnel de la politique en mati\u00e8re de droits de douane <\/em>\u00bb.<\/p>\n\n\n\n<p>Plusieurs secteurs signalent des hausses de prix et des perturbations logistiques. Dans les transports, un acteur du secteur confie \u00e0 l\u2019AFP que \u00ab <em>les consommateurs suspendent leurs projets d\u2019achats en raison de l\u2019incertitude li\u00e9e aux droits de douane<\/em> \u00bb. <\/p>\n\n\n\n<p>Dans l\u2019agroalimentaire et le tabac, une entreprise observe \u00e9galement un changement de comportement des clients : \u00ab <em>Nous constatons que les prix ont un impact sur les volumes, avec des consommateurs qui ach\u00e8tent moins et cherchent des alternatives<\/em> \u00bb. L\u2019indice des prix a bondi de 7,5 points, enregistrant sa plus forte hausse depuis mi-2022, pr\u00e9cise le m\u00e9dia.<\/p>\n\n\n\n<h2 class=\"wp-block-heading\">Le Canada et le Mexique pr\u00eats \u00e0 riposter<\/h2>\n\n\n\n<p>Face \u00e0 cette escalade protectionniste, le Canada et le Mexique pr\u00e9viennent qu\u2019ils ne resteront pas passifs. Justin Trudeau a d\u00e9clar\u00e9 que son gouvernement r\u00e9agirait avec \u00ab <em>une r\u00e9ponse forte, sans \u00e9quivoque et proportionn\u00e9e<\/em><strong> <\/strong>\u00bb si ces taxes venaient \u00e0 \u00eatre confirm\u00e9es. De son c\u00f4t\u00e9, la pr\u00e9sidente mexicaine Claudia Sheinbaum a affirm\u00e9 que \u00ab <em>quelle que soit la d\u00e9cision, nous avons un plan. Nous avons un plan A, un plan B, un plan C et un plan D<\/em> \u00bb.<\/p>\n\n\n\n<p>Howard Lutnick, secr\u00e9taire au Commerce, a justifi\u00e9 ces taxes comme un moyen de pression.<em> <\/em>\u00ab <em>Si le Canada et le Mexique agissent, il n\u2019y aura pas de droits de douane<\/em> \u00bb, a-t-il assur\u00e9 lors d\u2019une audition devant le S\u00e9nat fin janvier. Pour Ryan Majerus, ancien haut fonctionnaire du Commerce devenu avocat, cette strat\u00e9gie est d\u00e9lib\u00e9r\u00e9e :\u00ab<em> Il ne fait aucun doute que le gouvernement tente de r\u00e9gler les probl\u00e8mes li\u00e9s au fentanyl et \u00e0 l\u2019immigration, et ces taxes lui ont donn\u00e9 du poids face au Canada et au Mexique, comme l\u2019ont montr\u00e9 leur r\u00e9action<\/em> \u00bb.<\/p>\n\n\n\n<h2 class=\"wp-block-heading\">Un pari \u00e0 hauts risques pour l\u2019administration Trump<\/h2>\n\n\n\n<p>Les industriels am\u00e9ricains s\u2019inqui\u00e8tent des r\u00e9percussions potentielles d\u2019une guerre commerciale avec leurs voisins. Une augmentation des co\u00fbts de production se traduirait par une inflation plus persistante, avec un effet direct sur les consommateurs. <\/p>\n\n\n\n<p>Dans <a href=\"https:\/\/econostrum.info\/suisse\/six-secteurs-economie-suisse-menaces-donald-trump\/\" data-type=\"post\" data-id=\"100841\">plusieurs industries<\/a>, les inqui\u00e9tudes grandissent. \u00ab<em> Les hausses de prix se sont acc\u00e9l\u00e9r\u00e9es en raison des droits de douane, ce qui a entra\u00een\u00e9 des retards dans la passation de nouvelles commandes, des arr\u00eats de livraison de la part des fournisseurs et des r\u00e9percussions sur les inventaires<\/em> \u00bb, rappelle Timothy Fiore.<\/p>\n\n\n\n<p>Donald Trump reste convaincu de l\u2019efficacit\u00e9 de sa strat\u00e9gie. Il a plusieurs fois r\u00e9p\u00e9t\u00e9 que les droits de douane \u00e9taient \u00ab <em>ses mots favoris<\/em> \u00bb et qu\u2019ils servaient \u00e0 r\u00e9\u00e9quilibrer la balance commerciale, \u00e0 financer sa promesse de baisse d\u2019imp\u00f4ts et \u00e0 contraindre ses partenaires \u00e0 respecter les \u00c9tats-Unis.<\/p>\n\n\n\n<p> Pourtant, les derniers indicateurs de confiance des consommateurs ont plong\u00e9, aliment\u00e9s par la crainte d\u2019un retour de l\u2019inflation. Matthew Martin, \u00e9conomiste chez Oxford Economics, souligne que \u00ab <em>cela donne un aper\u00e7u de l\u2019impact potentiel des droits de douane sur les prix des biens, alors m\u00eame que l\u2019essentiel des politiques du pr\u00e9sident Trump n\u2019a pas encore \u00e9t\u00e9 mis en \u0153uvre <\/em>\u00bb.<\/p>\n","protected":false},"excerpt":{"rendered":"<p>Les taxes de Trump accentuent les tensions \u00e9conomiques, avec une hausse des co\u00fbts, une baisse de la demande et la menace de repr\u00e9sailles du Canada et du Mexique.<\/p>\n","protected":false},"author":37,"featured_media":101744,"comment_status":"open","ping_status":"closed","sticky":false,"template":"","format":"standard","meta":{"footnotes":""},"categories":[1],"tags":[],"class_list":["post-101742","post","type-post","status-publish","format-standard","has-post-thumbnail","hentry","category-economie","generate-columns","tablet-grid-50","mobile-grid-100","grid-parent","grid-33","no-featured-image-padding"],"_links":{"self":[{"href":"https:\/\/econostrum.info\/suisse\/wp-json\/wp\/v2\/posts\/101742","targetHints":{"allow":["GET"]}}],"collection":[{"href":"https:\/\/econostrum.info\/suisse\/wp-json\/wp\/v2\/posts"}],"about":[{"href":"https:\/\/econostrum.info\/suisse\/wp-json\/wp\/v2\/types\/post"}],"author":[{"embeddable":true,"href":"https:\/\/econostrum.info\/suisse\/wp-json\/wp\/v2\/users\/37"}],"replies":[{"embeddable":true,"href":"https:\/\/econostrum.info\/suisse\/wp-json\/wp\/v2\/comments?post=101742"}],"version-history":[{"count":0,"href":"https:\/\/econostrum.info\/suisse\/wp-json\/wp\/v2\/posts\/101742\/revisions"}],"wp:featuredmedia":[{"embeddable":true,"href":"https:\/\/econostrum.info\/suisse\/wp-json\/wp\/v2\/media\/101744"}],"wp:attachment":[{"href":"https:\/\/econostrum.info\/suisse\/wp-json\/wp\/v2\/media?parent=101742"}],"wp:term":[{"taxonomy":"category","embeddable":true,"href":"https:\/\/econostrum.info\/suisse\/wp-json\/wp\/v2\/categories?post=101742"},{"taxonomy":"post_tag","embeddable":true,"href":"https:\/\/econostrum.info\/suisse\/wp-json\/wp\/v2\/tags?post=101742"}],"curies":[{"name":"wp","href":"https:\/\/api.w.org\/{rel}","templated":true}]}}