{"id":101657,"date":"2025-03-02T15:47:24","date_gmt":"2025-03-02T14:47:24","guid":{"rendered":"https:\/\/econostrum.info\/suisse\/?p=101657"},"modified":"2025-03-02T15:47:26","modified_gmt":"2025-03-02T14:47:26","slug":"printemps-suisse-brouillard-plaine-soleil-altitude","status":"publish","type":"post","link":"https:\/\/econostrum.info\/suisse\/printemps-suisse-brouillard-plaine-soleil-altitude\/","title":{"rendered":"M\u00e9t\u00e9o Suisse : l\u2019hiver ne l\u00e2che pas prise malgr\u00e9 l\u2019arriv\u00e9e du printemps"},"content":{"rendered":"\n<p>Samedi marquait officiellement le d\u00e9but du printemps m\u00e9t\u00e9orologique, mais les conditions ne refl\u00e8tent pas encore la nouvelle saison. Le ciel reste couvert, le brouillard omnipr\u00e9sent et les temp\u00e9ratures oscillent entre 5 et 7 degr\u00e9s en plaine. Il faudra patienter avant de profiter d\u2019un v\u00e9ritable temps printanier.<\/p>\n\n\n\n<p>Selon les pr\u00e9visions, une am\u00e9lioration est attendue en d\u00e9but de semaine. Le brouillard se dissipera lentement, et les temp\u00e9ratures devraient atteindre 12 degr\u00e9s mercredi, avant de grimper jusqu\u2019\u00e0 15 degr\u00e9s vendredi. En attendant, seuls les sommets permettent de profiter du soleil.<\/p>\n\n\n\n<h2 class=\"wp-block-heading\">Un froid persistant et un brouillard tenace<\/h2>\n\n\n\n<p>En plaine, les conditions m\u00e9t\u00e9orologiques restent hivernales. Le brouillard continuera de recouvrir une grande partie du pays, limitant les \u00e9claircies et maintenant une atmosph\u00e8re morose. La bise glaciale accentue la sensation de froid, rendant l\u2019attente du printemps plus longue que pr\u00e9vu.<\/p>\n\n\n\n<p>Les temp\u00e9ratures actuelles stagnent entre 5 et 7 degr\u00e9s, bien en dessous des normales saisonni\u00e8res. Dimanche, la situation ne devrait pas \u00e9voluer de mani\u00e8re significative. Le brouillard restera dense et le soleil n\u2019appara\u00eetra que sporadiquement. Cette grisaille persistante affecte particuli\u00e8rement les r\u00e9gions de plaine, o\u00f9 l\u2019humidit\u00e9 accentue encore la sensation de fra\u00eecheur.<\/p>\n\n\n\n<h2 class=\"wp-block-heading\">Un temps plus cl\u00e9ment en altitude<\/h2>\n\n\n\n<p>Pour profiter d\u2019un ciel d\u00e9gag\u00e9, il faut prendre de l\u2019altitude. La m\u00eame source indique que la limite du brouillard se situe autour de 1500 m\u00e8tres, avant de s\u2019\u00e9lever progressivement \u00e0 2000 m\u00e8tres dans la journ\u00e9e. Au-del\u00e0 de cette barri\u00e8re, le soleil brille g\u00e9n\u00e9reusement, offrant un contraste saisissant avec les conditions observ\u00e9es en plaine.<\/p>\n\n\n\n<p>Certaines r\u00e9gions profitent d\u00e9j\u00e0 d\u2019un climat plus agr\u00e9able. En Valais et dans <a href=\"https:\/\/econostrum.info\/suisse\/boom-immobilier-alpes-suisses-ambitions\/\" data-type=\"post\" data-id=\"100472\">les Alpes<\/a>, le temps est nettement plus ensoleill\u00e9. En revanche, les perspectives sont moins favorables au Tessin. Le m\u00e9t\u00e9orologue Quirin Beck, de <em><a href=\"https:\/\/meteonews.ch\/de\/News\/N14897\/Bis-Samstag-k%C3%BChl_-dann-Milderung\" target=\"_blank\" rel=\"noopener\">MeteoNews<\/a><\/em>, pr\u00e9cise que le sud du pays restera sous un ciel tr\u00e8s nuageux et humide, avec des chutes de neige attendues entre 500 et 800 m\u00e8tres d\u2019altitude, rapporte le m\u00e9dia.<\/p>\n\n\n\n<h2 class=\"wp-block-heading\">Une am\u00e9lioration progressive d\u00e8s mercredi<\/h2>\n\n\n\n<p>Si le week-end et le d\u00e9but de semaine restent marqu\u00e9s par le froid et le brouillard, la situation \u00e9voluera \u00e0 partir de mercredi. La matin\u00e9e d\u00e9butera encore sous la grisaille et avec des temp\u00e9ratures proches de 0 degr\u00e9, mais un changement notable interviendra dans la journ\u00e9e. Le soleil fera son retour et les temp\u00e9ratures atteindront jusqu\u2019\u00e0 12 degr\u00e9s.<\/p>\n\n\n\n<p>D\u2019ici vendredi, le thermom\u00e8tre grimpera jusqu\u2019\u00e0 15 degr\u00e9s, et le brouillard devrait dispara\u00eetre. Le ciel sera alors enti\u00e8rement d\u00e9gag\u00e9, annon\u00e7ant enfin des conditions printani\u00e8res sur l\u2019ensemble du pays. Une perspective attendue apr\u00e8s plusieurs jours de grisaille et de froid persistant.<\/p>\n\n\n\n<p><\/p>\n","protected":false},"excerpt":{"rendered":"<p>Le printemps est l\u00e0, mais le froid et le brouillard persistent en plaine. Seules les montagnes profitent du soleil. Une am\u00e9lioration est attendue en milieu de semaine.<\/p>\n","protected":false},"author":37,"featured_media":101660,"comment_status":"open","ping_status":"closed","sticky":false,"template":"","format":"standard","meta":{"footnotes":""},"categories":[19],"tags":[],"class_list":["post-101657","post","type-post","status-publish","format-standard","has-post-thumbnail","hentry","category-meteo","generate-columns","tablet-grid-50","mobile-grid-100","grid-parent","grid-33","no-featured-image-padding"],"_links":{"self":[{"href":"https:\/\/econostrum.info\/suisse\/wp-json\/wp\/v2\/posts\/101657","targetHints":{"allow":["GET"]}}],"collection":[{"href":"https:\/\/econostrum.info\/suisse\/wp-json\/wp\/v2\/posts"}],"about":[{"href":"https:\/\/econostrum.info\/suisse\/wp-json\/wp\/v2\/types\/post"}],"author":[{"embeddable":true,"href":"https:\/\/econostrum.info\/suisse\/wp-json\/wp\/v2\/users\/37"}],"replies":[{"embeddable":true,"href":"https:\/\/econostrum.info\/suisse\/wp-json\/wp\/v2\/comments?post=101657"}],"version-history":[{"count":0,"href":"https:\/\/econostrum.info\/suisse\/wp-json\/wp\/v2\/posts\/101657\/revisions"}],"wp:featuredmedia":[{"embeddable":true,"href":"https:\/\/econostrum.info\/suisse\/wp-json\/wp\/v2\/media\/101660"}],"wp:attachment":[{"href":"https:\/\/econostrum.info\/suisse\/wp-json\/wp\/v2\/media?parent=101657"}],"wp:term":[{"taxonomy":"category","embeddable":true,"href":"https:\/\/econostrum.info\/suisse\/wp-json\/wp\/v2\/categories?post=101657"},{"taxonomy":"post_tag","embeddable":true,"href":"https:\/\/econostrum.info\/suisse\/wp-json\/wp\/v2\/tags?post=101657"}],"curies":[{"name":"wp","href":"https:\/\/api.w.org\/{rel}","templated":true}]}}