{"id":101454,"date":"2025-02-23T18:27:00","date_gmt":"2025-02-23T17:27:00","guid":{"rendered":"https:\/\/econostrum.info\/suisse\/?p=101454"},"modified":"2025-02-23T16:24:31","modified_gmt":"2025-02-23T15:24:31","slug":"hiver-doux-suisse-temperatures-au-dessus-normales-saison","status":"publish","type":"post","link":"https:\/\/econostrum.info\/suisse\/hiver-doux-suisse-temperatures-au-dessus-normales-saison\/","title":{"rendered":"Suisse : quand l\u2019hiver devient trop chaud pour \u00eatre normal"},"content":{"rendered":"\n<p>D\u2019un point de vue \u00e9conomique, cet hiver aura \u00e9t\u00e9 favorable aux activit\u00e9s de montagne, avec des chutes de neige abondantes et un ensoleillement exceptionnel. Ces conditions ont permis aux stations de ski d\u2019enregistrer une fr\u00e9quentation importante, selon la <em><a href=\"https:\/\/www.rts.ch\/info\/suisse\/2025\/article\/hiver-doux-en-suisse-temperatures-elevees-et-tendance-a-la-hausse-28800391.html\" target=\"_blank\" rel=\"noopener\">RTS<\/a><\/em>.<\/p>\n\n\n\n<p>D\u2019un point de vue m\u00e9t\u00e9orologique, le constat est tout autre. La douceur persistante de cet hiver s\u2019inscrit dans une dynamique de r\u00e9chauffement qui ne cesse de se renforcer. <em>M\u00e9t\u00e9oSuisse<\/em> souligne que les temp\u00e9ratures observ\u00e9es cette saison s\u2019\u00e9cartent une nouvelle fois des normales de saison.<\/p>\n\n\n\n<h2 class=\"wp-block-heading\">Des temp\u00e9ratures qui s\u2019\u00e9cartent des moyennes habituelles<\/h2>\n\n\n\n<p>Cet hiver, la Suisse a connu des temp\u00e9ratures nettement sup\u00e9rieures aux normales de saison. Selon <em>M\u00e9t\u00e9oSuisse<\/em>, cette tendance ne date pas d\u2019aujourd\u2019hui et semble s\u2019installer durablement. Interrog\u00e9 par le <em>19h30 de la RTS<\/em>, Lionel Fontannaz, m\u00e9t\u00e9orologue chez <em>M\u00e9t\u00e9oSuisse<\/em>, souligne que cette r\u00e9p\u00e9tition des hivers plus chauds devient une habitude. \u00ab <em>Au fil des interviews, on s&rsquo;aper\u00e7oit qu&rsquo;on se r\u00e9p\u00e8te en disant qu&rsquo;on est souvent plus chaud que la norme. Cela devient la norme d\u2019\u00eatre plus chaud que la norme<\/em> \u00bb, a-t-il d\u00e9clar\u00e9.<\/p>\n\n\n\n<p>Les relev\u00e9s m\u00e9t\u00e9orologiques montrent que m\u00eame en ajustant la norme climatique tous les dix ans pour int\u00e9grer ces nouvelles temp\u00e9ratures, les valeurs observ\u00e9es restent au-dessus des moyennes. Cette \u00e9volution traduit un r\u00e9chauffement global qui se manifeste d\u00e9sormais de mani\u00e8re r\u00e9currente <a href=\"https:\/\/econostrum.info\/suisse\/residus-pneus-legumes-vendus-suisse\/\" data-type=\"post\" data-id=\"101436\">en Suisse<\/a>.<\/p>\n\n\n\n<h2 class=\"wp-block-heading\">Un hiver aux cons\u00e9quences multiples<\/h2>\n\n\n\n<p>Si cette douceur hivernale a profit\u00e9 au secteur du tourisme en montagne, elle soul\u00e8ve \u00e9galement des interrogations sur ses effets \u00e0 long terme. Avec un ensoleillement exceptionnel et des pr\u00e9cipitations neigeuses suffisantes en altitude, les stations de ski ont b\u00e9n\u00e9fici\u00e9 de conditions favorables. Cet hiver aurait ainsi \u00e9t\u00e9 quasiment id\u00e9al d\u2019un point de vue \u00e9conomique, comme l\u2019indique la m\u00eame source.<\/p>\n\n\n\n<p>Mais cette hausse des temp\u00e9ratures pourrait avoir des r\u00e9percussions importantes sur l\u2019\u00e9quilibre climatique et \u00e9cologique du pays. Certaines activit\u00e9s, notamment en plaine, subissent d\u00e9j\u00e0 les cons\u00e9quences de cette \u00e9volution. <em>RTS<\/em> souligne que les cycles naturels \u00e9tant modifi\u00e9s, cela pourrait affecter l\u2019agriculture, la disponibilit\u00e9 des ressources en eau et la biodiversit\u00e9 locale.<\/p>\n\n\n\n<h2 class=\"wp-block-heading\">Une tendance qui ne devrait pas s\u2019inverser<\/h2>\n\n\n\n<p>Les projections m\u00e9t\u00e9orologiques indiquent que cette tendance au r\u00e9chauffement ne devrait pas s\u2019interrompre. Selon <em>M\u00e9t\u00e9oSuisse<\/em>, le printemps prochain pourrait, sans grande surprise, \u00eatre lui aussi plus chaud que la norme. De plus, le ph\u00e9nom\u00e8ne El Ni\u00f1o, dont le retour est attendu cet \u00e9t\u00e9, devrait encore accentuer l\u2019\u00e9l\u00e9vation des temp\u00e9ratures moyennes.<\/p>\n","protected":false},"excerpt":{"rendered":"<p>L\u2019hiver 2025 en Suisse conna\u00eet des temp\u00e9ratures jusqu\u2019\u00e0 2 degr\u00e9s au-dessus des normales, une douceur profitable \u00e0 l\u2019\u00e9conomie mais pr\u00e9occupante pour les m\u00e9t\u00e9orologues.<\/p>\n","protected":false},"author":37,"featured_media":101457,"comment_status":"open","ping_status":"closed","sticky":false,"template":"","format":"standard","meta":{"footnotes":""},"categories":[19],"tags":[],"class_list":["post-101454","post","type-post","status-publish","format-standard","has-post-thumbnail","hentry","category-meteo","generate-columns","tablet-grid-50","mobile-grid-100","grid-parent","grid-33","no-featured-image-padding"],"_links":{"self":[{"href":"https:\/\/econostrum.info\/suisse\/wp-json\/wp\/v2\/posts\/101454","targetHints":{"allow":["GET"]}}],"collection":[{"href":"https:\/\/econostrum.info\/suisse\/wp-json\/wp\/v2\/posts"}],"about":[{"href":"https:\/\/econostrum.info\/suisse\/wp-json\/wp\/v2\/types\/post"}],"author":[{"embeddable":true,"href":"https:\/\/econostrum.info\/suisse\/wp-json\/wp\/v2\/users\/37"}],"replies":[{"embeddable":true,"href":"https:\/\/econostrum.info\/suisse\/wp-json\/wp\/v2\/comments?post=101454"}],"version-history":[{"count":0,"href":"https:\/\/econostrum.info\/suisse\/wp-json\/wp\/v2\/posts\/101454\/revisions"}],"wp:featuredmedia":[{"embeddable":true,"href":"https:\/\/econostrum.info\/suisse\/wp-json\/wp\/v2\/media\/101457"}],"wp:attachment":[{"href":"https:\/\/econostrum.info\/suisse\/wp-json\/wp\/v2\/media?parent=101454"}],"wp:term":[{"taxonomy":"category","embeddable":true,"href":"https:\/\/econostrum.info\/suisse\/wp-json\/wp\/v2\/categories?post=101454"},{"taxonomy":"post_tag","embeddable":true,"href":"https:\/\/econostrum.info\/suisse\/wp-json\/wp\/v2\/tags?post=101454"}],"curies":[{"name":"wp","href":"https:\/\/api.w.org\/{rel}","templated":true}]}}