{"id":101420,"date":"2025-02-21T20:59:47","date_gmt":"2025-02-21T19:59:47","guid":{"rendered":"https:\/\/econostrum.info\/suisse\/?p=101420"},"modified":"2025-02-21T20:59:48","modified_gmt":"2025-02-21T19:59:48","slug":"taux-chomage-suisse-hausse-4%e1%b5%89-trimestre","status":"publish","type":"post","link":"https:\/\/econostrum.info\/suisse\/taux-chomage-suisse-hausse-4%e1%b5%89-trimestre\/","title":{"rendered":"Le taux de ch\u00f4mage en Suisse en hausse au 4\u1d49 trimestre"},"content":{"rendered":"\n<p>Le march\u00e9 du travail suisse a connu une \u00e9volution contrast\u00e9e en fin d\u2019ann\u00e9e. Alors que le nombre d\u2019actifs occup\u00e9s a progress\u00e9 de 0,6 %, le ch\u00f4mage a augment\u00e9, atteignant 224 000 personnes sans emploi d\u2019octobre \u00e0 d\u00e9cembre 2024. Ces chiffres sont \u00e9tablis selon la d\u00e9finition du Bureau international du travail (BIT), qui inclut \u00e9galement les demandeurs d\u2019emploi non inscrits aupr\u00e8s des Offices r\u00e9gionaux de placement (ORP).<\/p>\n\n\n\n<p>Les jeunes, les femmes et les travailleurs \u00e9trangers sont les cat\u00e9gories les plus touch\u00e9es par cette hausse. Le ch\u00f4mage des jeunes de 15 \u00e0 24 ans est pass\u00e9 de 7,4 % \u00e0 8,3 % sur un an. Chez les femmes, il a progress\u00e9 de 4,2 % \u00e0 4,6 %, tandis que celui des hommes est pass\u00e9 de 3,8 % \u00e0 4,1 %. L\u2019\u00e9volution est \u00e9galement notable en fonction du niveau de formation, avec une augmentation pour les travailleurs disposant d\u2019un dipl\u00f4me de degr\u00e9 tertiaire ainsi que pour ceux sans formation postobligatoire.<\/p>\n\n\n\n<h2 class=\"wp-block-heading\">Une augmentation du ch\u00f4mage sur un an<\/h2>\n\n\n\n<p>L\u2019<a href=\"https:\/\/www.admin.ch\/gov\/fr\/accueil\/documentation\/communiques.msg-id-104213.html\" target=\"_blank\" rel=\"noopener\">Office f\u00e9d\u00e9ral de la statistique<\/a> a publi\u00e9 des chiffres montrant une hausse du ch\u00f4mage en Suisse au quatri\u00e8me trimestre 2024. En un an, le nombre de ch\u00f4meurs a augment\u00e9 de 21 000 personnes, passant de 4,0 % \u00e0 4,4 %.<\/p>\n\n\n\n<p>Le ch\u00f4mage des jeunes de 15 \u00e0 24 ans a connu une progression marqu\u00e9e, atteignant 8,3 % contre 7,4 % un an plus t\u00f4t. Cette augmentation souligne les difficult\u00e9s rencontr\u00e9es par cette tranche d\u2019\u00e2ge pour s\u2019ins\u00e9rer durablement sur le march\u00e9 du travail.<\/p>\n\n\n\n<p>Les femmes sont plus impact\u00e9es par cette hausse que les hommes. Leur taux de ch\u00f4mage est pass\u00e9 de 4,2 % \u00e0 4,6 %, tandis que celui des hommes a progress\u00e9 plus mod\u00e9r\u00e9ment, de 3,8 % \u00e0 4,1 %.<\/p>\n\n\n\n<p>Le ch\u00f4mage a \u00e9galement augment\u00e9 en fonction du niveau de formation. Pour les personnes ayant un dipl\u00f4me de degr\u00e9 tertiaire, il est pass\u00e9 de 3,0 % \u00e0 3,6 %. Ceux sans formation postobligatoire sont \u00e9galement plus touch\u00e9s, leur taux passant de 7,4 % \u00e0 7,8 %.<\/p>\n\n\n\n<h2 class=\"wp-block-heading\">Un impact plus fort chez les travailleurs \u00e9trangers<\/h2>\n\n\n\n<p>Les <a href=\"https:\/\/econostrum.info\/suisse\/travailleurs-etrangers-taxes\/\" data-type=\"post\" data-id=\"2582\">travailleurs \u00e9trangers<\/a> sont particuli\u00e8rement concern\u00e9s par cette hausse du ch\u00f4mage. Alors que le taux de ch\u00f4mage des Suisses a l\u00e9g\u00e8rement progress\u00e9, de 3,0 % \u00e0 3,1 %, celui des \u00e9trangers a connu une augmentation plus marqu\u00e9e, passant de 6,5 % \u00e0 7,4 %.<\/p>\n\n\n\n<p>Les disparit\u00e9s sont \u00e9galement visibles en fonction de l\u2019origine des travailleurs \u00e9trangers. Les ressortissants de l\u2019Union europ\u00e9enne et de l\u2019AELE affichent un taux de ch\u00f4mage de 5,8 %, tandis que celui des travailleurs issus de pays tiers atteint 11,3 %.<\/p>\n\n\n\n<p>Dans le m\u00eame temps, le nombre de travailleurs \u00e0 temps partiel a continu\u00e9 de progresser, atteignant 1,911 million au quatri\u00e8me trimestre 2024, soit 40 000 de plus que l\u2019ann\u00e9e pr\u00e9c\u00e9dente. Parmi eux, 248 000 personnes se trouvaient en situation de sous-emploi, exprimant le souhait de travailler davantage et \u00e9tant disponibles \u00e0 court terme pour le faire. Le taux de sous-emploi a n\u00e9anmoins l\u00e9g\u00e8rement recul\u00e9 sur un an, passant de 5,0 % \u00e0 4,8 %.<\/p>\n\n\n\n<h2 class=\"wp-block-heading\">Une \u00e9volution contrast\u00e9e par rapport \u00e0 l\u2019Union europ\u00e9enne<\/h2>\n\n\n\n<p>Alors que la Suisse enregistre une hausse du ch\u00f4mage, la situation est diff\u00e9rente au sein de l\u2019Union europ\u00e9enne. Selon les chiffres publi\u00e9s, le taux de ch\u00f4mage moyen dans l\u2019UE a recul\u00e9 de 6,0 % \u00e0 5,8 % sur un an. Dans la zone euro, la baisse est \u00e9galement visible, avec une diminution du taux de ch\u00f4mage de 6,5 % \u00e0 6,2 %.<\/p>\n\n\n\n<p>Toutefois, le ch\u00f4mage des jeunes continue de repr\u00e9senter un d\u00e9fi dans l\u2019Union europ\u00e9enne. Il a progress\u00e9 \u00e0 14,8 % dans l\u2019ensemble des pays membres, tandis qu\u2019il est rest\u00e9 stable dans la zone euro, \u00e0 14,5 %.<\/p>\n\n\n\n<p><\/p>\n","protected":false},"excerpt":{"rendered":"<p>Le ch\u00f4mage en Suisse a augment\u00e9 de 21 000 personnes, passant de 4,0 % \u00e0 4,4 %, touchant surtout les jeunes et les femmes, tandis qu\u2019il recule dans l\u2019UE.<\/p>\n","protected":false},"author":37,"featured_media":101428,"comment_status":"open","ping_status":"closed","sticky":false,"template":"","format":"standard","meta":{"footnotes":""},"categories":[26],"tags":[],"class_list":["post-101420","post","type-post","status-publish","format-standard","has-post-thumbnail","hentry","category-emploi","generate-columns","tablet-grid-50","mobile-grid-100","grid-parent","grid-33","no-featured-image-padding"],"_links":{"self":[{"href":"https:\/\/econostrum.info\/suisse\/wp-json\/wp\/v2\/posts\/101420","targetHints":{"allow":["GET"]}}],"collection":[{"href":"https:\/\/econostrum.info\/suisse\/wp-json\/wp\/v2\/posts"}],"about":[{"href":"https:\/\/econostrum.info\/suisse\/wp-json\/wp\/v2\/types\/post"}],"author":[{"embeddable":true,"href":"https:\/\/econostrum.info\/suisse\/wp-json\/wp\/v2\/users\/37"}],"replies":[{"embeddable":true,"href":"https:\/\/econostrum.info\/suisse\/wp-json\/wp\/v2\/comments?post=101420"}],"version-history":[{"count":0,"href":"https:\/\/econostrum.info\/suisse\/wp-json\/wp\/v2\/posts\/101420\/revisions"}],"wp:featuredmedia":[{"embeddable":true,"href":"https:\/\/econostrum.info\/suisse\/wp-json\/wp\/v2\/media\/101428"}],"wp:attachment":[{"href":"https:\/\/econostrum.info\/suisse\/wp-json\/wp\/v2\/media?parent=101420"}],"wp:term":[{"taxonomy":"category","embeddable":true,"href":"https:\/\/econostrum.info\/suisse\/wp-json\/wp\/v2\/categories?post=101420"},{"taxonomy":"post_tag","embeddable":true,"href":"https:\/\/econostrum.info\/suisse\/wp-json\/wp\/v2\/tags?post=101420"}],"curies":[{"name":"wp","href":"https:\/\/api.w.org\/{rel}","templated":true}]}}