{"id":101402,"date":"2025-02-21T13:40:34","date_gmt":"2025-02-21T12:40:34","guid":{"rendered":"https:\/\/econostrum.info\/suisse\/?p=101402"},"modified":"2025-02-21T13:40:36","modified_gmt":"2025-02-21T12:40:36","slug":"suisse-reforme-teletravail-ce-qui-pourrait-changer-salaries","status":"publish","type":"post","link":"https:\/\/econostrum.info\/suisse\/suisse-reforme-teletravail-ce-qui-pourrait-changer-salaries\/","title":{"rendered":"La Suisse envisage une r\u00e9forme du t\u00e9l\u00e9travail : ce qui pourrait changer pour les salari\u00e9s"},"content":{"rendered":"\n<p>Depuis la pand\u00e9mie, le t\u00e9l\u00e9travail s\u2019est impos\u00e9 en Suisse, avec plus d\u2019un tiers des travailleurs l\u2019adoptant de mani\u00e8re occasionnelle ou r\u00e9guli\u00e8re, selon <a href=\"https:\/\/www.watson.ch\/fr\/economie\/tele-travail\/549260451-les-regles-sur-le-tele-travail-pourraient-changer-en-suisse\" target=\"_blank\" rel=\"noopener\"><em>Watson<\/em><\/a>. Avant la crise sanitaire, seuls 25 % des actifs pratiquaient le travail \u00e0 domicile. Cette \u00e9volution a mis en \u00e9vidence des incoh\u00e9rences dans la l\u00e9gislation actuelle, notamment sur la mani\u00e8re dont sont comptabilis\u00e9es les heures de travail et les pauses au domicile des employ\u00e9s.<\/p>\n\n\n\n<p>Pour r\u00e9pondre \u00e0 ces enjeux, la Commission de l\u2019\u00e9conomie du Conseil national propose une s\u00e9rie de modifications l\u00e9gales. Ces ajustements visent \u00e0 mieux encadrer le travail \u00e0 domicile tout en accordant plus de flexibilit\u00e9 aux employ\u00e9s. L\u2019objectif affich\u00e9 par les d\u00e9fenseurs de cette r\u00e9forme est d\u2019\u00e9viter que des activit\u00e9s quotidiennes, comme emmener un enfant \u00e0 la cr\u00e8che ou faire du sport l\u2019apr\u00e8s-midi, ne conduisent \u00e0 une violation des plages horaires autoris\u00e9es.<\/p>\n\n\n\n<h2 class=\"wp-block-heading\">Une r\u00e9forme critiqu\u00e9e pour ses effets sur la sant\u00e9 et les conditions de travail<\/h2>\n\n\n\n<p>Parmi les principales modifications propos\u00e9es, la dur\u00e9e quotidienne maximale de travail pourrait passer <strong>de 14 \u00e0 17 heures<\/strong>, tandis que le temps de repos obligatoire serait r\u00e9duit <strong>de 11 \u00e0 9 heures<\/strong>, indique la m\u00eame source. De plus, la r\u00e9vision pr\u00e9voit que certains travailleurs puissent travailler le dimanche sans autorisation, dans la limite de neuf dimanches par an et pour cinq heures maximum \u00e0 chaque fois.<\/p>\n\n\n\n<p>L\u2019Union syndicale suisse et la Soci\u00e9t\u00e9 de m\u00e9decine du travail de l\u2019Association des m\u00e9decins s\u2019opposent \u00e0 ces changements, alertant sur une hausse des absences pour maladie et une augmentation du stress li\u00e9 \u00e0 la confusion entre travail et loisirs.<\/p>\n\n\n\n<p> Luca Cirigliano, secr\u00e9taire central de l\u2019Union syndicale suisse, critique \u00e9galement la possibilit\u00e9 pour les employeurs de r\u00e9percuter certaines d\u00e9penses li\u00e9es au t\u00e9l\u00e9travail sur les employ\u00e9s si un poste de travail est disponible en entreprise. Il estime que cela pourrait ouvrir une \u00ab bo\u00eete de Pandore \u00bb, menant \u00e0 une d\u00e9t\u00e9rioration des conditions de travail.<\/p>\n\n\n\n<h2 class=\"wp-block-heading\">Une opposition politique marqu\u00e9e<\/h2>\n\n\n\n<p>Face \u00e0 ces critiques, Thierry Burkart, pr\u00e9sident du Parti lib\u00e9ral-radical (PLR) et initiateur de la motion sur le t\u00e9l\u00e9travail avant la pand\u00e9mie, r\u00e9fute les arguments des syndicats. Il affirme, dans des propos rapport\u00e9s par Watson, que ces inqui\u00e9tudes sont infond\u00e9es et que la r\u00e9forme ne vise pas \u00e0 forcer les employ\u00e9s \u00e0 t\u00e9l\u00e9travailler, mais \u00e0 leur offrir plus de souplesse dans l\u2019organisation de leurs journ\u00e9es. <\/p>\n\n\n\n<p>Selon lui, la nouvelle loi permettrait \u00ab<em> de mieux concilier vie professionnelle et vie familiale<\/em>, <em>sans faire quelque chose d&rsquo;ill\u00e9gal parce qu&rsquo;ils r\u00e9pondent bri\u00e8vement \u00e0 un message le soir ou consacrent une heure le dimanche \u00e0 une pr\u00e9sentation pour le lundi<\/em> \u00bb.<\/p>\n\n\n\n<p>Sur la question des frais professionnels, il rappelle qu\u2019une jurisprudence du Tribunal f\u00e9d\u00e9ral prot\u00e8ge d\u00e9j\u00e0 les employ\u00e9s contre une r\u00e9percussion abusive des co\u00fbts li\u00e9s au travail \u00e0 domicile. Il estime que les syndicats exag\u00e8rent la port\u00e9e des changements propos\u00e9s, et rejette toute id\u00e9e de pr\u00e9carisation des travailleurs.<\/p>\n\n\n\n<p>Malgr\u00e9 ces assurances, la r\u00e9forme continue de diviser. L\u2019Union syndicale suisse entend s\u2019opposer fermement aux modifications envisag\u00e9es, estimant qu\u2019elles pourraient affaiblir les droits des travailleurs et augmenter la pression sur leur sant\u00e9. Le d\u00e9bat se poursuivra au Conseil national, o\u00f9 chaque camp entend d\u00e9fendre sa vision du t\u00e9l\u00e9travail en Suisse.<\/p>\n","protected":false},"excerpt":{"rendered":"<p>Le Conseil national veut assouplir le t\u00e9l\u00e9travail, mais les syndicats d\u00e9noncent une pression accrue sur les travailleurs.<\/p>\n","protected":false},"author":37,"featured_media":101407,"comment_status":"open","ping_status":"closed","sticky":false,"template":"","format":"standard","meta":{"footnotes":""},"categories":[26],"tags":[],"class_list":["post-101402","post","type-post","status-publish","format-standard","has-post-thumbnail","hentry","category-emploi","generate-columns","tablet-grid-50","mobile-grid-100","grid-parent","grid-33","no-featured-image-padding"],"_links":{"self":[{"href":"https:\/\/econostrum.info\/suisse\/wp-json\/wp\/v2\/posts\/101402","targetHints":{"allow":["GET"]}}],"collection":[{"href":"https:\/\/econostrum.info\/suisse\/wp-json\/wp\/v2\/posts"}],"about":[{"href":"https:\/\/econostrum.info\/suisse\/wp-json\/wp\/v2\/types\/post"}],"author":[{"embeddable":true,"href":"https:\/\/econostrum.info\/suisse\/wp-json\/wp\/v2\/users\/37"}],"replies":[{"embeddable":true,"href":"https:\/\/econostrum.info\/suisse\/wp-json\/wp\/v2\/comments?post=101402"}],"version-history":[{"count":0,"href":"https:\/\/econostrum.info\/suisse\/wp-json\/wp\/v2\/posts\/101402\/revisions"}],"wp:featuredmedia":[{"embeddable":true,"href":"https:\/\/econostrum.info\/suisse\/wp-json\/wp\/v2\/media\/101407"}],"wp:attachment":[{"href":"https:\/\/econostrum.info\/suisse\/wp-json\/wp\/v2\/media?parent=101402"}],"wp:term":[{"taxonomy":"category","embeddable":true,"href":"https:\/\/econostrum.info\/suisse\/wp-json\/wp\/v2\/categories?post=101402"},{"taxonomy":"post_tag","embeddable":true,"href":"https:\/\/econostrum.info\/suisse\/wp-json\/wp\/v2\/tags?post=101402"}],"curies":[{"name":"wp","href":"https:\/\/api.w.org\/{rel}","templated":true}]}}