{"id":101319,"date":"2025-02-18T16:11:04","date_gmt":"2025-02-18T15:11:04","guid":{"rendered":"https:\/\/econostrum.info\/suisse\/?p=101319"},"modified":"2025-02-18T16:11:06","modified_gmt":"2025-02-18T15:11:06","slug":"coop-migros-accuses-polluer-compost-neuf-communes-vaudoises","status":"publish","type":"post","link":"https:\/\/econostrum.info\/suisse\/coop-migros-accuses-polluer-compost-neuf-communes-vaudoises\/","title":{"rendered":"Coop et Migros accus\u00e9s de polluer le compost de ces neuf communes vaudoises"},"content":{"rendered":"\n<p>Dans les communes de <strong>Montreux, Vevey, Veytaux et La Tour-de-Peilz<\/strong>, <strong>98 % des biod\u00e9chets collect\u00e9s en porte-\u00e0-porte<\/strong> sont consid\u00e9r\u00e9s comme <strong>souill\u00e9s<\/strong>, rapporte 20 minutes. Cette contamination est principalement attribu\u00e9e aux sacs plastiques, souvent utilis\u00e9s par les habitants pour y jeter leurs d\u00e9chets organiques. Or, ces biod\u00e9chets sont cens\u00e9s \u00eatre transform\u00e9s en compost pour les jardins et les cultures.<\/p>\n\n\n\n<p>Outre l\u2019impact environnemental, cette pollution repr\u00e9sente un <strong>co\u00fbt \u00e9lev\u00e9<\/strong> pour les municipalit\u00e9s. Lorsque les d\u00e9chets organiques sont propres, leur traitement est factur\u00e9 <strong>130 francs par tonne<\/strong>. Mais si la pr\u00e9sence de plastique les rend impropres au compostage, ce co\u00fbt grimpe \u00e0 <strong>250 francs<\/strong>, entra\u00eenant une d\u00e9pense suppl\u00e9mentaire de <strong>165 000 francs<\/strong> pour les quatre communes concern\u00e9es en <strong>2024<\/strong>.<\/p>\n\n\n\n<h2 class=\"wp-block-heading\">Les distributeurs refusent de retirer les sacs plastiques<\/h2>\n\n\n\n<p>Estimant que la <strong>sensibilisation des citoyens<\/strong> n\u2019a pas suffi \u00e0 enrayer le probl\u00e8me, les municipalit\u00e9s ont adress\u00e9 une lettre aux <strong>grandes enseignes<\/strong>, demandant la suppression des <strong>sachets plastiques en libre acc\u00e8s<\/strong> dans les rayons fruits et l\u00e9gumes. L\u2019objectif est de limiter leur usage afin de r\u00e9duire la pollution des biod\u00e9chets.<\/p>\n\n\n\n<p>Contact\u00e9s par nos confr\u00e8res de <em>24 heures<\/em>, <strong><a href=\"https:\/\/econostrum.info\/suisse\/migros-hausse-chiffre-daffaires-ecommerce\/\" data-type=\"post\" data-id=\"100435\">Migros<\/a>, Denner et Coop<\/strong> se disent conscients de cette probl\u00e9matique. <strong>Toutefois, ils ne pr\u00e9voient pas de supprimer ces sacs plastiques<\/strong>, maintenant leur pr\u00e9sence malgr\u00e9 les demandes des autorit\u00e9s locales. Les municipalit\u00e9s se retrouvent donc face \u00e0 un <strong>blocage<\/strong>, tandis que les co\u00fbts li\u00e9s au traitement des d\u00e9chets ne cessent d\u2019augmenter.<\/p>\n\n\n\n<p><\/p>\n","protected":false},"excerpt":{"rendered":"<p>Les biod\u00e9chets de la Riviera vaudoise sont largement contamin\u00e9s par des sacs plastiques, compromettant leur transformation en compost. Face \u00e0 cette situation, les municipalit\u00e9s de neuf communes interpellent directement Coop et Migros, pointant du doigt les sacs plastiques en libre acc\u00e8s dans leurs rayons.<\/p>\n","protected":false},"author":37,"featured_media":101320,"comment_status":"open","ping_status":"closed","sticky":false,"template":"","format":"standard","meta":{"footnotes":""},"categories":[25],"tags":[],"class_list":["post-101319","post","type-post","status-publish","format-standard","has-post-thumbnail","hentry","category-conso","generate-columns","tablet-grid-50","mobile-grid-100","grid-parent","grid-33","no-featured-image-padding"],"_links":{"self":[{"href":"https:\/\/econostrum.info\/suisse\/wp-json\/wp\/v2\/posts\/101319","targetHints":{"allow":["GET"]}}],"collection":[{"href":"https:\/\/econostrum.info\/suisse\/wp-json\/wp\/v2\/posts"}],"about":[{"href":"https:\/\/econostrum.info\/suisse\/wp-json\/wp\/v2\/types\/post"}],"author":[{"embeddable":true,"href":"https:\/\/econostrum.info\/suisse\/wp-json\/wp\/v2\/users\/37"}],"replies":[{"embeddable":true,"href":"https:\/\/econostrum.info\/suisse\/wp-json\/wp\/v2\/comments?post=101319"}],"version-history":[{"count":0,"href":"https:\/\/econostrum.info\/suisse\/wp-json\/wp\/v2\/posts\/101319\/revisions"}],"wp:featuredmedia":[{"embeddable":true,"href":"https:\/\/econostrum.info\/suisse\/wp-json\/wp\/v2\/media\/101320"}],"wp:attachment":[{"href":"https:\/\/econostrum.info\/suisse\/wp-json\/wp\/v2\/media?parent=101319"}],"wp:term":[{"taxonomy":"category","embeddable":true,"href":"https:\/\/econostrum.info\/suisse\/wp-json\/wp\/v2\/categories?post=101319"},{"taxonomy":"post_tag","embeddable":true,"href":"https:\/\/econostrum.info\/suisse\/wp-json\/wp\/v2\/tags?post=101319"}],"curies":[{"name":"wp","href":"https:\/\/api.w.org\/{rel}","templated":true}]}}