{"id":101288,"date":"2025-02-14T17:01:00","date_gmt":"2025-02-14T16:01:00","guid":{"rendered":"https:\/\/econostrum.info\/suisse\/?p=101288"},"modified":"2025-02-14T16:38:16","modified_gmt":"2025-02-14T15:38:16","slug":"meteo-suisse-soleil-retour-week-end-romandie","status":"publish","type":"post","link":"https:\/\/econostrum.info\/suisse\/meteo-suisse-soleil-retour-week-end-romandie\/","title":{"rendered":"M\u00e9t\u00e9o en Suisse : le soleil fait son retour ce week-end en Romandie apr\u00e8s une p\u00e9riode grise"},"content":{"rendered":"\n<p>Ces derniers jours, la m\u00e9t\u00e9o en Suisse romande a \u00e9t\u00e9 qualifi\u00e9e d\u2019<strong>\u00ab\u00a0inutile\u00a0\u00bb<\/strong> par <em>M\u00e9t\u00e9oSuisse<\/em> en raison de l\u2019alternance de pr\u00e9cipitations et de temps couvert. Depuis vendredi, la situation \u00e9volue avec <strong>l\u2019influence des hautes pressions<\/strong> et l\u2019installation d\u2019un courant de bise. <\/p>\n\n\n\n<p>Cela favorise un <strong>ciel globalement d\u00e9gag\u00e9<\/strong> malgr\u00e9 la pr\u00e9sence de stratus sur le Plateau en matin\u00e9e. Ce ph\u00e9nom\u00e8ne, courant en hiver, tend \u00e0 se dissiper au fil de la journ\u00e9e, laissant place \u00e0 un <strong>week-end ensoleill\u00e9<\/strong>.<\/p>\n\n\n\n<h2 class=\"wp-block-heading\">Une m\u00e9t\u00e9o id\u00e9ales pour le ski en altitude<\/h2>\n\n\n\n<p>Ce retour du beau temps s\u2019accompagne de <strong>bonnes nouvelles pour les skieurs<\/strong>. Les r\u00e9centes chutes de neige, bien que modestes, ont apport\u00e9 <strong>quelques centim\u00e8tres suppl\u00e9mentaires au-dessus de 1500 m\u00e8tres<\/strong>. Ces conditions permettent aux stations de proposer un enneigement satisfaisant. De plus, <strong>les temp\u00e9ratures en altitude resteront fra\u00eeches mais l\u00e9g\u00e8rement plus douces qu\u2019en plaine<\/strong>, favorisant ainsi la pratique des sports d\u2019hiver dans de bonnes conditions.<\/p>\n\n\n\n<h2 class=\"wp-block-heading\">Une douceur relative attendue en d\u00e9but de semaine prochaine<\/h2>\n\n\n\n<p>La tendance m\u00e9t\u00e9orologique devrait se prolonger en d\u00e9but de semaine avec des <strong>conditions globalement anticycloniques<\/strong>. Toutefois, <strong>des passages nuageux<\/strong> sont attendus sans pr\u00e9cipitations notables. Un <strong>l\u00e9ger r\u00e9chauffement<\/strong> est pr\u00e9vu en montagne sous l\u2019effet d\u2019un courant de sud-ouest, tandis qu\u2019en plaine, les temp\u00e9ratures maximales oscilleront <strong>entre 4 et 7 degr\u00e9s<\/strong> selon les r\u00e9gions.<\/p>\n","protected":false},"excerpt":{"rendered":"<p>Apr\u00e8s plusieurs jours marqu\u00e9s par la grisaille et la pluie, le soleil revient enfin en Suisse romande. Ce changement est d\u00fb \u00e0 l\u2019installation d\u2019un anticyclone qui garantit un ciel d\u00e9gag\u00e9 et des temp\u00e9ratures froides mais stables. Une am\u00e9lioration bienvenue pour les amateurs de ski et les habitants qui attendaient une \u00e9claircie apr\u00e8s une p\u00e9riode jug\u00e9e maussade.<\/p>\n","protected":false},"author":37,"featured_media":101290,"comment_status":"open","ping_status":"closed","sticky":false,"template":"","format":"standard","meta":{"footnotes":""},"categories":[19],"tags":[],"class_list":["post-101288","post","type-post","status-publish","format-standard","has-post-thumbnail","hentry","category-meteo","generate-columns","tablet-grid-50","mobile-grid-100","grid-parent","grid-33","no-featured-image-padding"],"_links":{"self":[{"href":"https:\/\/econostrum.info\/suisse\/wp-json\/wp\/v2\/posts\/101288","targetHints":{"allow":["GET"]}}],"collection":[{"href":"https:\/\/econostrum.info\/suisse\/wp-json\/wp\/v2\/posts"}],"about":[{"href":"https:\/\/econostrum.info\/suisse\/wp-json\/wp\/v2\/types\/post"}],"author":[{"embeddable":true,"href":"https:\/\/econostrum.info\/suisse\/wp-json\/wp\/v2\/users\/37"}],"replies":[{"embeddable":true,"href":"https:\/\/econostrum.info\/suisse\/wp-json\/wp\/v2\/comments?post=101288"}],"version-history":[{"count":0,"href":"https:\/\/econostrum.info\/suisse\/wp-json\/wp\/v2\/posts\/101288\/revisions"}],"wp:featuredmedia":[{"embeddable":true,"href":"https:\/\/econostrum.info\/suisse\/wp-json\/wp\/v2\/media\/101290"}],"wp:attachment":[{"href":"https:\/\/econostrum.info\/suisse\/wp-json\/wp\/v2\/media?parent=101288"}],"wp:term":[{"taxonomy":"category","embeddable":true,"href":"https:\/\/econostrum.info\/suisse\/wp-json\/wp\/v2\/categories?post=101288"},{"taxonomy":"post_tag","embeddable":true,"href":"https:\/\/econostrum.info\/suisse\/wp-json\/wp\/v2\/tags?post=101288"}],"curies":[{"name":"wp","href":"https:\/\/api.w.org\/{rel}","templated":true}]}}