{"id":101274,"date":"2025-02-15T09:28:00","date_gmt":"2025-02-15T08:28:00","guid":{"rendered":"https:\/\/econostrum.info\/suisse\/?p=101274"},"modified":"2025-02-14T16:05:05","modified_gmt":"2025-02-14T15:05:05","slug":"cambriolages-hausse-frontieres-suisses","status":"publish","type":"post","link":"https:\/\/econostrum.info\/suisse\/cambriolages-hausse-frontieres-suisses\/","title":{"rendered":"Forte hausse des cambriolages en hausse aux fronti\u00e8res suisses"},"content":{"rendered":"\n<p>Dans la r\u00e9gion de <strong>R\u00fcthi (SG)<\/strong>, situ\u00e9e \u00e0 seulement <strong>400 m\u00e8tres<\/strong> de la fronti\u00e8re autrichienne, les habitants et les entrepreneurs sont confront\u00e9s \u00e0 une <strong>mont\u00e9e en fl\u00e8che des cambriolages<\/strong>. Selon <em><strong>Blick<\/strong><\/em>, Marcel Palfner, un entrepreneur de <strong>53 ans<\/strong> sp\u00e9cialis\u00e9 dans la vente de produits pour dentistes, en a fait les frais en janvier dernier. \u00c0 son arriv\u00e9e au travail un lundi matin, il d\u00e9couvre une<strong> fen\u00eatre d\u00e9mont\u00e9e<\/strong> et un <strong>entrep\u00f4t saccag\u00e9<\/strong>. Les <strong>d\u00e9g\u00e2ts s\u2019\u00e9l\u00e8vent \u00e0 20 000 francs<\/strong>.<\/p>\n\n\n\n<p>Loin d\u2019\u00eatre un cas isol\u00e9, cette attaque s\u2019inscrit dans une <strong>vague de cambriolages<\/strong> touchant l\u2019ensemble de la r\u00e9gion frontali\u00e8re de <strong>Saint-Gall<\/strong>. Entre <strong>septembre 2024 et f\u00e9vrier 2025<\/strong>, la <strong>police cantonale<\/strong> a recens\u00e9 plus de <strong>100 cambriolages<\/strong> sur cette zone, couvrant des infractions allant du vol dans des voitures et des habitations aux tentatives d\u2019effraction dans des b\u00e2timents industriels. <strong>Sur un p\u00e9rim\u00e8tre plus large<\/strong>, du <strong>Lac de Constance<\/strong> \u00e0 <strong>Werdenberg-Sarganserland<\/strong>, <strong>347 infractions<\/strong> ont \u00e9t\u00e9 signal\u00e9es sur la m\u00eame p\u00e9riode, soit <strong>31 % de plus<\/strong> que l\u2019ann\u00e9e pr\u00e9c\u00e9dente.<\/p>\n\n\n\n<h2 class=\"wp-block-heading\">Des bandes organis\u00e9es qui op\u00e8rent sans crainte<\/h2>\n\n\n\n<p>Apr\u00e8s avoir \u00e9t\u00e9 victime d\u2019un cambriolage, <strong>Marcel Palfner<\/strong> d\u00e9cide de renforcer la s\u00e9curit\u00e9 de son entreprise en installant <strong>une cam\u00e9ra de surveillance<\/strong>, rapporte le m\u00e9dia <em>Blick<\/em>. Quelques semaines plus tard, elle enregistre la pr\u00e9sence <strong>de quatre hommes cagoul\u00e9s et munis de lampes de poche<\/strong> r\u00f4dant autour de son entrep\u00f4t, peu avant minuit. <strong>Loin d\u2019\u00eatre effray\u00e9s par la cam\u00e9ra,<\/strong> ils \u00e9clairent m\u00eame directement son objectif, comme s\u2019ils connaissaient les limites des dispositifs de surveillance.<\/p>\n\n\n\n<p>Selon Hanspeter Kr\u00fcsi, porte-parole de la<strong> <\/strong>police cantonale de Saint-Gall, ces cambriolages sont <strong>majoritairement l\u2019\u0153uvre de bandes organis\u00e9es transfrontali\u00e8res<\/strong>. Elles profitent de la <strong>proximit\u00e9 imm\u00e9diate des <a href=\"https:\/\/econostrum.info\/suisse\/changement-frontiere-franco-suisse\/\" data-type=\"post\" data-id=\"4731\">fronti\u00e8res<\/a><\/strong> et de la <strong>faible surveillance<\/strong> des points de passage pour agir rapidement. \u00c0 <strong>R\u00fcthi<\/strong>, par exemple, les cambrioleurs traversent un<strong> <\/strong>pont pour atteindre la zone industrielle et empruntent des <strong>chemins de campagne peu surveill\u00e9s<\/strong> pour fuir sans \u00eatre rep\u00e9r\u00e9s.<\/p>\n\n\n\n<h2 class=\"wp-block-heading\">Une r\u00e9ponse polici\u00e8re limit\u00e9e face \u00e0 l\u2019ampleur du ph\u00e9nom\u00e8ne<\/h2>\n\n\n\n<p>Face \u00e0 cette recrudescence, les forces de l\u2019ordre tentent de <strong>renforcer leur pr\u00e9sence<\/strong>, notamment en hiver, par <strong>des contr\u00f4les aux abords des immeubles<\/strong>. Certains policiers patrouillent en <strong>v\u00e9hicules civils<\/strong>, rendant leur pr\u00e9sence moins visible, ce qui peut donner l\u2019impression d\u2019une surveillance insuffisante. <strong>Mais ces efforts restent limit\u00e9s<\/strong>, reconna\u00eet <strong>Hanspeter Kr\u00fcsi<\/strong> : \u00ab <em>il n&rsquo;est pas possible d&rsquo;\u00eatre sur tous les fronts<\/em> \u00bb.<\/p>\n\n\n\n<p>Dans la <strong>zone industrielle de R\u00fcthi<\/strong>, les <strong>postes fronti\u00e8res sont d\u00e9crits comme \u201cmorts\u201d<\/strong>, facilitant le passage rapide des criminels. Face \u00e0 ce constat, Marcel Palfner et d\u2019autres entrepreneurs r\u00e9clament une<strong> pr\u00e9sence polici\u00e8re renforc\u00e9e<\/strong> pour dissuader ces bandes organis\u00e9es. En attendant, la<strong> police cantonale propose des conseils gratuits<\/strong> aux habitants et aux entreprises pour am\u00e9liorer leur s\u00e9curit\u00e9 et limiter les risques de nouvelles infractions.<\/p>\n","protected":false},"excerpt":{"rendered":"<p>Les cambriolages se multiplient dans les zones frontali\u00e8res suisses, en particulier dans le canton de Saint-Gall. En quelques mois, des bandes organis\u00e9es venues de l\u2019\u00e9tranger ont pris pour cible des entreprises, des habitations et des v\u00e9hicules. Les victimes se disent d\u00e9munies, tandis que les forces de l\u2019ordre admettent leurs limites face \u00e0 ce ph\u00e9nom\u00e8ne en pleine expansion.<\/p>\n","protected":false},"author":37,"featured_media":101276,"comment_status":"open","ping_status":"closed","sticky":false,"template":"","format":"standard","meta":{"footnotes":""},"categories":[25],"tags":[],"class_list":["post-101274","post","type-post","status-publish","format-standard","has-post-thumbnail","hentry","category-conso","generate-columns","tablet-grid-50","mobile-grid-100","grid-parent","grid-33","no-featured-image-padding"],"_links":{"self":[{"href":"https:\/\/econostrum.info\/suisse\/wp-json\/wp\/v2\/posts\/101274","targetHints":{"allow":["GET"]}}],"collection":[{"href":"https:\/\/econostrum.info\/suisse\/wp-json\/wp\/v2\/posts"}],"about":[{"href":"https:\/\/econostrum.info\/suisse\/wp-json\/wp\/v2\/types\/post"}],"author":[{"embeddable":true,"href":"https:\/\/econostrum.info\/suisse\/wp-json\/wp\/v2\/users\/37"}],"replies":[{"embeddable":true,"href":"https:\/\/econostrum.info\/suisse\/wp-json\/wp\/v2\/comments?post=101274"}],"version-history":[{"count":0,"href":"https:\/\/econostrum.info\/suisse\/wp-json\/wp\/v2\/posts\/101274\/revisions"}],"wp:featuredmedia":[{"embeddable":true,"href":"https:\/\/econostrum.info\/suisse\/wp-json\/wp\/v2\/media\/101276"}],"wp:attachment":[{"href":"https:\/\/econostrum.info\/suisse\/wp-json\/wp\/v2\/media?parent=101274"}],"wp:term":[{"taxonomy":"category","embeddable":true,"href":"https:\/\/econostrum.info\/suisse\/wp-json\/wp\/v2\/categories?post=101274"},{"taxonomy":"post_tag","embeddable":true,"href":"https:\/\/econostrum.info\/suisse\/wp-json\/wp\/v2\/tags?post=101274"}],"curies":[{"name":"wp","href":"https:\/\/api.w.org\/{rel}","templated":true}]}}